{"id":337241,"date":"2021-05-12T21:28:03","date_gmt":"2021-05-12T18:28:03","guid":{"rendered":"https:\/\/arantv.az\/?p=337241"},"modified":"2021-05-12T21:28:03","modified_gmt":"2021-05-12T18:28:03","slug":"prezident-susa-yaradiciliq-m%c9%99rk%c9%99zinin-yerl%c9%99s%c9%99c%c9%99yi-bina-il%c9%99-tanis-olub","status":"publish","type":"post","link":"https:\/\/arantv.az\/?p=337241","title":{"rendered":"Prezident \u015eu\u015fa Yarad\u0131c\u0131l\u0131q M\u0259rk\u0259zinin yerl\u0259\u015f\u0259c\u0259yi bina il\u0259 tan\u0131\u015f olub"},"content":{"rendered":"<p>Az\u0259rbaycan Respublikas\u0131n\u0131n Prezidenti \u0130lham \u018fliyev, Birinci vitse-prezident Mehriban \u018fliyeva, q\u0131zlar\u0131 Leyla \u018fliyeva v\u0259 Arzu \u018fliyeva may\u0131n 12-d\u0259 \u015eu\u015fa Yarad\u0131c\u0131l\u0131q M\u0259rk\u0259zinin yerl\u0259\u015f\u0259c\u0259yi bina il\u0259 tan\u0131\u015f olublar.<\/p>\n<div id=\"AdviadNativeVideo0\" class=\"AdviadNativeVideo\"><\/div>\n<p><a href=\"https:\/\/azertag.az\/\" target=\"_blank\" rel=\"noopener\">AZ\u018fRTAC<\/a>\u00a0x\u0259b\u0259r verir ki, d\u00f6vl\u0259timizin ba\u015f\u00e7\u0131s\u0131 \u0130lham \u018fliyev\u0259 v\u0259 Birinci vitse-prezident\u00a0Mehriban \u018fliyevaya m\u0259rk\u0259zd\u0259 g\u00f6r\u00fcl\u0259c\u0259k i\u015fl\u0259r bar\u0259d\u0259 m\u0259lumat verildi.<\/p>\n<p>Bildirildi ki, bu binada A\u011fa Q\u0259hr\u0259man Mirsiyab o\u011flunun Karvansaras\u0131 yerl\u0259\u015fib. \u00d6lk\u0259 \u0259h\u0259miyy\u0259tli memarl\u0131q abid\u0259si XVIII \u0259sr\u0259 aiddir. D\u00f6vl\u0259timizin ba\u015f\u00e7\u0131s\u0131 g\u00f6r\u00fcl\u0259c\u0259k i\u015fl\u0259rl\u0259 ba\u011fl\u0131 tap\u015f\u0131r\u0131qlar\u0131n\u0131 verdi.<\/p>\n","protected":false},"excerpt":{"rendered":"<p>Az\u0259rbaycan Respublikas\u0131n\u0131n Prezidenti \u0130lham \u018fliyev, Birinci vitse-prezident Mehriban \u018fliyeva, q\u0131zlar\u0131 Leyla \u018fliyeva v\u0259 Arzu \u018fliyeva may\u0131n 12-d\u0259 \u015eu\u015fa Yarad\u0131c\u0131l\u0131q M\u0259rk\u0259zinin yerl\u0259\u015f\u0259c\u0259yi bina il\u0259 tan\u0131\u015f olublar. AZ\u018fRTAC\u00a0x\u0259b\u0259r verir ki, d\u00f6vl\u0259timizin ba\u015f\u00e7\u0131s\u0131 \u0130lham \u018fliyev\u0259 v\u0259 Birinci vitse-prezident\u00a0Mehriban \u018fliyevaya m\u0259rk\u0259zd\u0259 g\u00f6r\u00fcl\u0259c\u0259k i\u015fl\u0259r bar\u0259d\u0259 m\u0259lumat verildi. Bildirildi ki, bu binada A\u011fa Q\u0259hr\u0259man Mirsiyab o\u011flunun Karvansaras\u0131 yerl\u0259\u015fib. \u00d6lk\u0259 \u0259h\u0259miyy\u0259tli memarl\u0131q abid\u0259si XVIII \u0259sr\u0259 aiddir. D\u00f6vl\u0259timizin ba\u015f\u00e7\u0131s\u0131 g\u00f6r\u00fcl\u0259c\u0259k i\u015fl\u0259rl\u0259 ba\u011fl\u0131 tap\u015f\u0131r\u0131qlar\u0131n\u0131 verdi.<\/p>\n","protected":false},"author":2,"featured_media":337242,"comment_status":"closed","ping_status":"closed","sticky":false,"template":"","format":"standard","meta":{"om_disable_all_campaigns":false,"_monsterinsights_skip_tracking":false,"_monsterinsights_sitenote_active":false,"_monsterinsights_sitenote_note":"","_monsterinsights_sitenote_category":0},"categories":[4],"tags":[],"aioseo_notices":[],"gutentor_comment":0,"rttpg_featured_image_url":{"full":["https:\/\/arantv.az\/wp-content\/uploads\/2021\/05\/16208367466270431938_1000x669.jpg",620,435,false],"landscape":["https:\/\/arantv.az\/wp-content\/uploads\/2021\/05\/16208367466270431938_1000x669.jpg",620,435,false],"portraits":["https:\/\/arantv.az\/wp-content\/uploads\/2021\/05\/16208367466270431938_1000x669.jpg",620,435,false],"thumbnail":["https:\/\/arantv.az\/wp-content\/uploads\/2021\/05\/16208367466270431938_1000x669-500x280.jpg",500,280,true],"medium":["https:\/\/arantv.az\/wp-content\/uploads\/2021\/05\/16208367466270431938_1000x669-520x365.jpg",520,365,true],"large":["https:\/\/arantv.az\/wp-content\/uploads\/2021\/05\/16208367466270431938_1000x669.jpg",620,435,false],"1536x1536":["https:\/\/arantv.az\/wp-content\/uploads\/2021\/05\/16208367466270431938_1000x669.jpg",620,435,false],"2048x2048":["https:\/\/arantv.az\/wp-content\/uploads\/2021\/05\/16208367466270431938_1000x669.jpg",620,435,false],"post-thumbnail":["https:\/\/arantv.az\/wp-content\/uploads\/2021\/05\/16208367466270431938_1000x669-240x172.jpg",240,172,true],"advps-thumb-one":["https:\/\/arantv.az\/wp-content\/uploads\/2021\/05\/16208367466270431938_1000x669.jpg",620,435,false]},"rttpg_author":{"display_name":"V\u00fcsal Rafiqo\u011flu","author_link":"https:\/\/arantv.az\/?author=2"},"rttpg_comment":0,"rttpg_category":"<a href=\"https:\/\/arantv.az\/?cat=4\" rel=\"category\">Siyas\u0259t<\/a>","rttpg_excerpt":"Az\u0259rbaycan Respublikas\u0131n\u0131n Prezidenti \u0130lham \u018fliyev, Birinci vitse-prezident Mehriban \u018fliyeva, q\u0131zlar\u0131 Leyla \u018fliyeva v\u0259 Arzu \u018fliyeva may\u0131n 12-d\u0259 \u015eu\u015fa Yarad\u0131c\u0131l\u0131q M\u0259rk\u0259zinin yerl\u0259\u015f\u0259c\u0259yi bina il\u0259 tan\u0131\u015f olublar. AZ\u018fRTAC\u00a0x\u0259b\u0259r verir ki, d\u00f6vl\u0259timizin ba\u015f\u00e7\u0131s\u0131 \u0130lham \u018fliyev\u0259 v\u0259 Birinci vitse-prezident\u00a0Mehriban \u018fliyevaya m\u0259rk\u0259zd\u0259 g\u00f6r\u00fcl\u0259c\u0259k i\u015fl\u0259r bar\u0259d\u0259 m\u0259lumat verildi. Bildirildi ki, bu binada A\u011fa Q\u0259hr\u0259man Mirsiyab o\u011flunun Karvansaras\u0131 yerl\u0259\u015fib. \u00d6lk\u0259 \u0259h\u0259miyy\u0259tli memarl\u0131q&hellip;","_links":{"self":[{"href":"https:\/\/arantv.az\/index.php?rest_route=\/wp\/v2\/posts\/337241"}],"collection":[{"href":"https:\/\/arantv.az\/index.php?rest_route=\/wp\/v2\/posts"}],"about":[{"href":"https:\/\/arantv.az\/index.php?rest_route=\/wp\/v2\/types\/post"}],"author":[{"embeddable":true,"href":"https:\/\/arantv.az\/index.php?rest_route=\/wp\/v2\/users\/2"}],"replies":[{"embeddable":true,"href":"https:\/\/arantv.az\/index.php?rest_route=%2Fwp%2Fv2%2Fcomments&post=337241"}],"version-history":[{"count":0,"href":"https:\/\/arantv.az\/index.php?rest_route=\/wp\/v2\/posts\/337241\/revisions"}],"wp:featuredmedia":[{"embeddable":true,"href":"https:\/\/arantv.az\/index.php?rest_route=\/wp\/v2\/media\/337242"}],"wp:attachment":[{"href":"https:\/\/arantv.az\/index.php?rest_route=%2Fwp%2Fv2%2Fmedia&parent=337241"}],"wp:term":[{"taxonomy":"category","embeddable":true,"href":"https:\/\/arantv.az\/index.php?rest_route=%2Fwp%2Fv2%2Fcategories&post=337241"},{"taxonomy":"post_tag","embeddable":true,"href":"https:\/\/arantv.az\/index.php?rest_route=%2Fwp%2Fv2%2Ftags&post=337241"}],"curies":[{"name":"wp","href":"https:\/\/api.w.org\/{rel}","templated":true}]}}