{"id":337244,"date":"2021-05-12T21:29:04","date_gmt":"2021-05-12T18:29:04","guid":{"rendered":"https:\/\/arantv.az\/?p=337244"},"modified":"2021-05-12T21:29:04","modified_gmt":"2021-05-12T18:29:04","slug":"ilham-%c9%99liyev-susada-1-sayli-umumt%c9%99hsil-m%c9%99kt%c9%99binin-t%c9%99m%c9%99lini-qoyub","status":"publish","type":"post","link":"https:\/\/arantv.az\/?p=337244","title":{"rendered":"\u0130lham \u018fliyev \u015eu\u015fada 1 sayl\u0131 \u00fcmumt\u0259hsil m\u0259kt\u0259binin t\u0259m\u0259lini qoyub"},"content":{"rendered":"<p>May\u0131n 12-d\u0259 \u015eu\u015fada 1 sayl\u0131 \u00fcmumt\u0259hsil m\u0259kt\u0259binin t\u0259m\u0259li qoyulub.<\/p>\n<p><strong>ARANTV.AZ<\/strong> x\u0259b\u0259r verir ki, Az\u0259rbaycan Respublikas\u0131n\u0131n Prezidenti \u0130lham \u018fliyev, Birinci vitse-prezident Mehriban \u018fliyeva, q\u0131zlar\u0131 Leyla \u018fliyeva v\u0259 Arzu \u018fliyeva t\u0259dbird\u0259 i\u015ftirak edibl\u0259r.<\/p>\n<p>D\u00f6vl\u0259timizin ba\u015f\u00e7\u0131s\u0131 m\u0259kt\u0259bin t\u0259m\u0259lini qoydu.<\/p>\n<p>Prezident \u0130lham \u018fliyev\u0259 m\u0259lumat verildi ki, 1830-cu ild\u0259 Az\u0259rbaycanda v\u0259 C\u0259nubi Qafqazda ilk d\u00fcny\u0259vi m\u0259kt\u0259bin b\u00fcn\u00f6vr\u0259si m\u0259hz burada qoyulub. 1980-ci ild\u0259 ulu \u00f6nd\u0259r Heyd\u0259r \u018fliyevin t\u0259\u015f\u0259bb\u00fcs\u00fc il\u0259 bu m\u0259kt\u0259bin 150 illik yubileyi qeyd olunub. \u0130\u015f\u011fala q\u0259d\u0259r 1 sayl\u0131 m\u0259kt\u0259b kimi f\u0259aliyy\u0259t g\u00f6st\u0259r\u0259n bu t\u0259hsil oca\u011f\u0131n\u0131 da erm\u0259ni vandallar\u0131 tamamil\u0259 da\u011f\u0131d\u0131blar.<\/p>\n<p>Yeni 960 \u015fagird yerlik tam orta m\u0259kt\u0259bin layih\u0259l\u0259ndirilm\u0259si v\u0259 tikintisi m\u0259qs\u0259dil\u0259 Prezidentin ehtiyat fondundan T\u0259hsil Nazirliyin\u0259 ilkin olaraq 3 milyon manat v\u0259sait ayr\u0131l\u0131b.AZ\u018fRTAC<\/p>\n","protected":false},"excerpt":{"rendered":"<p>May\u0131n 12-d\u0259 \u015eu\u015fada 1 sayl\u0131 \u00fcmumt\u0259hsil m\u0259kt\u0259binin t\u0259m\u0259li qoyulub. ARANTV.AZ x\u0259b\u0259r verir ki, Az\u0259rbaycan Respublikas\u0131n\u0131n Prezidenti \u0130lham \u018fliyev, Birinci vitse-prezident Mehriban \u018fliyeva, q\u0131zlar\u0131 Leyla \u018fliyeva v\u0259 Arzu \u018fliyeva t\u0259dbird\u0259 i\u015ftirak edibl\u0259r. D\u00f6vl\u0259timizin ba\u015f\u00e7\u0131s\u0131 m\u0259kt\u0259bin t\u0259m\u0259lini qoydu. Prezident \u0130lham \u018fliyev\u0259 m\u0259lumat verildi ki, 1830-cu ild\u0259 Az\u0259rbaycanda v\u0259 C\u0259nubi Qafqazda ilk d\u00fcny\u0259vi m\u0259kt\u0259bin b\u00fcn\u00f6vr\u0259si m\u0259hz burada qoyulub. 1980-ci ild\u0259 ulu \u00f6nd\u0259r Heyd\u0259r \u018fliyevin t\u0259\u015f\u0259bb\u00fcs\u00fc il\u0259 bu m\u0259kt\u0259bin 150 illik yubileyi qeyd olunub. \u0130\u015f\u011fala q\u0259d\u0259r 1 sayl\u0131 m\u0259kt\u0259b kimi f\u0259aliyy\u0259t g\u00f6st\u0259r\u0259n bu t\u0259hsil oca\u011f\u0131n\u0131 da erm\u0259ni vandallar\u0131 tamamil\u0259 da\u011f\u0131d\u0131blar. Yeni 960 \u015fagird yerlik&hellip;<\/p>\n","protected":false},"author":2,"featured_media":337245,"comment_status":"closed","ping_status":"closed","sticky":false,"template":"","format":"standard","meta":{"om_disable_all_campaigns":false,"_monsterinsights_skip_tracking":false,"_monsterinsights_sitenote_active":false,"_monsterinsights_sitenote_note":"","_monsterinsights_sitenote_category":0},"categories":[4],"tags":[],"aioseo_notices":[],"gutentor_comment":0,"rttpg_featured_image_url":{"full":["https:\/\/arantv.az\/wp-content\/uploads\/2021\/05\/16208385033905015696_1000x669.jpg",620,407,false],"landscape":["https:\/\/arantv.az\/wp-content\/uploads\/2021\/05\/16208385033905015696_1000x669.jpg",620,407,false],"portraits":["https:\/\/arantv.az\/wp-content\/uploads\/2021\/05\/16208385033905015696_1000x669.jpg",620,407,false],"thumbnail":["https:\/\/arantv.az\/wp-content\/uploads\/2021\/05\/16208385033905015696_1000x669-500x280.jpg",500,280,true],"medium":["https:\/\/arantv.az\/wp-content\/uploads\/2021\/05\/16208385033905015696_1000x669-556x365.jpg",556,365,true],"large":["https:\/\/arantv.az\/wp-content\/uploads\/2021\/05\/16208385033905015696_1000x669.jpg",620,407,false],"1536x1536":["https:\/\/arantv.az\/wp-content\/uploads\/2021\/05\/16208385033905015696_1000x669.jpg",620,407,false],"2048x2048":["https:\/\/arantv.az\/wp-content\/uploads\/2021\/05\/16208385033905015696_1000x669.jpg",620,407,false],"post-thumbnail":["https:\/\/arantv.az\/wp-content\/uploads\/2021\/05\/16208385033905015696_1000x669-240x172.jpg",240,172,true],"advps-thumb-one":["https:\/\/arantv.az\/wp-content\/uploads\/2021\/05\/16208385033905015696_1000x669.jpg",620,407,false]},"rttpg_author":{"display_name":"V\u00fcsal Rafiqo\u011flu","author_link":"https:\/\/arantv.az\/?author=2"},"rttpg_comment":0,"rttpg_category":"<a href=\"https:\/\/arantv.az\/?cat=4\" rel=\"category\">Siyas\u0259t<\/a>","rttpg_excerpt":"May\u0131n 12-d\u0259 \u015eu\u015fada 1 sayl\u0131 \u00fcmumt\u0259hsil m\u0259kt\u0259binin t\u0259m\u0259li qoyulub. ARANTV.AZ x\u0259b\u0259r verir ki, Az\u0259rbaycan Respublikas\u0131n\u0131n Prezidenti \u0130lham \u018fliyev, Birinci vitse-prezident Mehriban \u018fliyeva, q\u0131zlar\u0131 Leyla \u018fliyeva v\u0259 Arzu \u018fliyeva t\u0259dbird\u0259 i\u015ftirak edibl\u0259r. D\u00f6vl\u0259timizin ba\u015f\u00e7\u0131s\u0131 m\u0259kt\u0259bin t\u0259m\u0259lini qoydu. Prezident \u0130lham \u018fliyev\u0259 m\u0259lumat verildi ki, 1830-cu ild\u0259 Az\u0259rbaycanda v\u0259 C\u0259nubi Qafqazda ilk d\u00fcny\u0259vi m\u0259kt\u0259bin b\u00fcn\u00f6vr\u0259si m\u0259hz burada qoyulub.&hellip;","_links":{"self":[{"href":"https:\/\/arantv.az\/index.php?rest_route=\/wp\/v2\/posts\/337244"}],"collection":[{"href":"https:\/\/arantv.az\/index.php?rest_route=\/wp\/v2\/posts"}],"about":[{"href":"https:\/\/arantv.az\/index.php?rest_route=\/wp\/v2\/types\/post"}],"author":[{"embeddable":true,"href":"https:\/\/arantv.az\/index.php?rest_route=\/wp\/v2\/users\/2"}],"replies":[{"embeddable":true,"href":"https:\/\/arantv.az\/index.php?rest_route=%2Fwp%2Fv2%2Fcomments&post=337244"}],"version-history":[{"count":0,"href":"https:\/\/arantv.az\/index.php?rest_route=\/wp\/v2\/posts\/337244\/revisions"}],"wp:featuredmedia":[{"embeddable":true,"href":"https:\/\/arantv.az\/index.php?rest_route=\/wp\/v2\/media\/337245"}],"wp:attachment":[{"href":"https:\/\/arantv.az\/index.php?rest_route=%2Fwp%2Fv2%2Fmedia&parent=337244"}],"wp:term":[{"taxonomy":"category","embeddable":true,"href":"https:\/\/arantv.az\/index.php?rest_route=%2Fwp%2Fv2%2Fcategories&post=337244"},{"taxonomy":"post_tag","embeddable":true,"href":"https:\/\/arantv.az\/index.php?rest_route=%2Fwp%2Fv2%2Ftags&post=337244"}],"curies":[{"name":"wp","href":"https:\/\/api.w.org\/{rel}","templated":true}]}}