{"id":337251,"date":"2021-05-12T21:32:03","date_gmt":"2021-05-12T18:32:03","guid":{"rendered":"https:\/\/arantv.az\/?p=337251"},"modified":"2021-05-12T21:32:03","modified_gmt":"2021-05-12T18:32:03","slug":"prezident-ilham-%c9%99liyev-susa-r%c9%99sm-qalereyasinda-gorul%c9%99n-isl%c9%99rl%c9%99-tanis-olub-foto","status":"publish","type":"post","link":"https:\/\/arantv.az\/?p=337251","title":{"rendered":"Prezident \u0130lham \u018fliyev \u015eu\u015fa R\u0259sm Qalereyas\u0131nda g\u00f6r\u00fcl\u0259n i\u015fl\u0259rl\u0259 tan\u0131\u015f olub &#8211; FOTO"},"content":{"rendered":"<p>Az\u0259rbaycan Respublikas\u0131n\u0131n Prezidenti \u0130lham \u018fliyev, Birinci vitse-prezident\u00a0 Mehriban \u018fliyeva, q\u0131zlar\u0131 Leyla \u018fliyeva v\u0259 Arzu \u018fliyeva may\u0131n 12-d\u0259 \u015eu\u015fa R\u0259sm Qalereyas\u0131nda g\u00f6r\u00fcl\u0259n i\u015fl\u0259rl\u0259 tan\u0131\u015f olublar.<\/p>\n<p><strong>ARANTV.AZ<\/strong> x\u0259b\u0259r verir ki, Prezident \u0130lham \u018fliyev\u0259 v\u0259 Birinci vitse-prezident\u00a0 Mehriban \u018fliyevaya qalereyada apar\u0131lan i\u015fl\u0259r bar\u0259d\u0259 m\u0259lumat verildi.<\/p>\n<p>Bildirildi ki, burada qaytar\u0131lm\u0131\u015f Qaraba\u011f xal\u00e7alar\u0131n\u0131n s\u0259rgisi, \u201cQaraba\u011f i\u015f\u011faldan \u0259vv\u0259l v\u0259 sonra\u201d, \u201cAz\u0259rbaycan r\u0259ssamlar\u0131n\u0131n motivl\u0259rind\u0259 Qaraba\u011f\u201d adl\u0131 s\u0259rgil\u0259rin ke\u00e7irilm\u0259si n\u0259z\u0259rd\u0259 tutulur.AZ\u018fRTAC<\/p>\n<p>&nbsp;<\/p>\n<p>&nbsp;<\/p>\n<div class=\"gallery\">\n<div class=\"gallery-i\"><img src=\"https:\/\/cdn.oxu.az\/uploads\/W1siZiIsIjIwMjEvMDUvMTIvMjAvNDYvMTIvYzhmYTBlZDUtYjdmOC00NzRiLWJmMTAtYzRkNGI0MWI2NzNjLzE2MjA4Mzc3NjA2MjQ1NzI2MDA3XzEwMDB4NjY5LmpwZyJdLFsicCIsImVuY29kZSIsImpwZyIsIi1xdWFsaXR5IDgwIl0sWyJwIiwidGh1bWIiLCI1OTB4NTkwXHUwMDNlIl1d?sha=71fdd1220d32c828\" \/><\/div>\n<\/div>\n<p>&nbsp;<\/p>\n<div class=\"gallery\">\n<div><\/div>\n<\/div>\n<div class=\"gallery-i\"><\/div>\n<div><\/div>\n","protected":false},"excerpt":{"rendered":"<p>Az\u0259rbaycan Respublikas\u0131n\u0131n Prezidenti \u0130lham \u018fliyev, Birinci vitse-prezident\u00a0 Mehriban \u018fliyeva, q\u0131zlar\u0131 Leyla \u018fliyeva v\u0259 Arzu \u018fliyeva may\u0131n 12-d\u0259 \u015eu\u015fa R\u0259sm Qalereyas\u0131nda g\u00f6r\u00fcl\u0259n i\u015fl\u0259rl\u0259 tan\u0131\u015f olublar. ARANTV.AZ x\u0259b\u0259r verir ki, Prezident \u0130lham \u018fliyev\u0259 v\u0259 Birinci vitse-prezident\u00a0 Mehriban \u018fliyevaya qalereyada apar\u0131lan i\u015fl\u0259r bar\u0259d\u0259 m\u0259lumat verildi. Bildirildi ki, burada qaytar\u0131lm\u0131\u015f Qaraba\u011f xal\u00e7alar\u0131n\u0131n s\u0259rgisi, \u201cQaraba\u011f i\u015f\u011faldan \u0259vv\u0259l v\u0259 sonra\u201d, \u201cAz\u0259rbaycan r\u0259ssamlar\u0131n\u0131n motivl\u0259rind\u0259 Qaraba\u011f\u201d adl\u0131 s\u0259rgil\u0259rin ke\u00e7irilm\u0259si n\u0259z\u0259rd\u0259 tutulur.AZ\u018fRTAC &nbsp; &nbsp; &nbsp;<\/p>\n","protected":false},"author":2,"featured_media":337252,"comment_status":"closed","ping_status":"closed","sticky":false,"template":"","format":"standard","meta":{"om_disable_all_campaigns":false,"_monsterinsights_skip_tracking":false,"_monsterinsights_sitenote_active":false,"_monsterinsights_sitenote_note":"","_monsterinsights_sitenote_category":0},"categories":[4],"tags":[],"aioseo_notices":[],"gutentor_comment":0,"rttpg_featured_image_url":{"full":["https:\/\/arantv.az\/wp-content\/uploads\/2021\/05\/16208377601893465383_1000x669.jpg",620,383,false],"landscape":["https:\/\/arantv.az\/wp-content\/uploads\/2021\/05\/16208377601893465383_1000x669.jpg",620,383,false],"portraits":["https:\/\/arantv.az\/wp-content\/uploads\/2021\/05\/16208377601893465383_1000x669.jpg",620,383,false],"thumbnail":["https:\/\/arantv.az\/wp-content\/uploads\/2021\/05\/16208377601893465383_1000x669-500x280.jpg",500,280,true],"medium":["https:\/\/arantv.az\/wp-content\/uploads\/2021\/05\/16208377601893465383_1000x669-591x365.jpg",591,365,true],"large":["https:\/\/arantv.az\/wp-content\/uploads\/2021\/05\/16208377601893465383_1000x669.jpg",620,383,false],"1536x1536":["https:\/\/arantv.az\/wp-content\/uploads\/2021\/05\/16208377601893465383_1000x669.jpg",620,383,false],"2048x2048":["https:\/\/arantv.az\/wp-content\/uploads\/2021\/05\/16208377601893465383_1000x669.jpg",620,383,false],"post-thumbnail":["https:\/\/arantv.az\/wp-content\/uploads\/2021\/05\/16208377601893465383_1000x669-240x172.jpg",240,172,true],"advps-thumb-one":["https:\/\/arantv.az\/wp-content\/uploads\/2021\/05\/16208377601893465383_1000x669.jpg",620,383,false]},"rttpg_author":{"display_name":"V\u00fcsal Rafiqo\u011flu","author_link":"https:\/\/arantv.az\/?author=2"},"rttpg_comment":0,"rttpg_category":"<a href=\"https:\/\/arantv.az\/?cat=4\" rel=\"category\">Siyas\u0259t<\/a>","rttpg_excerpt":"Az\u0259rbaycan Respublikas\u0131n\u0131n Prezidenti \u0130lham \u018fliyev, Birinci vitse-prezident\u00a0 Mehriban \u018fliyeva, q\u0131zlar\u0131 Leyla \u018fliyeva v\u0259 Arzu \u018fliyeva may\u0131n 12-d\u0259 \u015eu\u015fa R\u0259sm Qalereyas\u0131nda g\u00f6r\u00fcl\u0259n i\u015fl\u0259rl\u0259 tan\u0131\u015f olublar. ARANTV.AZ x\u0259b\u0259r verir ki, Prezident \u0130lham \u018fliyev\u0259 v\u0259 Birinci vitse-prezident\u00a0 Mehriban \u018fliyevaya qalereyada apar\u0131lan i\u015fl\u0259r bar\u0259d\u0259 m\u0259lumat verildi. Bildirildi ki, burada qaytar\u0131lm\u0131\u015f Qaraba\u011f xal\u00e7alar\u0131n\u0131n s\u0259rgisi, \u201cQaraba\u011f i\u015f\u011faldan \u0259vv\u0259l v\u0259 sonra\u201d, \u201cAz\u0259rbaycan&hellip;","_links":{"self":[{"href":"https:\/\/arantv.az\/index.php?rest_route=\/wp\/v2\/posts\/337251"}],"collection":[{"href":"https:\/\/arantv.az\/index.php?rest_route=\/wp\/v2\/posts"}],"about":[{"href":"https:\/\/arantv.az\/index.php?rest_route=\/wp\/v2\/types\/post"}],"author":[{"embeddable":true,"href":"https:\/\/arantv.az\/index.php?rest_route=\/wp\/v2\/users\/2"}],"replies":[{"embeddable":true,"href":"https:\/\/arantv.az\/index.php?rest_route=%2Fwp%2Fv2%2Fcomments&post=337251"}],"version-history":[{"count":0,"href":"https:\/\/arantv.az\/index.php?rest_route=\/wp\/v2\/posts\/337251\/revisions"}],"wp:featuredmedia":[{"embeddable":true,"href":"https:\/\/arantv.az\/index.php?rest_route=\/wp\/v2\/media\/337252"}],"wp:attachment":[{"href":"https:\/\/arantv.az\/index.php?rest_route=%2Fwp%2Fv2%2Fmedia&parent=337251"}],"wp:term":[{"taxonomy":"category","embeddable":true,"href":"https:\/\/arantv.az\/index.php?rest_route=%2Fwp%2Fv2%2Fcategories&post=337251"},{"taxonomy":"post_tag","embeddable":true,"href":"https:\/\/arantv.az\/index.php?rest_route=%2Fwp%2Fv2%2Ftags&post=337251"}],"curies":[{"name":"wp","href":"https:\/\/api.w.org\/{rel}","templated":true}]}}