{"id":337254,"date":"2021-05-12T21:33:20","date_gmt":"2021-05-12T18:33:20","guid":{"rendered":"https:\/\/arantv.az\/?p=337254"},"modified":"2021-05-12T21:33:20","modified_gmt":"2021-05-12T18:33:20","slug":"prezident-susada-xususi-numay%c9%99nd%c9%99liyin-inzibati-binasi-il%c9%99-tanis-oldu","status":"publish","type":"post","link":"https:\/\/arantv.az\/?p=337254","title":{"rendered":"Prezident \u015eu\u015fada X\u00fcsusi n\u00fcmay\u0259nd\u0259liyin inzibati binas\u0131 il\u0259 tan\u0131\u015f oldu"},"content":{"rendered":"<p>May\u0131n 12-d\u0259 Az\u0259rbaycan Respublikas\u0131n\u0131n Prezidenti \u0130lham \u018fliyev, Birinci vitse-prezident\u00a0 Mehriban \u018fliyeva, q\u0131zlar\u0131 Leyla \u018fliyeva v\u0259 Arzu \u018fliyeva \u015eu\u015fada X\u00fcsusi n\u00fcmay\u0259nd\u0259liyin yerl\u0259\u015f\u0259c\u0259yi inzibati binada oldular.<\/p>\n<p><strong>ARANTV.AZ<\/strong> x\u0259b\u0259r verir ki, d\u00f6vl\u0259timizin ba\u015f\u00e7\u0131s\u0131na v\u0259 birinci xan\u0131ma g\u00f6r\u00fcl\u0259n b\u0259rpa i\u015fl\u0259ri il\u0259 ba\u011fl\u0131 m\u0259lumat verildi.<\/p>\n<div id=\"AdviadNativeVideo0\" class=\"AdviadNativeVideo\"><\/div>\n<p>Qeyd olundu ki, burada s\u0259m\u0259r\u0259li f\u0259aliyy\u0259t \u00fc\u00e7\u00fcn h\u0259rt\u0259r\u0259fli \u015f\u0259rait yarad\u0131lacaq v\u0259 inzibati bina \u0259n m\u00fcasir s\u0259viyy\u0259d\u0259 yenid\u0259n qurulacaq.<\/p>\n<p>D\u00f6vl\u0259timizin ba\u015f\u00e7\u0131s\u0131 g\u00f6r\u00fcl\u0259c\u0259k i\u015fl\u0259rl\u0259 ba\u011fl\u0131 tap\u015f\u0131r\u0131q v\u0259 g\u00f6st\u0259ri\u015fl\u0259rini verdi.AZ\u018fRTAC<\/p>\n","protected":false},"excerpt":{"rendered":"<p>May\u0131n 12-d\u0259 Az\u0259rbaycan Respublikas\u0131n\u0131n Prezidenti \u0130lham \u018fliyev, Birinci vitse-prezident\u00a0 Mehriban \u018fliyeva, q\u0131zlar\u0131 Leyla \u018fliyeva v\u0259 Arzu \u018fliyeva \u015eu\u015fada X\u00fcsusi n\u00fcmay\u0259nd\u0259liyin yerl\u0259\u015f\u0259c\u0259yi inzibati binada oldular. ARANTV.AZ x\u0259b\u0259r verir ki, d\u00f6vl\u0259timizin ba\u015f\u00e7\u0131s\u0131na v\u0259 birinci xan\u0131ma g\u00f6r\u00fcl\u0259n b\u0259rpa i\u015fl\u0259ri il\u0259 ba\u011fl\u0131 m\u0259lumat verildi. Qeyd olundu ki, burada s\u0259m\u0259r\u0259li f\u0259aliyy\u0259t \u00fc\u00e7\u00fcn h\u0259rt\u0259r\u0259fli \u015f\u0259rait yarad\u0131lacaq v\u0259 inzibati bina \u0259n m\u00fcasir s\u0259viyy\u0259d\u0259 yenid\u0259n qurulacaq. D\u00f6vl\u0259timizin ba\u015f\u00e7\u0131s\u0131 g\u00f6r\u00fcl\u0259c\u0259k i\u015fl\u0259rl\u0259 ba\u011fl\u0131 tap\u015f\u0131r\u0131q v\u0259 g\u00f6st\u0259ri\u015fl\u0259rini verdi.AZ\u018fRTAC<\/p>\n","protected":false},"author":2,"featured_media":337255,"comment_status":"closed","ping_status":"closed","sticky":false,"template":"","format":"standard","meta":{"om_disable_all_campaigns":false,"_monsterinsights_skip_tracking":false,"_monsterinsights_sitenote_active":false,"_monsterinsights_sitenote_note":"","_monsterinsights_sitenote_category":0},"categories":[4],"tags":[],"aioseo_notices":[],"gutentor_comment":0,"rttpg_featured_image_url":{"full":["https:\/\/arantv.az\/wp-content\/uploads\/2021\/05\/16208370045971851151_1000x669.jpg",620,409,false],"landscape":["https:\/\/arantv.az\/wp-content\/uploads\/2021\/05\/16208370045971851151_1000x669.jpg",620,409,false],"portraits":["https:\/\/arantv.az\/wp-content\/uploads\/2021\/05\/16208370045971851151_1000x669.jpg",620,409,false],"thumbnail":["https:\/\/arantv.az\/wp-content\/uploads\/2021\/05\/16208370045971851151_1000x669-500x280.jpg",500,280,true],"medium":["https:\/\/arantv.az\/wp-content\/uploads\/2021\/05\/16208370045971851151_1000x669-553x365.jpg",553,365,true],"large":["https:\/\/arantv.az\/wp-content\/uploads\/2021\/05\/16208370045971851151_1000x669.jpg",620,409,false],"1536x1536":["https:\/\/arantv.az\/wp-content\/uploads\/2021\/05\/16208370045971851151_1000x669.jpg",620,409,false],"2048x2048":["https:\/\/arantv.az\/wp-content\/uploads\/2021\/05\/16208370045971851151_1000x669.jpg",620,409,false],"post-thumbnail":["https:\/\/arantv.az\/wp-content\/uploads\/2021\/05\/16208370045971851151_1000x669-240x172.jpg",240,172,true],"advps-thumb-one":["https:\/\/arantv.az\/wp-content\/uploads\/2021\/05\/16208370045971851151_1000x669.jpg",620,409,false]},"rttpg_author":{"display_name":"V\u00fcsal Rafiqo\u011flu","author_link":"https:\/\/arantv.az\/?author=2"},"rttpg_comment":0,"rttpg_category":"<a href=\"https:\/\/arantv.az\/?cat=4\" rel=\"category\">Siyas\u0259t<\/a>","rttpg_excerpt":"May\u0131n 12-d\u0259 Az\u0259rbaycan Respublikas\u0131n\u0131n Prezidenti \u0130lham \u018fliyev, Birinci vitse-prezident\u00a0 Mehriban \u018fliyeva, q\u0131zlar\u0131 Leyla \u018fliyeva v\u0259 Arzu \u018fliyeva \u015eu\u015fada X\u00fcsusi n\u00fcmay\u0259nd\u0259liyin yerl\u0259\u015f\u0259c\u0259yi inzibati binada oldular. ARANTV.AZ x\u0259b\u0259r verir ki, d\u00f6vl\u0259timizin ba\u015f\u00e7\u0131s\u0131na v\u0259 birinci xan\u0131ma g\u00f6r\u00fcl\u0259n b\u0259rpa i\u015fl\u0259ri il\u0259 ba\u011fl\u0131 m\u0259lumat verildi. Qeyd olundu ki, burada s\u0259m\u0259r\u0259li f\u0259aliyy\u0259t \u00fc\u00e7\u00fcn h\u0259rt\u0259r\u0259fli \u015f\u0259rait yarad\u0131lacaq v\u0259 inzibati bina \u0259n m\u00fcasir&hellip;","_links":{"self":[{"href":"https:\/\/arantv.az\/index.php?rest_route=\/wp\/v2\/posts\/337254"}],"collection":[{"href":"https:\/\/arantv.az\/index.php?rest_route=\/wp\/v2\/posts"}],"about":[{"href":"https:\/\/arantv.az\/index.php?rest_route=\/wp\/v2\/types\/post"}],"author":[{"embeddable":true,"href":"https:\/\/arantv.az\/index.php?rest_route=\/wp\/v2\/users\/2"}],"replies":[{"embeddable":true,"href":"https:\/\/arantv.az\/index.php?rest_route=%2Fwp%2Fv2%2Fcomments&post=337254"}],"version-history":[{"count":0,"href":"https:\/\/arantv.az\/index.php?rest_route=\/wp\/v2\/posts\/337254\/revisions"}],"wp:featuredmedia":[{"embeddable":true,"href":"https:\/\/arantv.az\/index.php?rest_route=\/wp\/v2\/media\/337255"}],"wp:attachment":[{"href":"https:\/\/arantv.az\/index.php?rest_route=%2Fwp%2Fv2%2Fmedia&parent=337254"}],"wp:term":[{"taxonomy":"category","embeddable":true,"href":"https:\/\/arantv.az\/index.php?rest_route=%2Fwp%2Fv2%2Fcategories&post=337254"},{"taxonomy":"post_tag","embeddable":true,"href":"https:\/\/arantv.az\/index.php?rest_route=%2Fwp%2Fv2%2Ftags&post=337254"}],"curies":[{"name":"wp","href":"https:\/\/api.w.org\/{rel}","templated":true}]}}