{"id":337260,"date":"2021-05-12T21:35:28","date_gmt":"2021-05-12T18:35:28","guid":{"rendered":"https:\/\/arantv.az\/?p=337260"},"modified":"2021-05-12T21:35:28","modified_gmt":"2021-05-12T18:35:28","slug":"xank%c9%99ndid%c9%99-gorun%c9%99n-susadaki-at%c9%99sf%c9%99sanliq-video","status":"publish","type":"post","link":"https:\/\/arantv.az\/?p=337260","title":{"rendered":"Xank\u0259ndid\u0259 g\u00f6r\u00fcn\u0259n \u015eu\u015fadak\u0131 at\u0259\u015ff\u0259\u015fanl\u0131q \u2013 V\u0130DEO"},"content":{"rendered":"<p>X\u0259b\u0259r verdiyimiz kimi, bu g\u00fcn Az\u0259rbaycan\u0131n m\u0259d\u0259niyy\u0259t paytaxt\u0131 \u015eu\u015fa \u015f\u0259h\u0259rind\u0259 \u201cXar\u0131b\u00fclb\u00fcl\u201d musiqi festival\u0131na start verilib.<\/p>\n<p>Festival\u0131n a\u00e7\u0131l\u0131\u015f\u0131nda prezident \u0130lham \u018fliyev, Birinci vitse-prezident Mehriban \u018fliyeva v\u0259 q\u0131zlar\u0131 Arzu \u018fliyev il\u0259 Leyla \u018fliyeva i\u015ftirak edib.<\/p>\n<p>Festival bitdikd\u0259n sonra \u015eu\u015fa \u015f\u0259h\u0259rind\u0259 m\u00f6ht\u0259\u015f\u0259m at\u0259\u015ff\u0259\u015fanl\u0131q ba\u015f tutub.<\/p>\n<article class=\"news\">\n<div class=\"news-inner\">\n<p>At\u0259\u015ff\u0259\u015fanl\u0131\u011f\u0131 Xank\u0259ndid\u0259 ya\u015fayan erm\u0259nil\u0259r d\u0259 g\u00f6r\u00fcb. Onlar at\u0259\u015ff\u0259\u015fanl\u0131\u011f\u0131n g\u00f6r\u00fcnt\u00fcl\u0259rini sosial \u015f\u0259b\u0259k\u0259l\u0259rd\u0259 payla\u015f\u0131blar.<\/p>\n<p>H\u0259min g\u00f6r\u00fcnt\u00fcl\u0259ri t\u0259qdim edirik:<\/p>\n<p><iframe loading=\"lazy\" title=\"YouTube video player\" src=\"https:\/\/www.youtube.com\/embed\/axOQLNyrZ7I\" width=\"560\" height=\"315\" frameborder=\"0\" allowfullscreen=\"allowfullscreen\" data-mce-fragment=\"1\"><\/iframe><\/p>\n<\/div>\n<\/article>\n<h2 class=\"news-share-title\"><\/h2>\n","protected":false},"excerpt":{"rendered":"<p>X\u0259b\u0259r verdiyimiz kimi, bu g\u00fcn Az\u0259rbaycan\u0131n m\u0259d\u0259niyy\u0259t paytaxt\u0131 \u015eu\u015fa \u015f\u0259h\u0259rind\u0259 \u201cXar\u0131b\u00fclb\u00fcl\u201d musiqi festival\u0131na start verilib. Festival\u0131n a\u00e7\u0131l\u0131\u015f\u0131nda prezident \u0130lham \u018fliyev, Birinci vitse-prezident Mehriban \u018fliyeva v\u0259 q\u0131zlar\u0131 Arzu \u018fliyev il\u0259 Leyla \u018fliyeva i\u015ftirak edib. Festival bitdikd\u0259n sonra \u015eu\u015fa \u015f\u0259h\u0259rind\u0259 m\u00f6ht\u0259\u015f\u0259m at\u0259\u015ff\u0259\u015fanl\u0131q ba\u015f tutub. At\u0259\u015ff\u0259\u015fanl\u0131\u011f\u0131 Xank\u0259ndid\u0259 ya\u015fayan erm\u0259nil\u0259r d\u0259 g\u00f6r\u00fcb. Onlar at\u0259\u015ff\u0259\u015fanl\u0131\u011f\u0131n g\u00f6r\u00fcnt\u00fcl\u0259rini sosial \u015f\u0259b\u0259k\u0259l\u0259rd\u0259 payla\u015f\u0131blar. H\u0259min g\u00f6r\u00fcnt\u00fcl\u0259ri t\u0259qdim edirik:<\/p>\n","protected":false},"author":2,"featured_media":337261,"comment_status":"closed","ping_status":"closed","sticky":false,"template":"","format":"standard","meta":{"om_disable_all_campaigns":false,"_monsterinsights_skip_tracking":false,"_monsterinsights_sitenote_active":false,"_monsterinsights_sitenote_note":"","_monsterinsights_sitenote_category":0},"categories":[26],"tags":[],"aioseo_notices":[],"gutentor_comment":0,"rttpg_featured_image_url":{"full":["https:\/\/arantv.az\/wp-content\/uploads\/2021\/05\/185541158_1985481678281147_2488591952099598958_n.jpg",620,465,false],"landscape":["https:\/\/arantv.az\/wp-content\/uploads\/2021\/05\/185541158_1985481678281147_2488591952099598958_n.jpg",620,465,false],"portraits":["https:\/\/arantv.az\/wp-content\/uploads\/2021\/05\/185541158_1985481678281147_2488591952099598958_n.jpg",620,465,false],"thumbnail":["https:\/\/arantv.az\/wp-content\/uploads\/2021\/05\/185541158_1985481678281147_2488591952099598958_n-500x280.jpg",500,280,true],"medium":["https:\/\/arantv.az\/wp-content\/uploads\/2021\/05\/185541158_1985481678281147_2488591952099598958_n-487x365.jpg",487,365,true],"large":["https:\/\/arantv.az\/wp-content\/uploads\/2021\/05\/185541158_1985481678281147_2488591952099598958_n.jpg",620,465,false],"1536x1536":["https:\/\/arantv.az\/wp-content\/uploads\/2021\/05\/185541158_1985481678281147_2488591952099598958_n.jpg",620,465,false],"2048x2048":["https:\/\/arantv.az\/wp-content\/uploads\/2021\/05\/185541158_1985481678281147_2488591952099598958_n.jpg",620,465,false],"post-thumbnail":["https:\/\/arantv.az\/wp-content\/uploads\/2021\/05\/185541158_1985481678281147_2488591952099598958_n-240x172.jpg",240,172,true],"advps-thumb-one":["https:\/\/arantv.az\/wp-content\/uploads\/2021\/05\/185541158_1985481678281147_2488591952099598958_n.jpg",620,465,false]},"rttpg_author":{"display_name":"V\u00fcsal Rafiqo\u011flu","author_link":"https:\/\/arantv.az\/?author=2"},"rttpg_comment":0,"rttpg_category":"<a href=\"https:\/\/arantv.az\/?cat=26\" rel=\"category\">Sosial<\/a>","rttpg_excerpt":"X\u0259b\u0259r verdiyimiz kimi, bu g\u00fcn Az\u0259rbaycan\u0131n m\u0259d\u0259niyy\u0259t paytaxt\u0131 \u015eu\u015fa \u015f\u0259h\u0259rind\u0259 \u201cXar\u0131b\u00fclb\u00fcl\u201d musiqi festival\u0131na start verilib. Festival\u0131n a\u00e7\u0131l\u0131\u015f\u0131nda prezident \u0130lham \u018fliyev, Birinci vitse-prezident Mehriban \u018fliyeva v\u0259 q\u0131zlar\u0131 Arzu \u018fliyev il\u0259 Leyla \u018fliyeva i\u015ftirak edib. Festival bitdikd\u0259n sonra \u015eu\u015fa \u015f\u0259h\u0259rind\u0259 m\u00f6ht\u0259\u015f\u0259m at\u0259\u015ff\u0259\u015fanl\u0131q ba\u015f tutub. At\u0259\u015ff\u0259\u015fanl\u0131\u011f\u0131 Xank\u0259ndid\u0259 ya\u015fayan erm\u0259nil\u0259r d\u0259 g\u00f6r\u00fcb. Onlar at\u0259\u015ff\u0259\u015fanl\u0131\u011f\u0131n g\u00f6r\u00fcnt\u00fcl\u0259rini sosial \u015f\u0259b\u0259k\u0259l\u0259rd\u0259 payla\u015f\u0131blar. H\u0259min&hellip;","_links":{"self":[{"href":"https:\/\/arantv.az\/index.php?rest_route=\/wp\/v2\/posts\/337260"}],"collection":[{"href":"https:\/\/arantv.az\/index.php?rest_route=\/wp\/v2\/posts"}],"about":[{"href":"https:\/\/arantv.az\/index.php?rest_route=\/wp\/v2\/types\/post"}],"author":[{"embeddable":true,"href":"https:\/\/arantv.az\/index.php?rest_route=\/wp\/v2\/users\/2"}],"replies":[{"embeddable":true,"href":"https:\/\/arantv.az\/index.php?rest_route=%2Fwp%2Fv2%2Fcomments&post=337260"}],"version-history":[{"count":0,"href":"https:\/\/arantv.az\/index.php?rest_route=\/wp\/v2\/posts\/337260\/revisions"}],"wp:featuredmedia":[{"embeddable":true,"href":"https:\/\/arantv.az\/index.php?rest_route=\/wp\/v2\/media\/337261"}],"wp:attachment":[{"href":"https:\/\/arantv.az\/index.php?rest_route=%2Fwp%2Fv2%2Fmedia&parent=337260"}],"wp:term":[{"taxonomy":"category","embeddable":true,"href":"https:\/\/arantv.az\/index.php?rest_route=%2Fwp%2Fv2%2Fcategories&post=337260"},{"taxonomy":"post_tag","embeddable":true,"href":"https:\/\/arantv.az\/index.php?rest_route=%2Fwp%2Fv2%2Ftags&post=337260"}],"curies":[{"name":"wp","href":"https:\/\/api.w.org\/{rel}","templated":true}]}}