{"id":337264,"date":"2021-05-12T21:36:47","date_gmt":"2021-05-12T18:36:47","guid":{"rendered":"https:\/\/arantv.az\/?p=337264"},"modified":"2021-05-12T21:36:47","modified_gmt":"2021-05-12T18:36:47","slug":"susa-29-ild%c9%99n-sonra-yen%c9%99-dogmalarini-qonaqlarini-qarsilayir","status":"publish","type":"post","link":"https:\/\/arantv.az\/?p=337264","title":{"rendered":"\u015eu\u015fa 29 ild\u0259n sonra yen\u0259 do\u011fmalar\u0131n\u0131, qonaqlar\u0131n\u0131 qar\u015f\u0131lay\u0131r"},"content":{"rendered":"<p>\u201cMay\u0131n 12-d\u0259 Az\u0259rbaycan\u0131n m\u0259d\u0259niyy\u0259t paytaxt\u0131 \u015eu\u015fa \u201cXar\u0131b\u00fclb\u00fcl\u201d musiqi festival\u0131na ev sahibliyi edir. Q\u0259dim m\u0259d\u0259niyy\u0259t be\u015fiyi olan \u015eu\u015fa 29 ild\u0259n sonra yen\u0259 do\u011fmalar\u0131n\u0131, qonaqlar\u0131n\u0131 qar\u015f\u0131lay\u0131r\u201d.<\/p>\n<p><strong>ARANTV.AZ<\/strong> x\u0259b\u0259r verir ki, bu s\u00f6zl\u0259ri Az\u0259rbaycan Respublikas\u0131n\u0131n Birinci vitse-prezidenti Mehriban \u018fliyeva \u00f6z\u00fcn\u00fcn instaqram s\u0259hif\u0259sind\u0259 yaz\u0131b.<\/p>\n<p>\u201cAz\u0259rbaycan Respublikas\u0131n\u0131n Prezidenti \u0130lham \u018fliyev, birinci xan\u0131m Mehriban \u018fliyeva, q\u0131zlar\u0131 Leyla \u018fliyeva v\u0259 Arzu \u018fliyeva \u015eu\u015fada C\u0131d\u0131r d\u00fcz\u00fcnd\u0259 t\u0259\u015fkil olunan \u201cXar\u0131b\u00fclb\u00fcl\u201d musiqi festival\u0131na g\u0259ldil\u0259r\u201d, &#8211; dey\u0259 Birinci vitse-prezident qeyd edib.<\/p>\n","protected":false},"excerpt":{"rendered":"<p>\u201cMay\u0131n 12-d\u0259 Az\u0259rbaycan\u0131n m\u0259d\u0259niyy\u0259t paytaxt\u0131 \u015eu\u015fa \u201cXar\u0131b\u00fclb\u00fcl\u201d musiqi festival\u0131na ev sahibliyi edir. Q\u0259dim m\u0259d\u0259niyy\u0259t be\u015fiyi olan \u015eu\u015fa 29 ild\u0259n sonra yen\u0259 do\u011fmalar\u0131n\u0131, qonaqlar\u0131n\u0131 qar\u015f\u0131lay\u0131r\u201d. ARANTV.AZ x\u0259b\u0259r verir ki, bu s\u00f6zl\u0259ri Az\u0259rbaycan Respublikas\u0131n\u0131n Birinci vitse-prezidenti Mehriban \u018fliyeva \u00f6z\u00fcn\u00fcn instaqram s\u0259hif\u0259sind\u0259 yaz\u0131b. \u201cAz\u0259rbaycan Respublikas\u0131n\u0131n Prezidenti \u0130lham \u018fliyev, birinci xan\u0131m Mehriban \u018fliyeva, q\u0131zlar\u0131 Leyla \u018fliyeva v\u0259 Arzu \u018fliyeva \u015eu\u015fada C\u0131d\u0131r d\u00fcz\u00fcnd\u0259 t\u0259\u015fkil olunan \u201cXar\u0131b\u00fclb\u00fcl\u201d musiqi festival\u0131na g\u0259ldil\u0259r\u201d, &#8211; dey\u0259 Birinci vitse-prezident qeyd edib.<\/p>\n","protected":false},"author":2,"featured_media":337265,"comment_status":"closed","ping_status":"closed","sticky":false,"template":"","format":"standard","meta":{"om_disable_all_campaigns":false,"_monsterinsights_skip_tracking":false,"_monsterinsights_sitenote_active":false,"_monsterinsights_sitenote_note":"","_monsterinsights_sitenote_category":0},"categories":[4],"tags":[],"aioseo_notices":[],"gutentor_comment":0,"rttpg_featured_image_url":{"full":["https:\/\/arantv.az\/wp-content\/uploads\/2021\/05\/fc0cc602162084221234557121410488795.jpg",975,540,false],"landscape":["https:\/\/arantv.az\/wp-content\/uploads\/2021\/05\/fc0cc602162084221234557121410488795.jpg",975,540,false],"portraits":["https:\/\/arantv.az\/wp-content\/uploads\/2021\/05\/fc0cc602162084221234557121410488795.jpg",975,540,false],"thumbnail":["https:\/\/arantv.az\/wp-content\/uploads\/2021\/05\/fc0cc602162084221234557121410488795-500x280.jpg",500,280,true],"medium":["https:\/\/arantv.az\/wp-content\/uploads\/2021\/05\/fc0cc602162084221234557121410488795-660x365.jpg",660,365,true],"large":["https:\/\/arantv.az\/wp-content\/uploads\/2021\/05\/fc0cc602162084221234557121410488795-840x465.jpg",640,354,true],"1536x1536":["https:\/\/arantv.az\/wp-content\/uploads\/2021\/05\/fc0cc602162084221234557121410488795.jpg",975,540,false],"2048x2048":["https:\/\/arantv.az\/wp-content\/uploads\/2021\/05\/fc0cc602162084221234557121410488795.jpg",975,540,false],"post-thumbnail":["https:\/\/arantv.az\/wp-content\/uploads\/2021\/05\/fc0cc602162084221234557121410488795-240x172.jpg",240,172,true],"advps-thumb-one":["https:\/\/arantv.az\/wp-content\/uploads\/2021\/05\/fc0cc602162084221234557121410488795.jpg",975,540,false]},"rttpg_author":{"display_name":"V\u00fcsal Rafiqo\u011flu","author_link":"https:\/\/arantv.az\/?author=2"},"rttpg_comment":0,"rttpg_category":"<a href=\"https:\/\/arantv.az\/?cat=4\" rel=\"category\">Siyas\u0259t<\/a>","rttpg_excerpt":"\u201cMay\u0131n 12-d\u0259 Az\u0259rbaycan\u0131n m\u0259d\u0259niyy\u0259t paytaxt\u0131 \u015eu\u015fa \u201cXar\u0131b\u00fclb\u00fcl\u201d musiqi festival\u0131na ev sahibliyi edir. Q\u0259dim m\u0259d\u0259niyy\u0259t be\u015fiyi olan \u015eu\u015fa 29 ild\u0259n sonra yen\u0259 do\u011fmalar\u0131n\u0131, qonaqlar\u0131n\u0131 qar\u015f\u0131lay\u0131r\u201d. ARANTV.AZ x\u0259b\u0259r verir ki, bu s\u00f6zl\u0259ri Az\u0259rbaycan Respublikas\u0131n\u0131n Birinci vitse-prezidenti Mehriban \u018fliyeva \u00f6z\u00fcn\u00fcn instaqram s\u0259hif\u0259sind\u0259 yaz\u0131b. \u201cAz\u0259rbaycan Respublikas\u0131n\u0131n Prezidenti \u0130lham \u018fliyev, birinci xan\u0131m Mehriban \u018fliyeva, q\u0131zlar\u0131 Leyla \u018fliyeva v\u0259 Arzu \u018fliyeva&hellip;","_links":{"self":[{"href":"https:\/\/arantv.az\/index.php?rest_route=\/wp\/v2\/posts\/337264"}],"collection":[{"href":"https:\/\/arantv.az\/index.php?rest_route=\/wp\/v2\/posts"}],"about":[{"href":"https:\/\/arantv.az\/index.php?rest_route=\/wp\/v2\/types\/post"}],"author":[{"embeddable":true,"href":"https:\/\/arantv.az\/index.php?rest_route=\/wp\/v2\/users\/2"}],"replies":[{"embeddable":true,"href":"https:\/\/arantv.az\/index.php?rest_route=%2Fwp%2Fv2%2Fcomments&post=337264"}],"version-history":[{"count":0,"href":"https:\/\/arantv.az\/index.php?rest_route=\/wp\/v2\/posts\/337264\/revisions"}],"wp:featuredmedia":[{"embeddable":true,"href":"https:\/\/arantv.az\/index.php?rest_route=\/wp\/v2\/media\/337265"}],"wp:attachment":[{"href":"https:\/\/arantv.az\/index.php?rest_route=%2Fwp%2Fv2%2Fmedia&parent=337264"}],"wp:term":[{"taxonomy":"category","embeddable":true,"href":"https:\/\/arantv.az\/index.php?rest_route=%2Fwp%2Fv2%2Fcategories&post=337264"},{"taxonomy":"post_tag","embeddable":true,"href":"https:\/\/arantv.az\/index.php?rest_route=%2Fwp%2Fv2%2Ftags&post=337264"}],"curies":[{"name":"wp","href":"https:\/\/api.w.org\/{rel}","templated":true}]}}