{"id":337276,"date":"2021-05-13T08:44:32","date_gmt":"2021-05-13T05:44:32","guid":{"rendered":"https:\/\/arantv.az\/?p=337276"},"modified":"2021-05-13T08:44:32","modified_gmt":"2021-05-13T05:44:32","slug":"xaribulbul-festivalinda-s%c9%99hn%c9%99-arxasinda-maraqli-anlar-video","status":"publish","type":"post","link":"https:\/\/arantv.az\/?p=337276","title":{"rendered":"\u201cXar\u0131b\u00fclb\u00fcl\u201d festival\u0131nda s\u0259hn\u0259 arxas\u0131nda maraql\u0131 anlar &#8211; V\u0130DEO"},"content":{"rendered":"<article class=\"news\">\n<div class=\"news-inner\">\n<p>Bu g\u00fcn \u015eu\u015fada ke\u00e7iril\u0259n \u201cXar\u0131b\u00fclb\u00fcl\u201d musiqi festival\u0131n\u0131n ilk g\u00fcnk\u00fc konsert proqram\u0131 ba\u015fa \u00e7atandan sonra s\u0259hn\u0259 arxas\u0131nda maraql\u0131 anlar ya\u015fan\u0131b.<\/p>\n<p>Festivalda i\u015ftirak ed\u0259n inc\u0259s\u0259n\u0259t n\u00fcmay\u0259nd\u0259l\u0259ri \u00f6z r\u0259qsl\u0259ri il\u0259 d\u0259 f\u0259rql\u0259nibl\u0259r.\u00a0 Onlar\u0131n birlikd\u0259 ifa etdiyi &#8220;Yall\u0131&#8221; g\u00fcn\u0259 \u00f6z dam\u011fas\u0131n\u0131 vurub.<\/p>\n<div id=\"AdviadNativeVideo0\" class=\"AdviadNativeVideo\"><\/div>\n<p>H\u0259min videonu t\u0259qdim edirik:<\/p>\n<p><iframe loading=\"lazy\" src=\"https:\/\/player.baku.tv\/embed\/38022\" width=\"560\" height=\"315\" frameborder=\"0\" allowfullscreen=\"allowfullscreen\" data-mce-fragment=\"1\"><\/iframe><\/p>\n<\/div>\n<\/article>\n<h2 class=\"news-share-title\"><\/h2>\n","protected":false},"excerpt":{"rendered":"<p>Bu g\u00fcn \u015eu\u015fada ke\u00e7iril\u0259n \u201cXar\u0131b\u00fclb\u00fcl\u201d musiqi festival\u0131n\u0131n ilk g\u00fcnk\u00fc konsert proqram\u0131 ba\u015fa \u00e7atandan sonra s\u0259hn\u0259 arxas\u0131nda maraql\u0131 anlar ya\u015fan\u0131b. Festivalda i\u015ftirak ed\u0259n inc\u0259s\u0259n\u0259t n\u00fcmay\u0259nd\u0259l\u0259ri \u00f6z r\u0259qsl\u0259ri il\u0259 d\u0259 f\u0259rql\u0259nibl\u0259r.\u00a0 Onlar\u0131n birlikd\u0259 ifa etdiyi &#8220;Yall\u0131&#8221; g\u00fcn\u0259 \u00f6z dam\u011fas\u0131n\u0131 vurub. H\u0259min videonu t\u0259qdim edirik:<\/p>\n","protected":false},"author":2,"featured_media":337277,"comment_status":"closed","ping_status":"closed","sticky":false,"template":"","format":"standard","meta":{"om_disable_all_campaigns":false,"_monsterinsights_skip_tracking":false,"_monsterinsights_sitenote_active":false,"_monsterinsights_sitenote_note":"","_monsterinsights_sitenote_category":0},"categories":[26],"tags":[],"aioseo_notices":[],"gutentor_comment":0,"rttpg_featured_image_url":{"full":["https:\/\/arantv.az\/wp-content\/uploads\/2021\/05\/182798856_3095209454122897_2151190344950593266_n.jpg",620,349,false],"landscape":["https:\/\/arantv.az\/wp-content\/uploads\/2021\/05\/182798856_3095209454122897_2151190344950593266_n.jpg",620,349,false],"portraits":["https:\/\/arantv.az\/wp-content\/uploads\/2021\/05\/182798856_3095209454122897_2151190344950593266_n.jpg",620,349,false],"thumbnail":["https:\/\/arantv.az\/wp-content\/uploads\/2021\/05\/182798856_3095209454122897_2151190344950593266_n-500x280.jpg",500,280,true],"medium":["https:\/\/arantv.az\/wp-content\/uploads\/2021\/05\/182798856_3095209454122897_2151190344950593266_n.jpg",620,349,false],"large":["https:\/\/arantv.az\/wp-content\/uploads\/2021\/05\/182798856_3095209454122897_2151190344950593266_n.jpg",620,349,false],"1536x1536":["https:\/\/arantv.az\/wp-content\/uploads\/2021\/05\/182798856_3095209454122897_2151190344950593266_n.jpg",620,349,false],"2048x2048":["https:\/\/arantv.az\/wp-content\/uploads\/2021\/05\/182798856_3095209454122897_2151190344950593266_n.jpg",620,349,false],"post-thumbnail":["https:\/\/arantv.az\/wp-content\/uploads\/2021\/05\/182798856_3095209454122897_2151190344950593266_n-240x172.jpg",240,172,true],"advps-thumb-one":["https:\/\/arantv.az\/wp-content\/uploads\/2021\/05\/182798856_3095209454122897_2151190344950593266_n.jpg",620,349,false]},"rttpg_author":{"display_name":"V\u00fcsal Rafiqo\u011flu","author_link":"https:\/\/arantv.az\/?author=2"},"rttpg_comment":0,"rttpg_category":"<a href=\"https:\/\/arantv.az\/?cat=26\" rel=\"category\">Sosial<\/a>","rttpg_excerpt":"Bu g\u00fcn \u015eu\u015fada ke\u00e7iril\u0259n \u201cXar\u0131b\u00fclb\u00fcl\u201d musiqi festival\u0131n\u0131n ilk g\u00fcnk\u00fc konsert proqram\u0131 ba\u015fa \u00e7atandan sonra s\u0259hn\u0259 arxas\u0131nda maraql\u0131 anlar ya\u015fan\u0131b. Festivalda i\u015ftirak ed\u0259n inc\u0259s\u0259n\u0259t n\u00fcmay\u0259nd\u0259l\u0259ri \u00f6z r\u0259qsl\u0259ri il\u0259 d\u0259 f\u0259rql\u0259nibl\u0259r.\u00a0 Onlar\u0131n birlikd\u0259 ifa etdiyi &#8220;Yall\u0131&#8221; g\u00fcn\u0259 \u00f6z dam\u011fas\u0131n\u0131 vurub. H\u0259min videonu t\u0259qdim edirik:","_links":{"self":[{"href":"https:\/\/arantv.az\/index.php?rest_route=\/wp\/v2\/posts\/337276"}],"collection":[{"href":"https:\/\/arantv.az\/index.php?rest_route=\/wp\/v2\/posts"}],"about":[{"href":"https:\/\/arantv.az\/index.php?rest_route=\/wp\/v2\/types\/post"}],"author":[{"embeddable":true,"href":"https:\/\/arantv.az\/index.php?rest_route=\/wp\/v2\/users\/2"}],"replies":[{"embeddable":true,"href":"https:\/\/arantv.az\/index.php?rest_route=%2Fwp%2Fv2%2Fcomments&post=337276"}],"version-history":[{"count":0,"href":"https:\/\/arantv.az\/index.php?rest_route=\/wp\/v2\/posts\/337276\/revisions"}],"wp:featuredmedia":[{"embeddable":true,"href":"https:\/\/arantv.az\/index.php?rest_route=\/wp\/v2\/media\/337277"}],"wp:attachment":[{"href":"https:\/\/arantv.az\/index.php?rest_route=%2Fwp%2Fv2%2Fmedia&parent=337276"}],"wp:term":[{"taxonomy":"category","embeddable":true,"href":"https:\/\/arantv.az\/index.php?rest_route=%2Fwp%2Fv2%2Fcategories&post=337276"},{"taxonomy":"post_tag","embeddable":true,"href":"https:\/\/arantv.az\/index.php?rest_route=%2Fwp%2Fv2%2Ftags&post=337276"}],"curies":[{"name":"wp","href":"https:\/\/api.w.org\/{rel}","templated":true}]}}