{"id":337283,"date":"2021-05-13T08:45:39","date_gmt":"2021-05-13T05:45:39","guid":{"rendered":"https:\/\/arantv.az\/?p=337283"},"modified":"2021-05-13T08:45:39","modified_gmt":"2021-05-13T05:45:39","slug":"ilham-%c9%99liyev-ramazan-bayrami-munasib%c9%99til%c9%99-paylasim-edib-foto","status":"publish","type":"post","link":"https:\/\/arantv.az\/?p=337283","title":{"rendered":"\u0130lham \u018fliyev Ramazan bayram\u0131 m\u00fcnasib\u0259til\u0259 payla\u015f\u0131m edib &#8211; FOTO"},"content":{"rendered":"<p>Az\u0259rbaycan Respublikas\u0131n\u0131n Prezidenti \u0130lham \u018fliyev \u00f6z\u00fcn\u00fcn &#8220;Twitter&#8221;d\u0259ki s\u0259hif\u0259sind\u0259 Ramazan Bayram\u0131 m\u00fcnasib\u0259til\u0259 payla\u015f\u0131m edib.<\/p>\n<div id=\"AdviadNativeVideo0\" class=\"AdviadNativeVideo\"><\/div>\n<p>D\u00f6vl\u0259t ba\u015f\u00e7\u0131s\u0131 h\u0259r k\u0259si bayram m\u00fcnasib\u0259til\u0259 t\u0259brik edib.<\/p>\n<div>\n<div class=\"twitter-tweet twitter-tweet-rendered\"><iframe id=\"twitter-widget-0\" class=\"\" title=\"Twitter Tweet\" src=\"https:\/\/platform.twitter.com\/embed\/Tweet.html?creatorScreenName=oxuaz&amp;dnt=false&amp;embedId=twitter-widget-0&amp;features=eyJ0ZndfZXhwZXJpbWVudHNfY29va2llX2V4cGlyYXRpb24iOnsiYnVja2V0IjoxMjA5NjAwLCJ2ZXJzaW9uIjpudWxsfSwidGZ3X2hvcml6b25fdHdlZXRfZW1iZWRfOTU1NSI6eyJidWNrZXQiOiJodGUiLCJ2ZXJzaW9uIjpudWxsfSwidGZ3X3R3ZWV0X2VtYmVkX2NsaWNrYWJpbGl0eV8xMjEwMiI6eyJidWNrZXQiOiJjb250cm9sIiwidmVyc2lvbiI6bnVsbH19&amp;frame=false&amp;hideCard=false&amp;hideThread=false&amp;id=1392555595052556289&amp;lang=en&amp;origin=https%3A%2F%2Foxu.az%2Fpolitics%2F493589&amp;sessionId=5880baab7ad39c056a62ee2458e6a4babd460424&amp;siteScreenName=oxuaz&amp;theme=light&amp;widgetsVersion=82e1070%3A1619632193066&amp;width=550px\" frameborder=\"0\" scrolling=\"no\" allowfullscreen=\"allowfullscreen\" data-tweet-id=\"1392555595052556289\" data-mce-fragment=\"1\"><\/iframe><\/div>\n<\/div>\n<p>&nbsp;<\/p>\n","protected":false},"excerpt":{"rendered":"<p>Az\u0259rbaycan Respublikas\u0131n\u0131n Prezidenti \u0130lham \u018fliyev \u00f6z\u00fcn\u00fcn &#8220;Twitter&#8221;d\u0259ki s\u0259hif\u0259sind\u0259 Ramazan Bayram\u0131 m\u00fcnasib\u0259til\u0259 payla\u015f\u0131m edib. D\u00f6vl\u0259t ba\u015f\u00e7\u0131s\u0131 h\u0259r k\u0259si bayram m\u00fcnasib\u0259til\u0259 t\u0259brik edib. &nbsp;<\/p>\n","protected":false},"author":2,"featured_media":337284,"comment_status":"closed","ping_status":"closed","sticky":false,"template":"","format":"standard","meta":{"om_disable_all_campaigns":false,"_monsterinsights_skip_tracking":false,"_monsterinsights_sitenote_active":false,"_monsterinsights_sitenote_note":"","_monsterinsights_sitenote_category":0},"categories":[8],"tags":[],"aioseo_notices":[],"gutentor_comment":0,"rttpg_featured_image_url":{"full":["https:\/\/arantv.az\/wp-content\/uploads\/2021\/05\/N_D\u00beD\u00b1D\u00beDD\u00b5D\u00b7D\u00bdD\u00beD\u00b2D\u00b0D\u00bdD\u00b8N_-1.jpg",620,414,false],"landscape":["https:\/\/arantv.az\/wp-content\/uploads\/2021\/05\/N_D\u00beD\u00b1D\u00beDD\u00b5D\u00b7D\u00bdD\u00beD\u00b2D\u00b0D\u00bdD\u00b8N_-1.jpg",620,414,false],"portraits":["https:\/\/arantv.az\/wp-content\/uploads\/2021\/05\/N_D\u00beD\u00b1D\u00beDD\u00b5D\u00b7D\u00bdD\u00beD\u00b2D\u00b0D\u00bdD\u00b8N_-1.jpg",620,414,false],"thumbnail":["https:\/\/arantv.az\/wp-content\/uploads\/2021\/05\/N_D\u00beD\u00b1D\u00beDD\u00b5D\u00b7D\u00bdD\u00beD\u00b2D\u00b0D\u00bdD\u00b8N_-1-500x280.jpg",500,280,true],"medium":["https:\/\/arantv.az\/wp-content\/uploads\/2021\/05\/N_D\u00beD\u00b1D\u00beDD\u00b5D\u00b7D\u00bdD\u00beD\u00b2D\u00b0D\u00bdD\u00b8N_-1-547x365.jpg",547,365,true],"large":["https:\/\/arantv.az\/wp-content\/uploads\/2021\/05\/N_D\u00beD\u00b1D\u00beDD\u00b5D\u00b7D\u00bdD\u00beD\u00b2D\u00b0D\u00bdD\u00b8N_-1.jpg",620,414,false],"1536x1536":["https:\/\/arantv.az\/wp-content\/uploads\/2021\/05\/N_D\u00beD\u00b1D\u00beDD\u00b5D\u00b7D\u00bdD\u00beD\u00b2D\u00b0D\u00bdD\u00b8N_-1.jpg",620,414,false],"2048x2048":["https:\/\/arantv.az\/wp-content\/uploads\/2021\/05\/N_D\u00beD\u00b1D\u00beDD\u00b5D\u00b7D\u00bdD\u00beD\u00b2D\u00b0D\u00bdD\u00b8N_-1.jpg",620,414,false],"post-thumbnail":["https:\/\/arantv.az\/wp-content\/uploads\/2021\/05\/N_D\u00beD\u00b1D\u00beDD\u00b5D\u00b7D\u00bdD\u00beD\u00b2D\u00b0D\u00bdD\u00b8N_-1-240x172.jpg",240,172,true],"advps-thumb-one":["https:\/\/arantv.az\/wp-content\/uploads\/2021\/05\/N_D\u00beD\u00b1D\u00beDD\u00b5D\u00b7D\u00bdD\u00beD\u00b2D\u00b0D\u00bdD\u00b8N_-1.jpg",620,414,false]},"rttpg_author":{"display_name":"V\u00fcsal Rafiqo\u011flu","author_link":"https:\/\/arantv.az\/?author=2"},"rttpg_comment":0,"rttpg_category":"<a href=\"https:\/\/arantv.az\/?cat=8\" rel=\"category\">\u018fsas s\u0259hif\u0259<\/a>","rttpg_excerpt":"Az\u0259rbaycan Respublikas\u0131n\u0131n Prezidenti \u0130lham \u018fliyev \u00f6z\u00fcn\u00fcn &#8220;Twitter&#8221;d\u0259ki s\u0259hif\u0259sind\u0259 Ramazan Bayram\u0131 m\u00fcnasib\u0259til\u0259 payla\u015f\u0131m edib. D\u00f6vl\u0259t ba\u015f\u00e7\u0131s\u0131 h\u0259r k\u0259si bayram m\u00fcnasib\u0259til\u0259 t\u0259brik edib. &nbsp;","_links":{"self":[{"href":"https:\/\/arantv.az\/index.php?rest_route=\/wp\/v2\/posts\/337283"}],"collection":[{"href":"https:\/\/arantv.az\/index.php?rest_route=\/wp\/v2\/posts"}],"about":[{"href":"https:\/\/arantv.az\/index.php?rest_route=\/wp\/v2\/types\/post"}],"author":[{"embeddable":true,"href":"https:\/\/arantv.az\/index.php?rest_route=\/wp\/v2\/users\/2"}],"replies":[{"embeddable":true,"href":"https:\/\/arantv.az\/index.php?rest_route=%2Fwp%2Fv2%2Fcomments&post=337283"}],"version-history":[{"count":0,"href":"https:\/\/arantv.az\/index.php?rest_route=\/wp\/v2\/posts\/337283\/revisions"}],"wp:featuredmedia":[{"embeddable":true,"href":"https:\/\/arantv.az\/index.php?rest_route=\/wp\/v2\/media\/337284"}],"wp:attachment":[{"href":"https:\/\/arantv.az\/index.php?rest_route=%2Fwp%2Fv2%2Fmedia&parent=337283"}],"wp:term":[{"taxonomy":"category","embeddable":true,"href":"https:\/\/arantv.az\/index.php?rest_route=%2Fwp%2Fv2%2Fcategories&post=337283"},{"taxonomy":"post_tag","embeddable":true,"href":"https:\/\/arantv.az\/index.php?rest_route=%2Fwp%2Fv2%2Ftags&post=337283"}],"curies":[{"name":"wp","href":"https:\/\/api.w.org\/{rel}","templated":true}]}}