{"id":337286,"date":"2021-05-13T08:46:10","date_gmt":"2021-05-13T05:46:10","guid":{"rendered":"https:\/\/arantv.az\/?p=337286"},"modified":"2021-05-13T08:46:10","modified_gmt":"2021-05-13T05:46:10","slug":"susada-insa-olunacaq-yeni-m%c9%99scid-nec%c9%99-olacaq-foto-video","status":"publish","type":"post","link":"https:\/\/arantv.az\/?p=337286","title":{"rendered":"\u015eu\u015fada in\u015fa olunacaq yeni m\u0259scid nec\u0259 olacaq? &#8211; FOTO\/V\u0130DEO"},"content":{"rendered":"<p>X\u0259b\u0259r verdiyimiz kimi, bu g\u00fcn prezident \u0130lham \u018fliyev, Birinci vitse-prezident Mehriban \u018fliyeva v\u0259 q\u0131zlar\u0131 Arzu \u018fliyeva il\u0259 Leyla \u018fliyeva \u015eu\u015fa \u015f\u0259h\u0259rind\u0259 in\u015fa edil\u0259c\u0259k m\u0259scidin t\u0259m\u0259lqoyma m\u0259rasimind\u0259 i\u015ftirak edibl\u0259r.<\/p>\n<p>M\u0259scidin memarl\u0131q t\u0259m\u0259lini Az\u0259rbaycanda Z\u0259f\u0259r G\u00fcn\u00fcn\u00fcn r\u0259mzi (8 noyabr 2020-ci il) olan 8 r\u0259q\u0259mi t\u0259\u015fkil edir. Bu r\u0259q\u0259m h\u0259m d\u0259 sonsuzlu\u011fu, \u0259b\u0259diliyi t\u0259c\u0259ss\u00fcm etdirir. M\u0259scidin iki minar\u0259si 11 r\u0259q\u0259mini \u0259ks etdirm\u0259lidir. Bu, \u015eu\u015fa \u015f\u0259h\u0259rinin v\u0259 Qaraba\u011f\u0131n on birinci ayda tam i\u015f\u011faldan azad edilm\u0259sini simvoliz\u0259 edir.<\/p>\n<p>G\u00fcmb\u0259zi mozaika il\u0259 b\u0259z\u0259dil\u0259c\u0259k m\u0259scidin layih\u0259l\u0259ndirilm\u0259si \u0130taliyan\u0131n \u201cSimmetrico\u201d \u015firk\u0259tinin i\u015ftirak\u0131 il\u0259 az\u0259rbaycanl\u0131 v\u0259 italyan memarlarla birg\u0259 h\u0259yata ke\u00e7irilib. M\u0259scidin xarici s\u0259thi \u015eu\u015fan\u0131n q\u0259dim m\u0259scidinin minar\u0259l\u0259rind\u0259 istifad\u0259 edil\u0259n h\u0259nd\u0259si nax\u0131\u015flarla b\u0259z\u0259dil\u0259c\u0259k. Bu memarl\u0131q elementi \u015eu\u015fan\u0131n firavan v\u0259 u\u011furlu g\u0259l\u0259c\u0259yin\u0259 \u0259minliyi, ke\u00e7mi\u015fl\u0259 bu g\u00fcn aras\u0131ndak\u0131 \u0259laq\u0259ni vur\u011fulayacaq.<\/p>\n<div id=\"AdviadNativeVideo0\" class=\"AdviadNativeVideo\"><\/div>\n<p>Layih\u0259l\u0259ndirm\u0259 s\u0259kkiz r\u0259q\u0259minin h\u0259nd\u0259si proyeksiyalar\u0131n\u0131 t\u0259krarlayacaq, m\u0259scidin daxili il\u0259 xarici g\u00f6r\u00fcn\u00fc\u015f\u00fc aras\u0131nda \u0259laq\u0259 yaradacaq.<\/p>\n<p><iframe loading=\"lazy\" title=\"YouTube video player\" src=\"https:\/\/www.youtube.com\/embed\/TJSj6FWyoLY\" width=\"560\" height=\"315\" frameborder=\"0\" allowfullscreen=\"allowfullscreen\" data-mce-fragment=\"1\"><\/iframe><\/p>\n<p>&nbsp;<\/p>\n<div class=\"gallery\">\n<div class=\"gallery-i\"><img src=\"https:\/\/cdn.oxu.az\/uploads\/W1siZiIsIjIwMjEvMDUvMTMvMDAvMDYvMTIvYmFjMGNlOTMtY2RiYi00MWU3LWI1NzctZjlhMmMxNzNiYmRjL21lc2NpZDEyLmpwZyJdLFsicCIsImVuY29kZSIsImpwZyIsIi1xdWFsaXR5IDgwIl0sWyJwIiwidGh1bWIiLCI1OTB4NTkwXHUwMDNlIl1d?sha=b910b62f063e9b3f\" alt=\"\" \/><\/p>\n<div class=\"gallery-i-caption\"><\/div>\n<\/div>\n<div class=\"gallery-i\"><img src=\"https:\/\/cdn.oxu.az\/uploads\/W1siZiIsIjIwMjEvMDUvMTMvMDAvMDYvMTMvMTBlNTNjMjgtMWZiMC00OGJhLTk5MzctN2JhMGIzYTY2NDUwL21lc2NpZDM0LmpwZyJdLFsicCIsImVuY29kZSIsImpwZyIsIi1xdWFsaXR5IDgwIl0sWyJwIiwidGh1bWIiLCI1OTB4NTkwXHUwMDNlIl1d?sha=6913325efc150a56\" alt=\"\" \/><\/p>\n<div class=\"gallery-i-caption\"><\/div>\n<\/div>\n<div class=\"gallery-i\"><img src=\"https:\/\/cdn.oxu.az\/uploads\/W1siZiIsIjIwMjEvMDUvMTMvMDAvMDYvMTMvNzYzMGM3MDMtNTBiZi00NzhhLWJmOWQtNmQ0ZTM0ODBjMWNkL21lc2NpZDMuanBnIl0sWyJwIiwiZW5jb2RlIiwianBnIiwiLXF1YWxpdHkgODAiXSxbInAiLCJ0aHVtYiIsIjU5MHg1OTBcdTAwM2UiXV0?sha=660b058bba1404ea\" alt=\"\" \/><\/p>\n<div class=\"gallery-i-caption\"><\/div>\n<\/div>\n<div class=\"gallery-i\"><img src=\"https:\/\/cdn.oxu.az\/uploads\/W1siZiIsIjIwMjEvMDUvMTMvMDAvMDYvMTMvODQ2ZTBlNWEtNTYxOS00NTVjLWEwZjYtZTM1OWY0OGYzNmNlL21lc2NpZDEuanBnIl0sWyJwIiwiZW5jb2RlIiwianBnIiwiLXF1YWxpdHkgODAiXSxbInAiLCJ0aHVtYiIsIjU5MHg1OTBcdTAwM2UiXV0?sha=12aa8c57e01683b4\" alt=\"\" \/><\/div>\n<\/div>\n","protected":false},"excerpt":{"rendered":"<p>X\u0259b\u0259r verdiyimiz kimi, bu g\u00fcn prezident \u0130lham \u018fliyev, Birinci vitse-prezident Mehriban \u018fliyeva v\u0259 q\u0131zlar\u0131 Arzu \u018fliyeva il\u0259 Leyla \u018fliyeva \u015eu\u015fa \u015f\u0259h\u0259rind\u0259 in\u015fa edil\u0259c\u0259k m\u0259scidin t\u0259m\u0259lqoyma m\u0259rasimind\u0259 i\u015ftirak edibl\u0259r. M\u0259scidin memarl\u0131q t\u0259m\u0259lini Az\u0259rbaycanda Z\u0259f\u0259r G\u00fcn\u00fcn\u00fcn r\u0259mzi (8 noyabr 2020-ci il) olan 8 r\u0259q\u0259mi t\u0259\u015fkil edir. Bu r\u0259q\u0259m h\u0259m d\u0259 sonsuzlu\u011fu, \u0259b\u0259diliyi t\u0259c\u0259ss\u00fcm etdirir. M\u0259scidin iki minar\u0259si 11 r\u0259q\u0259mini \u0259ks etdirm\u0259lidir. Bu, \u015eu\u015fa \u015f\u0259h\u0259rinin v\u0259 Qaraba\u011f\u0131n on birinci ayda tam i\u015f\u011faldan azad edilm\u0259sini simvoliz\u0259 edir. G\u00fcmb\u0259zi mozaika il\u0259 b\u0259z\u0259dil\u0259c\u0259k m\u0259scidin layih\u0259l\u0259ndirilm\u0259si \u0130taliyan\u0131n \u201cSimmetrico\u201d \u015firk\u0259tinin i\u015ftirak\u0131 il\u0259 az\u0259rbaycanl\u0131 v\u0259 italyan memarlarla birg\u0259 h\u0259yata&hellip;<\/p>\n","protected":false},"author":2,"featured_media":337287,"comment_status":"closed","ping_status":"closed","sticky":false,"template":"","format":"standard","meta":{"om_disable_all_campaigns":false,"_monsterinsights_skip_tracking":false,"_monsterinsights_sitenote_active":false,"_monsterinsights_sitenote_note":"","_monsterinsights_sitenote_category":0},"categories":[4],"tags":[],"aioseo_notices":[],"gutentor_comment":0,"rttpg_featured_image_url":{"full":["https:\/\/arantv.az\/wp-content\/uploads\/2021\/05\/mescid.jpg",620,389,false],"landscape":["https:\/\/arantv.az\/wp-content\/uploads\/2021\/05\/mescid.jpg",620,389,false],"portraits":["https:\/\/arantv.az\/wp-content\/uploads\/2021\/05\/mescid.jpg",620,389,false],"thumbnail":["https:\/\/arantv.az\/wp-content\/uploads\/2021\/05\/mescid-500x280.jpg",500,280,true],"medium":["https:\/\/arantv.az\/wp-content\/uploads\/2021\/05\/mescid-582x365.jpg",582,365,true],"large":["https:\/\/arantv.az\/wp-content\/uploads\/2021\/05\/mescid.jpg",620,389,false],"1536x1536":["https:\/\/arantv.az\/wp-content\/uploads\/2021\/05\/mescid.jpg",620,389,false],"2048x2048":["https:\/\/arantv.az\/wp-content\/uploads\/2021\/05\/mescid.jpg",620,389,false],"post-thumbnail":["https:\/\/arantv.az\/wp-content\/uploads\/2021\/05\/mescid-240x172.jpg",240,172,true],"advps-thumb-one":["https:\/\/arantv.az\/wp-content\/uploads\/2021\/05\/mescid.jpg",620,389,false]},"rttpg_author":{"display_name":"V\u00fcsal Rafiqo\u011flu","author_link":"https:\/\/arantv.az\/?author=2"},"rttpg_comment":0,"rttpg_category":"<a href=\"https:\/\/arantv.az\/?cat=4\" rel=\"category\">Siyas\u0259t<\/a>","rttpg_excerpt":"X\u0259b\u0259r verdiyimiz kimi, bu g\u00fcn prezident \u0130lham \u018fliyev, Birinci vitse-prezident Mehriban \u018fliyeva v\u0259 q\u0131zlar\u0131 Arzu \u018fliyeva il\u0259 Leyla \u018fliyeva \u015eu\u015fa \u015f\u0259h\u0259rind\u0259 in\u015fa edil\u0259c\u0259k m\u0259scidin t\u0259m\u0259lqoyma m\u0259rasimind\u0259 i\u015ftirak edibl\u0259r. M\u0259scidin memarl\u0131q t\u0259m\u0259lini Az\u0259rbaycanda Z\u0259f\u0259r G\u00fcn\u00fcn\u00fcn r\u0259mzi (8 noyabr 2020-ci il) olan 8 r\u0259q\u0259mi t\u0259\u015fkil edir. Bu r\u0259q\u0259m h\u0259m d\u0259 sonsuzlu\u011fu, \u0259b\u0259diliyi t\u0259c\u0259ss\u00fcm etdirir. M\u0259scidin iki minar\u0259si&hellip;","_links":{"self":[{"href":"https:\/\/arantv.az\/index.php?rest_route=\/wp\/v2\/posts\/337286"}],"collection":[{"href":"https:\/\/arantv.az\/index.php?rest_route=\/wp\/v2\/posts"}],"about":[{"href":"https:\/\/arantv.az\/index.php?rest_route=\/wp\/v2\/types\/post"}],"author":[{"embeddable":true,"href":"https:\/\/arantv.az\/index.php?rest_route=\/wp\/v2\/users\/2"}],"replies":[{"embeddable":true,"href":"https:\/\/arantv.az\/index.php?rest_route=%2Fwp%2Fv2%2Fcomments&post=337286"}],"version-history":[{"count":0,"href":"https:\/\/arantv.az\/index.php?rest_route=\/wp\/v2\/posts\/337286\/revisions"}],"wp:featuredmedia":[{"embeddable":true,"href":"https:\/\/arantv.az\/index.php?rest_route=\/wp\/v2\/media\/337287"}],"wp:attachment":[{"href":"https:\/\/arantv.az\/index.php?rest_route=%2Fwp%2Fv2%2Fmedia&parent=337286"}],"wp:term":[{"taxonomy":"category","embeddable":true,"href":"https:\/\/arantv.az\/index.php?rest_route=%2Fwp%2Fv2%2Fcategories&post=337286"},{"taxonomy":"post_tag","embeddable":true,"href":"https:\/\/arantv.az\/index.php?rest_route=%2Fwp%2Fv2%2Ftags&post=337286"}],"curies":[{"name":"wp","href":"https:\/\/api.w.org\/{rel}","templated":true}]}}