{"id":337289,"date":"2021-05-13T08:47:10","date_gmt":"2021-05-13T05:47:10","guid":{"rendered":"https:\/\/arantv.az\/?p=337289"},"modified":"2021-05-13T08:47:10","modified_gmt":"2021-05-13T05:47:10","slug":"mehriban-%c9%99liyeva-ramazan-bayrami-munasib%c9%99ti-il%c9%99-xalqimizi-t%c9%99brik-etdi-foto","status":"publish","type":"post","link":"https:\/\/arantv.az\/?p=337289","title":{"rendered":"Mehriban \u018fliyeva Ramazan bayram\u0131 m\u00fcnasib\u0259ti il\u0259 xalq\u0131m\u0131z\u0131 t\u0259brik etdi &#8211; FOTO"},"content":{"rendered":"<p>Birinci vitse-prezident Mehriban \u018fliyeva Ramazan bayram\u0131 m\u00fcnasib\u0259ti il\u0259 Az\u0259rbaycan xalq\u0131n\u0131 t\u0259brik edib.<\/p>\n<p>O, fikirl\u0259rini \u201cInstagram\u201d hesab\u0131nda b\u00f6l\u00fc\u015f\u00fcb:<\/p>\n<div id=\"AdviadNativeVideo0\" class=\"AdviadNativeVideo\"><\/div>\n<p>\u201c\u018fziz h\u0259mv\u0259t\u0259nl\u0259r!<\/p>\n<p>T\u0259sviredilm\u0259z q\u00fcrur v\u0259 sevinc hissi il\u0259 bizim do\u011fma \u015eu\u015fa \u015f\u0259h\u0259rimizd\u0259n h\u0259r biriniz\u0259 \u0259n xo\u015f arzular\u0131m\u0131 v\u0259 m\u00fcq\u0259dd\u0259s Ramazan bayram\u0131 m\u00fcnasib\u0259til\u0259 s\u0259mimi t\u0259brikl\u0259rimi \u00e7atd\u0131r\u0131ram! Qoy insanlar\u0131 s\u00fclh\u0259, birliy\u0259, h\u0259mr\u0259yliy\u0259, xeyirxahl\u0131\u011fa v\u0259 m\u0259n\u0259vi kamilliy\u0259 d\u0259v\u0259t ed\u0259n bu bayram h\u0259r birinizin oca\u011f\u0131na sa\u011fl\u0131q, qar\u015f\u0131l\u0131ql\u0131 anla\u015fma v\u0259 \u0259min-amanl\u0131q g\u0259tirsin!<br \/>\nV\u0259t\u0259n u\u011frunda h\u0259lak olmu\u015f \u015f\u0259hidl\u0259rimizin xatir\u0259sini ehtiramla yad edir\u0259m. Onlar\u0131n do\u011fma v\u0259 yax\u0131nlar\u0131na s\u0259bir dil\u0259yir\u0259m. Uca Tanr\u0131 m\u0259rh\u0259m\u0259tini xalq\u0131m\u0131zdan he\u00e7 zaman \u0259sirg\u0259m\u0259sin!<br \/>\nB\u00fct\u00fcn d\u00fcnya m\u00fcs\u0259lmanlar\u0131n\u0131 Ramazan bayram\u0131 m\u00fcnasib\u0259til\u0259 \u00fcr\u0259kd\u0259n t\u0259brik edir\u0259m, Allahdan onlar\u0131n dua v\u0259 oruclar\u0131n\u0131n q\u0259bul olunmas\u0131n\u0131 dil\u0259yir\u0259m\u201d.<\/p>\n<div><iframe id=\"instagram-embed-0\" class=\"instagram-media instagram-media-rendered\" src=\"https:\/\/www.instagram.com\/p\/COzKTrUgrFh\/embed\/captioned\/?cr=1&amp;v=13&amp;wp=540&amp;rd=https%3A%2F%2Foxu.az&amp;rp=%2Fpolitics%2F493594#%7B%22ci%22%3A0%2C%22os%22%3A993.7949999999773%2C%22ls%22%3A951.9599999999855%2C%22le%22%3A965.0049999999624%7D\" height=\"1357\" frameborder=\"0\" scrolling=\"no\" allowfullscreen=\"allowfullscreen\" data-instgrm-payload-id=\"instagram-media-payload-0\" data-mce-fragment=\"1\"><\/iframe><\/div>\n<p>&nbsp;<\/p>\n","protected":false},"excerpt":{"rendered":"<p>Birinci vitse-prezident Mehriban \u018fliyeva Ramazan bayram\u0131 m\u00fcnasib\u0259ti il\u0259 Az\u0259rbaycan xalq\u0131n\u0131 t\u0259brik edib. O, fikirl\u0259rini \u201cInstagram\u201d hesab\u0131nda b\u00f6l\u00fc\u015f\u00fcb: \u201c\u018fziz h\u0259mv\u0259t\u0259nl\u0259r! T\u0259sviredilm\u0259z q\u00fcrur v\u0259 sevinc hissi il\u0259 bizim do\u011fma \u015eu\u015fa \u015f\u0259h\u0259rimizd\u0259n h\u0259r biriniz\u0259 \u0259n xo\u015f arzular\u0131m\u0131 v\u0259 m\u00fcq\u0259dd\u0259s Ramazan bayram\u0131 m\u00fcnasib\u0259til\u0259 s\u0259mimi t\u0259brikl\u0259rimi \u00e7atd\u0131r\u0131ram! Qoy insanlar\u0131 s\u00fclh\u0259, birliy\u0259, h\u0259mr\u0259yliy\u0259, xeyirxahl\u0131\u011fa v\u0259 m\u0259n\u0259vi kamilliy\u0259 d\u0259v\u0259t ed\u0259n bu bayram h\u0259r birinizin oca\u011f\u0131na sa\u011fl\u0131q, qar\u015f\u0131l\u0131ql\u0131 anla\u015fma v\u0259 \u0259min-amanl\u0131q g\u0259tirsin! V\u0259t\u0259n u\u011frunda h\u0259lak olmu\u015f \u015f\u0259hidl\u0259rimizin xatir\u0259sini ehtiramla yad edir\u0259m. Onlar\u0131n do\u011fma v\u0259 yax\u0131nlar\u0131na s\u0259bir dil\u0259yir\u0259m. Uca Tanr\u0131 m\u0259rh\u0259m\u0259tini xalq\u0131m\u0131zdan he\u00e7 zaman \u0259sirg\u0259m\u0259sin! B\u00fct\u00fcn d\u00fcnya m\u00fcs\u0259lmanlar\u0131n\u0131 Ramazan&hellip;<\/p>\n","protected":false},"author":2,"featured_media":337290,"comment_status":"closed","ping_status":"closed","sticky":false,"template":"","format":"standard","meta":{"om_disable_all_campaigns":false,"_monsterinsights_skip_tracking":false,"_monsterinsights_sitenote_active":false,"_monsterinsights_sitenote_note":"","_monsterinsights_sitenote_category":0},"categories":[4],"tags":[],"aioseo_notices":[],"gutentor_comment":0,"rttpg_featured_image_url":{"full":["https:\/\/arantv.az\/wp-content\/uploads\/2021\/05\/1596172395_1580630667_a7c00e48-36a8-4de1-9d58-209e16a6b23a.jpg",620,412,false],"landscape":["https:\/\/arantv.az\/wp-content\/uploads\/2021\/05\/1596172395_1580630667_a7c00e48-36a8-4de1-9d58-209e16a6b23a.jpg",620,412,false],"portraits":["https:\/\/arantv.az\/wp-content\/uploads\/2021\/05\/1596172395_1580630667_a7c00e48-36a8-4de1-9d58-209e16a6b23a.jpg",620,412,false],"thumbnail":["https:\/\/arantv.az\/wp-content\/uploads\/2021\/05\/1596172395_1580630667_a7c00e48-36a8-4de1-9d58-209e16a6b23a-500x280.jpg",500,280,true],"medium":["https:\/\/arantv.az\/wp-content\/uploads\/2021\/05\/1596172395_1580630667_a7c00e48-36a8-4de1-9d58-209e16a6b23a-549x365.jpg",549,365,true],"large":["https:\/\/arantv.az\/wp-content\/uploads\/2021\/05\/1596172395_1580630667_a7c00e48-36a8-4de1-9d58-209e16a6b23a.jpg",620,412,false],"1536x1536":["https:\/\/arantv.az\/wp-content\/uploads\/2021\/05\/1596172395_1580630667_a7c00e48-36a8-4de1-9d58-209e16a6b23a.jpg",620,412,false],"2048x2048":["https:\/\/arantv.az\/wp-content\/uploads\/2021\/05\/1596172395_1580630667_a7c00e48-36a8-4de1-9d58-209e16a6b23a.jpg",620,412,false],"post-thumbnail":["https:\/\/arantv.az\/wp-content\/uploads\/2021\/05\/1596172395_1580630667_a7c00e48-36a8-4de1-9d58-209e16a6b23a-240x172.jpg",240,172,true],"advps-thumb-one":["https:\/\/arantv.az\/wp-content\/uploads\/2021\/05\/1596172395_1580630667_a7c00e48-36a8-4de1-9d58-209e16a6b23a.jpg",620,412,false]},"rttpg_author":{"display_name":"V\u00fcsal Rafiqo\u011flu","author_link":"https:\/\/arantv.az\/?author=2"},"rttpg_comment":0,"rttpg_category":"<a href=\"https:\/\/arantv.az\/?cat=4\" rel=\"category\">Siyas\u0259t<\/a>","rttpg_excerpt":"Birinci vitse-prezident Mehriban \u018fliyeva Ramazan bayram\u0131 m\u00fcnasib\u0259ti il\u0259 Az\u0259rbaycan xalq\u0131n\u0131 t\u0259brik edib. O, fikirl\u0259rini \u201cInstagram\u201d hesab\u0131nda b\u00f6l\u00fc\u015f\u00fcb: \u201c\u018fziz h\u0259mv\u0259t\u0259nl\u0259r! T\u0259sviredilm\u0259z q\u00fcrur v\u0259 sevinc hissi il\u0259 bizim do\u011fma \u015eu\u015fa \u015f\u0259h\u0259rimizd\u0259n h\u0259r biriniz\u0259 \u0259n xo\u015f arzular\u0131m\u0131 v\u0259 m\u00fcq\u0259dd\u0259s Ramazan bayram\u0131 m\u00fcnasib\u0259til\u0259 s\u0259mimi t\u0259brikl\u0259rimi \u00e7atd\u0131r\u0131ram! Qoy insanlar\u0131 s\u00fclh\u0259, birliy\u0259, h\u0259mr\u0259yliy\u0259, xeyirxahl\u0131\u011fa v\u0259 m\u0259n\u0259vi kamilliy\u0259 d\u0259v\u0259t ed\u0259n bu bayram&hellip;","_links":{"self":[{"href":"https:\/\/arantv.az\/index.php?rest_route=\/wp\/v2\/posts\/337289"}],"collection":[{"href":"https:\/\/arantv.az\/index.php?rest_route=\/wp\/v2\/posts"}],"about":[{"href":"https:\/\/arantv.az\/index.php?rest_route=\/wp\/v2\/types\/post"}],"author":[{"embeddable":true,"href":"https:\/\/arantv.az\/index.php?rest_route=\/wp\/v2\/users\/2"}],"replies":[{"embeddable":true,"href":"https:\/\/arantv.az\/index.php?rest_route=%2Fwp%2Fv2%2Fcomments&post=337289"}],"version-history":[{"count":0,"href":"https:\/\/arantv.az\/index.php?rest_route=\/wp\/v2\/posts\/337289\/revisions"}],"wp:featuredmedia":[{"embeddable":true,"href":"https:\/\/arantv.az\/index.php?rest_route=\/wp\/v2\/media\/337290"}],"wp:attachment":[{"href":"https:\/\/arantv.az\/index.php?rest_route=%2Fwp%2Fv2%2Fmedia&parent=337289"}],"wp:term":[{"taxonomy":"category","embeddable":true,"href":"https:\/\/arantv.az\/index.php?rest_route=%2Fwp%2Fv2%2Fcategories&post=337289"},{"taxonomy":"post_tag","embeddable":true,"href":"https:\/\/arantv.az\/index.php?rest_route=%2Fwp%2Fv2%2Ftags&post=337289"}],"curies":[{"name":"wp","href":"https:\/\/api.w.org\/{rel}","templated":true}]}}