{"id":3373,"date":"2018-08-01T09:48:26","date_gmt":"2018-08-01T06:48:26","guid":{"rendered":"http:\/\/arantv.az\/?p=3373"},"modified":"2018-08-01T09:48:26","modified_gmt":"2018-08-01T06:48:26","slug":"23-yasli-qiz-ozunu-oldurm%c9%99k-ist%c9%99di","status":"publish","type":"post","link":"https:\/\/arantv.az\/?p=3373","title":{"rendered":"23 ya\u015fl\u0131 q\u0131z \u00f6z\u00fcn\u00fc \u00f6ld\u00fcrm\u0259k ist\u0259di"},"content":{"rendered":"<p><strong>Zaqatala rayonunda intihara c\u0259hd olub.<\/strong><\/p>\n<p><strong>ARANTV.AZ<\/strong> APA-ya istinad\u0259n x\u0259b\u0259r verir ki, iyulun 31-i ax\u015fam saatlar\u0131nda rayonun Dana\u00e7\u0131 k\u0259nd sakini, 1995-ci il t\u0259v\u0259ll\u00fcdl\u00fc G\u00fclar\u0259 Ayd\u0131n q\u0131z\u0131 Bu\u011fluyeva z\u0259h\u0259rl\u0259nm\u0259 \u0259lam\u0259tl\u0259ri il\u0259 Zaqatala M\u0259rk\u0259zi Rayon X\u0259st\u0259xanas\u0131na (MRX) daxil olub.<\/p>\n<p>MRX-dan APA-ya bildirilib ki, m\u00fcayin\u0259 zaman\u0131 23 ya\u015fl\u0131 G\u00fclar\u0259 Bu\u011fluyevan\u0131n \u00f6z\u00fcn\u0259 q\u0259sd etm\u0259k m\u0259qs\u0259di il\u0259 m\u00fcxt\u0259lif adda bir ne\u00e7\u0259 d\u0259rman h\u0259bi q\u0259bul etdiyi m\u0259lum olub.<\/p>\n<p>X\u0259st\u0259xanan\u0131n reanimasiya \u015f\u00f6b\u0259sin\u0259 yerl\u0259\u015fdiril\u0259n G\u00fclar\u0259 Bu\u011fluyevaya laz\u0131mi tibbi yard\u0131m g\u00f6st\u0259rildikd\u0259n sonra v\u0259ziyy\u0259ti stabill\u0259\u015fib, m\u00fcalic\u0259si davam etdirilir.<\/p>\n<p>Faktla ba\u011fl\u0131 Zaqatala Rayon Prokurorlu\u011funda ara\u015fd\u0131rma apar\u0131l\u0131r.<\/p>\n","protected":false},"excerpt":{"rendered":"<p>Zaqatala rayonunda intihara c\u0259hd olub. ARANTV.AZ APA-ya istinad\u0259n x\u0259b\u0259r verir ki, iyulun 31-i ax\u015fam saatlar\u0131nda rayonun Dana\u00e7\u0131 k\u0259nd sakini, 1995-ci il t\u0259v\u0259ll\u00fcdl\u00fc G\u00fclar\u0259 Ayd\u0131n q\u0131z\u0131 Bu\u011fluyeva z\u0259h\u0259rl\u0259nm\u0259 \u0259lam\u0259tl\u0259ri il\u0259 Zaqatala M\u0259rk\u0259zi Rayon X\u0259st\u0259xanas\u0131na (MRX) daxil olub. MRX-dan APA-ya bildirilib ki, m\u00fcayin\u0259 zaman\u0131 23 ya\u015fl\u0131 G\u00fclar\u0259 Bu\u011fluyevan\u0131n \u00f6z\u00fcn\u0259 q\u0259sd etm\u0259k m\u0259qs\u0259di il\u0259 m\u00fcxt\u0259lif adda bir ne\u00e7\u0259 d\u0259rman h\u0259bi q\u0259bul etdiyi m\u0259lum olub. X\u0259st\u0259xanan\u0131n reanimasiya \u015f\u00f6b\u0259sin\u0259 yerl\u0259\u015fdiril\u0259n G\u00fclar\u0259 Bu\u011fluyevaya laz\u0131mi tibbi yard\u0131m g\u00f6st\u0259rildikd\u0259n sonra v\u0259ziyy\u0259ti stabill\u0259\u015fib, m\u00fcalic\u0259si davam etdirilir. Faktla ba\u011fl\u0131 Zaqatala Rayon Prokurorlu\u011funda ara\u015fd\u0131rma apar\u0131l\u0131r.<\/p>\n","protected":false},"author":2,"featured_media":3374,"comment_status":"open","ping_status":"open","sticky":false,"template":"","format":"standard","meta":{"om_disable_all_campaigns":false,"_monsterinsights_skip_tracking":false,"_monsterinsights_sitenote_active":false,"_monsterinsights_sitenote_note":"","_monsterinsights_sitenote_category":0},"categories":[5],"tags":[],"aioseo_notices":[],"gutentor_comment":0,"rttpg_featured_image_url":{"full":["https:\/\/arantv.az\/wp-content\/uploads\/2018\/08\/derman_28347576.jpg",800,600,false],"landscape":["https:\/\/arantv.az\/wp-content\/uploads\/2018\/08\/derman_28347576.jpg",800,600,false],"portraits":["https:\/\/arantv.az\/wp-content\/uploads\/2018\/08\/derman_28347576.jpg",800,600,false],"thumbnail":["https:\/\/arantv.az\/wp-content\/uploads\/2018\/08\/derman_28347576-150x150.jpg",150,150,true],"medium":["https:\/\/arantv.az\/wp-content\/uploads\/2018\/08\/derman_28347576-300x225.jpg",300,225,true],"large":["https:\/\/arantv.az\/wp-content\/uploads\/2018\/08\/derman_28347576.jpg",640,480,false],"1536x1536":["https:\/\/arantv.az\/wp-content\/uploads\/2018\/08\/derman_28347576.jpg",800,600,false],"2048x2048":["https:\/\/arantv.az\/wp-content\/uploads\/2018\/08\/derman_28347576.jpg",800,600,false],"post-thumbnail":["https:\/\/arantv.az\/wp-content\/uploads\/2018\/08\/derman_28347576.jpg",229,172,false],"advps-thumb-one":["https:\/\/arantv.az\/wp-content\/uploads\/2018\/08\/derman_28347576.jpg",800,600,false]},"rttpg_author":{"display_name":"V\u00fcsal Rafiqo\u011flu","author_link":"https:\/\/arantv.az\/?author=2"},"rttpg_comment":0,"rttpg_category":"<a href=\"https:\/\/arantv.az\/?cat=5\" rel=\"category\">Hadis\u0259<\/a>","rttpg_excerpt":"Zaqatala rayonunda intihara c\u0259hd olub. ARANTV.AZ APA-ya istinad\u0259n x\u0259b\u0259r verir ki, iyulun 31-i ax\u015fam saatlar\u0131nda rayonun Dana\u00e7\u0131 k\u0259nd sakini, 1995-ci il t\u0259v\u0259ll\u00fcdl\u00fc G\u00fclar\u0259 Ayd\u0131n q\u0131z\u0131 Bu\u011fluyeva z\u0259h\u0259rl\u0259nm\u0259 \u0259lam\u0259tl\u0259ri il\u0259 Zaqatala M\u0259rk\u0259zi Rayon X\u0259st\u0259xanas\u0131na (MRX) daxil olub. MRX-dan APA-ya bildirilib ki, m\u00fcayin\u0259 zaman\u0131 23 ya\u015fl\u0131 G\u00fclar\u0259 Bu\u011fluyevan\u0131n \u00f6z\u00fcn\u0259 q\u0259sd etm\u0259k m\u0259qs\u0259di il\u0259 m\u00fcxt\u0259lif adda bir ne\u00e7\u0259&hellip;","_links":{"self":[{"href":"https:\/\/arantv.az\/index.php?rest_route=\/wp\/v2\/posts\/3373"}],"collection":[{"href":"https:\/\/arantv.az\/index.php?rest_route=\/wp\/v2\/posts"}],"about":[{"href":"https:\/\/arantv.az\/index.php?rest_route=\/wp\/v2\/types\/post"}],"author":[{"embeddable":true,"href":"https:\/\/arantv.az\/index.php?rest_route=\/wp\/v2\/users\/2"}],"replies":[{"embeddable":true,"href":"https:\/\/arantv.az\/index.php?rest_route=%2Fwp%2Fv2%2Fcomments&post=3373"}],"version-history":[{"count":0,"href":"https:\/\/arantv.az\/index.php?rest_route=\/wp\/v2\/posts\/3373\/revisions"}],"wp:featuredmedia":[{"embeddable":true,"href":"https:\/\/arantv.az\/index.php?rest_route=\/wp\/v2\/media\/3374"}],"wp:attachment":[{"href":"https:\/\/arantv.az\/index.php?rest_route=%2Fwp%2Fv2%2Fmedia&parent=3373"}],"wp:term":[{"taxonomy":"category","embeddable":true,"href":"https:\/\/arantv.az\/index.php?rest_route=%2Fwp%2Fv2%2Fcategories&post=3373"},{"taxonomy":"post_tag","embeddable":true,"href":"https:\/\/arantv.az\/index.php?rest_route=%2Fwp%2Fv2%2Ftags&post=3373"}],"curies":[{"name":"wp","href":"https:\/\/api.w.org\/{rel}","templated":true}]}}