{"id":337303,"date":"2021-05-13T08:51:03","date_gmt":"2021-05-13T05:51:03","guid":{"rendered":"https:\/\/arantv.az\/?p=337303"},"modified":"2021-05-13T08:51:03","modified_gmt":"2021-05-13T05:51:03","slug":"susada-bayram-namazi-qilinib-yenil%c9%99nib","status":"publish","type":"post","link":"https:\/\/arantv.az\/?p=337303","title":{"rendered":"\u015eu\u015fada bayram namaz\u0131 q\u0131l\u0131n\u0131b &#8211; YEN\u0130L\u018fN\u0130B"},"content":{"rendered":"<div class=\"content lead font-weight-normal\">\n<p>29 ild\u0259n sonra i\u015f\u011faldan azad olunmu\u015f Az\u0259rbaycan\u0131n dilb\u0259r g\u00fc\u015f\u0259si \u015eu\u015fada Ramazan bayram\u0131 namaz\u0131 q\u0131l\u0131n\u0131r.<\/p>\n<p><strong>ARANTV.AZ<\/strong>-\u0131n m\u0259lumat\u0131na g\u00f6r\u0259, Bak\u0131 Media M\u0259rk\u0259zi Qaraba\u011f\u0131n mirvaris\u0131 \u015eu\u015fada ba\u015f tutacaq \u0130slam al\u0259minin M\u00fcq\u0259dd\u0259s ay\u0131 il\u0259 ba\u011fl\u0131 bayram namaz\u0131n\u0131n \u00e7\u0259kili\u015fini v\u0259 canl\u0131 yay\u0131m\u0131n\u0131 h\u0259yata ke\u00e7irir.<\/p>\n<p>***<\/p>\n<p>\u0130\u015f\u011faldan azad olunmu\u015f \u015eu\u015fa \u015f\u0259h\u0259rind\u0259 29 ild\u0259n sonra ilk d\u0259f\u0259 q\u0131l\u0131nan Ramazan bayram\u0131 namaz\u0131 ba\u015fa \u00e7at\u0131b.<\/p>\n<p>&#8220;\u0130ki sahil&#8221; x\u0259b\u0259r verir ki, bayram namaz\u0131 Yuxar\u0131 G\u00f6vh\u0259ra\u011fa m\u0259scidind\u0259 QM\u0130 s\u0259drinin s\u0259lahiyy\u0259tli n\u00fcmay\u0259nd\u0259si, din xadimi Hac\u0131 \u015eahin H\u0259s\u0259nlinin imam\u0259tliyi il\u0259 q\u0131l\u0131n\u0131b.<\/p>\n<p>Bayram namaz\u0131ndan sonra Hac\u0131 \u015eahin H\u0259s\u0259nli x\u00fctb\u0259 s\u00f6yl\u0259yib v\u0259 dualar oxunub.<\/p>\n<div class=\"clearfix\"><\/div>\n<\/div>\n<div class=\"fotorama--hidden\"><\/div>\n<div id=\"galleryList\" class=\"fotorama fotorama1620885010847\" data-nav=\"thumbs\" data-width=\"100%\" data-thumbwidth=\"90\" data-thumbheight=\"60\" data-allowfullscreen=\"true\" data-autoplay=\"3000\" data-ratio=\"1.5\" data-keyboard=\"true\" data-fit=\"contain\">\n<div class=\"fotorama__wrap fotorama__wrap--css3 fotorama__wrap--slide fotorama__wrap--toggle-arrows fotorama__wrap--no-controls\">\n<div class=\"fotorama__stage\">\n<div class=\"fotorama__fullscreen-icon\" tabindex=\"0\" role=\"button\"><\/div>\n<div class=\"fotorama__stage__shaft\">\n<div class=\"fotorama__stage__frame fotorama__loaded fotorama__loaded--img fotorama__active\"><img class=\"fotorama__img\" src=\"https:\/\/ikisahil.az\/photo\/0x0_2\/upload\/gallery\/2021\/05\/13\/-ae2a2db4162088488249747644811093788.jpg\" \/><\/div>\n<\/div>\n<div class=\"fotorama__video-close\"><\/div>\n<\/div>\n<\/div>\n<\/div>\n<p><iframe loading=\"lazy\" src=\"https:\/\/www.youtube.com\/embed\/vnBH3EiqWYU\" width=\"100%\" height=\"450\" frameborder=\"0\" allowfullscreen=\"allowfullscreen\" data-mce-fragment=\"1\"><\/iframe><\/p>\n<div class=\"sharing my-2 row no-gutters d-print-none\">\n<div class=\"col-md-3\"><\/div>\n<\/div>\n","protected":false},"excerpt":{"rendered":"<p>29 ild\u0259n sonra i\u015f\u011faldan azad olunmu\u015f Az\u0259rbaycan\u0131n dilb\u0259r g\u00fc\u015f\u0259si \u015eu\u015fada Ramazan bayram\u0131 namaz\u0131 q\u0131l\u0131n\u0131r. ARANTV.AZ-\u0131n m\u0259lumat\u0131na g\u00f6r\u0259, Bak\u0131 Media M\u0259rk\u0259zi Qaraba\u011f\u0131n mirvaris\u0131 \u015eu\u015fada ba\u015f tutacaq \u0130slam al\u0259minin M\u00fcq\u0259dd\u0259s ay\u0131 il\u0259 ba\u011fl\u0131 bayram namaz\u0131n\u0131n \u00e7\u0259kili\u015fini v\u0259 canl\u0131 yay\u0131m\u0131n\u0131 h\u0259yata ke\u00e7irir. *** \u0130\u015f\u011faldan azad olunmu\u015f \u015eu\u015fa \u015f\u0259h\u0259rind\u0259 29 ild\u0259n sonra ilk d\u0259f\u0259 q\u0131l\u0131nan Ramazan bayram\u0131 namaz\u0131 ba\u015fa \u00e7at\u0131b. &#8220;\u0130ki sahil&#8221; x\u0259b\u0259r verir ki, bayram namaz\u0131 Yuxar\u0131 G\u00f6vh\u0259ra\u011fa m\u0259scidind\u0259 QM\u0130 s\u0259drinin s\u0259lahiyy\u0259tli n\u00fcmay\u0259nd\u0259si, din xadimi Hac\u0131 \u015eahin H\u0259s\u0259nlinin imam\u0259tliyi il\u0259 q\u0131l\u0131n\u0131b. Bayram namaz\u0131ndan sonra Hac\u0131 \u015eahin H\u0259s\u0259nli x\u00fctb\u0259 s\u00f6yl\u0259yib v\u0259 dualar oxunub.<\/p>\n","protected":false},"author":2,"featured_media":337304,"comment_status":"closed","ping_status":"closed","sticky":false,"template":"","format":"standard","meta":{"om_disable_all_campaigns":false,"_monsterinsights_skip_tracking":false,"_monsterinsights_sitenote_active":false,"_monsterinsights_sitenote_note":"","_monsterinsights_sitenote_category":0},"categories":[27],"tags":[],"aioseo_notices":[],"gutentor_comment":0,"rttpg_featured_image_url":{"full":["https:\/\/arantv.az\/wp-content\/uploads\/2021\/05\/ccc36675162088217258849036110202866.jpg",975,540,false],"landscape":["https:\/\/arantv.az\/wp-content\/uploads\/2021\/05\/ccc36675162088217258849036110202866.jpg",975,540,false],"portraits":["https:\/\/arantv.az\/wp-content\/uploads\/2021\/05\/ccc36675162088217258849036110202866.jpg",975,540,false],"thumbnail":["https:\/\/arantv.az\/wp-content\/uploads\/2021\/05\/ccc36675162088217258849036110202866-500x280.jpg",500,280,true],"medium":["https:\/\/arantv.az\/wp-content\/uploads\/2021\/05\/ccc36675162088217258849036110202866-660x365.jpg",660,365,true],"large":["https:\/\/arantv.az\/wp-content\/uploads\/2021\/05\/ccc36675162088217258849036110202866-840x465.jpg",640,354,true],"1536x1536":["https:\/\/arantv.az\/wp-content\/uploads\/2021\/05\/ccc36675162088217258849036110202866.jpg",975,540,false],"2048x2048":["https:\/\/arantv.az\/wp-content\/uploads\/2021\/05\/ccc36675162088217258849036110202866.jpg",975,540,false],"post-thumbnail":["https:\/\/arantv.az\/wp-content\/uploads\/2021\/05\/ccc36675162088217258849036110202866-240x172.jpg",240,172,true],"advps-thumb-one":["https:\/\/arantv.az\/wp-content\/uploads\/2021\/05\/ccc36675162088217258849036110202866.jpg",975,540,false]},"rttpg_author":{"display_name":"V\u00fcsal Rafiqo\u011flu","author_link":"https:\/\/arantv.az\/?author=2"},"rttpg_comment":0,"rttpg_category":"<a href=\"https:\/\/arantv.az\/?cat=27\" rel=\"category\">\u0130SLAM<\/a>","rttpg_excerpt":"29 ild\u0259n sonra i\u015f\u011faldan azad olunmu\u015f Az\u0259rbaycan\u0131n dilb\u0259r g\u00fc\u015f\u0259si \u015eu\u015fada Ramazan bayram\u0131 namaz\u0131 q\u0131l\u0131n\u0131r. ARANTV.AZ-\u0131n m\u0259lumat\u0131na g\u00f6r\u0259, Bak\u0131 Media M\u0259rk\u0259zi Qaraba\u011f\u0131n mirvaris\u0131 \u015eu\u015fada ba\u015f tutacaq \u0130slam al\u0259minin M\u00fcq\u0259dd\u0259s ay\u0131 il\u0259 ba\u011fl\u0131 bayram namaz\u0131n\u0131n \u00e7\u0259kili\u015fini v\u0259 canl\u0131 yay\u0131m\u0131n\u0131 h\u0259yata ke\u00e7irir. *** \u0130\u015f\u011faldan azad olunmu\u015f \u015eu\u015fa \u015f\u0259h\u0259rind\u0259 29 ild\u0259n sonra ilk d\u0259f\u0259 q\u0131l\u0131nan Ramazan bayram\u0131 namaz\u0131 ba\u015fa&hellip;","_links":{"self":[{"href":"https:\/\/arantv.az\/index.php?rest_route=\/wp\/v2\/posts\/337303"}],"collection":[{"href":"https:\/\/arantv.az\/index.php?rest_route=\/wp\/v2\/posts"}],"about":[{"href":"https:\/\/arantv.az\/index.php?rest_route=\/wp\/v2\/types\/post"}],"author":[{"embeddable":true,"href":"https:\/\/arantv.az\/index.php?rest_route=\/wp\/v2\/users\/2"}],"replies":[{"embeddable":true,"href":"https:\/\/arantv.az\/index.php?rest_route=%2Fwp%2Fv2%2Fcomments&post=337303"}],"version-history":[{"count":0,"href":"https:\/\/arantv.az\/index.php?rest_route=\/wp\/v2\/posts\/337303\/revisions"}],"wp:featuredmedia":[{"embeddable":true,"href":"https:\/\/arantv.az\/index.php?rest_route=\/wp\/v2\/media\/337304"}],"wp:attachment":[{"href":"https:\/\/arantv.az\/index.php?rest_route=%2Fwp%2Fv2%2Fmedia&parent=337303"}],"wp:term":[{"taxonomy":"category","embeddable":true,"href":"https:\/\/arantv.az\/index.php?rest_route=%2Fwp%2Fv2%2Fcategories&post=337303"},{"taxonomy":"post_tag","embeddable":true,"href":"https:\/\/arantv.az\/index.php?rest_route=%2Fwp%2Fv2%2Ftags&post=337303"}],"curies":[{"name":"wp","href":"https:\/\/api.w.org\/{rel}","templated":true}]}}