{"id":337306,"date":"2021-05-13T08:52:04","date_gmt":"2021-05-13T05:52:04","guid":{"rendered":"https:\/\/arantv.az\/?p=337306"},"modified":"2021-05-13T08:52:04","modified_gmt":"2021-05-13T05:52:04","slug":"bu-gun-yuxularimizin-gerc%c9%99kl%c9%99sdiyi-gundur","status":"publish","type":"post","link":"https:\/\/arantv.az\/?p=337306","title":{"rendered":"Bu g\u00fcn yuxular\u0131m\u0131z\u0131n ger\u00e7\u0259kl\u0259\u015fdiyi g\u00fcnd\u00fcr"},"content":{"rendered":"<p>&#8220;Bu g\u00fcn bayram bayrama qar\u0131\u015f\u0131b. \u00c7\u00fcnki bu g\u00fcn biz m\u00fcq\u0259dd\u0259s torpa\u011f\u0131m\u0131z olan \u015eu\u015fada bayram namaz\u0131 q\u0131l\u0131r\u0131q. Bu, \u00e7ox b\u00f6y\u00fck tarixi hadis\u0259dir&#8221;.<\/p>\n<p><strong>ARANTV.AZ<\/strong> x\u0259b\u0259r verir ki, bunu Qafqaz M\u00fcs\u0259lmanlar\u0131 \u0130dar\u0259si (QM\u0130) s\u0259drinin s\u0259lahiyy\u0259tli n\u00fcmay\u0259nd\u0259si, din xadimi Hac\u0131 \u015eahin H\u0259s\u0259nli \u015eu\u015fadak\u0131 Yuxar\u0131 G\u00f6vh\u0259ra\u011fa m\u0259scidind\u0259 q\u0131l\u0131nan bayram namaz\u0131 m\u0259rasimind\u0259 deyib.<\/p>\n<p>&#8220;Biz bu g\u00fcnl\u0259rin h\u0259sr\u0259ti il\u0259 ya\u015fam\u0131\u015f\u0131q. Biz gec\u0259l\u0259r yuxular\u0131m\u0131zda bu m\u0259scidd\u0259 ibad\u0259t etdiyimizi g\u00f6r\u00fcrd\u00fck. Bu g\u00fcn yuxular\u0131m\u0131z\u0131n ger\u00e7\u0259kl\u0259\u015fdiyi g\u00fcnd\u00fcr. H\u0259qiq\u0259t\u0259n d\u0259 hissl\u0259ri ifad\u0259 etm\u0259k m\u00fcmk\u00fcn deyil. Art\u0131q \u015eu\u015fada quruculuq i\u015fl\u0259ri ba\u015flay\u0131b v\u0259 \u015eu\u015faya \u0259sl sahibl\u0259ri qay\u0131d\u0131b. Az\u0259rbaycan xalq\u0131 \u00f6z \u0259razisind\u0259 ya\u015fayan b\u00fct\u00fcn din t\u0259msil\u00e7il\u0259ri il\u0259 mehriband\u0131r&#8221;, &#8211; o \u0259lav\u0259 edib.<\/p>\n<p>Qeyd ed\u0259k ki, \u015eu\u015fada 29 ild\u0259n sonra ilk d\u0259f\u0259 Ramazan bayram\u0131 namaz\u0131\u00a0q\u0131l\u0131n\u0131b.<\/p>\n","protected":false},"excerpt":{"rendered":"<p>&#8220;Bu g\u00fcn bayram bayrama qar\u0131\u015f\u0131b. \u00c7\u00fcnki bu g\u00fcn biz m\u00fcq\u0259dd\u0259s torpa\u011f\u0131m\u0131z olan \u015eu\u015fada bayram namaz\u0131 q\u0131l\u0131r\u0131q. Bu, \u00e7ox b\u00f6y\u00fck tarixi hadis\u0259dir&#8221;. ARANTV.AZ x\u0259b\u0259r verir ki, bunu Qafqaz M\u00fcs\u0259lmanlar\u0131 \u0130dar\u0259si (QM\u0130) s\u0259drinin s\u0259lahiyy\u0259tli n\u00fcmay\u0259nd\u0259si, din xadimi Hac\u0131 \u015eahin H\u0259s\u0259nli \u015eu\u015fadak\u0131 Yuxar\u0131 G\u00f6vh\u0259ra\u011fa m\u0259scidind\u0259 q\u0131l\u0131nan bayram namaz\u0131 m\u0259rasimind\u0259 deyib. &#8220;Biz bu g\u00fcnl\u0259rin h\u0259sr\u0259ti il\u0259 ya\u015fam\u0131\u015f\u0131q. Biz gec\u0259l\u0259r yuxular\u0131m\u0131zda bu m\u0259scidd\u0259 ibad\u0259t etdiyimizi g\u00f6r\u00fcrd\u00fck. Bu g\u00fcn yuxular\u0131m\u0131z\u0131n ger\u00e7\u0259kl\u0259\u015fdiyi g\u00fcnd\u00fcr. H\u0259qiq\u0259t\u0259n d\u0259 hissl\u0259ri ifad\u0259 etm\u0259k m\u00fcmk\u00fcn deyil. Art\u0131q \u015eu\u015fada quruculuq i\u015fl\u0259ri ba\u015flay\u0131b v\u0259 \u015eu\u015faya \u0259sl sahibl\u0259ri qay\u0131d\u0131b. Az\u0259rbaycan xalq\u0131 \u00f6z \u0259razisind\u0259 ya\u015fayan b\u00fct\u00fcn din&hellip;<\/p>\n","protected":false},"author":2,"featured_media":337307,"comment_status":"closed","ping_status":"closed","sticky":false,"template":"","format":"standard","meta":{"om_disable_all_campaigns":false,"_monsterinsights_skip_tracking":false,"_monsterinsights_sitenote_active":false,"_monsterinsights_sitenote_note":"","_monsterinsights_sitenote_category":0},"categories":[27],"tags":[],"aioseo_notices":[],"gutentor_comment":0,"rttpg_featured_image_url":{"full":["https:\/\/arantv.az\/wp-content\/uploads\/2021\/05\/a9b4ec2e162088434122383986110875320.jpg",975,540,false],"landscape":["https:\/\/arantv.az\/wp-content\/uploads\/2021\/05\/a9b4ec2e162088434122383986110875320.jpg",975,540,false],"portraits":["https:\/\/arantv.az\/wp-content\/uploads\/2021\/05\/a9b4ec2e162088434122383986110875320.jpg",975,540,false],"thumbnail":["https:\/\/arantv.az\/wp-content\/uploads\/2021\/05\/a9b4ec2e162088434122383986110875320-500x280.jpg",500,280,true],"medium":["https:\/\/arantv.az\/wp-content\/uploads\/2021\/05\/a9b4ec2e162088434122383986110875320-660x365.jpg",660,365,true],"large":["https:\/\/arantv.az\/wp-content\/uploads\/2021\/05\/a9b4ec2e162088434122383986110875320-840x465.jpg",640,354,true],"1536x1536":["https:\/\/arantv.az\/wp-content\/uploads\/2021\/05\/a9b4ec2e162088434122383986110875320.jpg",975,540,false],"2048x2048":["https:\/\/arantv.az\/wp-content\/uploads\/2021\/05\/a9b4ec2e162088434122383986110875320.jpg",975,540,false],"post-thumbnail":["https:\/\/arantv.az\/wp-content\/uploads\/2021\/05\/a9b4ec2e162088434122383986110875320-240x172.jpg",240,172,true],"advps-thumb-one":["https:\/\/arantv.az\/wp-content\/uploads\/2021\/05\/a9b4ec2e162088434122383986110875320.jpg",975,540,false]},"rttpg_author":{"display_name":"V\u00fcsal Rafiqo\u011flu","author_link":"https:\/\/arantv.az\/?author=2"},"rttpg_comment":0,"rttpg_category":"<a href=\"https:\/\/arantv.az\/?cat=27\" rel=\"category\">\u0130SLAM<\/a>","rttpg_excerpt":"&#8220;Bu g\u00fcn bayram bayrama qar\u0131\u015f\u0131b. \u00c7\u00fcnki bu g\u00fcn biz m\u00fcq\u0259dd\u0259s torpa\u011f\u0131m\u0131z olan \u015eu\u015fada bayram namaz\u0131 q\u0131l\u0131r\u0131q. Bu, \u00e7ox b\u00f6y\u00fck tarixi hadis\u0259dir&#8221;. ARANTV.AZ x\u0259b\u0259r verir ki, bunu Qafqaz M\u00fcs\u0259lmanlar\u0131 \u0130dar\u0259si (QM\u0130) s\u0259drinin s\u0259lahiyy\u0259tli n\u00fcmay\u0259nd\u0259si, din xadimi Hac\u0131 \u015eahin H\u0259s\u0259nli \u015eu\u015fadak\u0131 Yuxar\u0131 G\u00f6vh\u0259ra\u011fa m\u0259scidind\u0259 q\u0131l\u0131nan bayram namaz\u0131 m\u0259rasimind\u0259 deyib. &#8220;Biz bu g\u00fcnl\u0259rin h\u0259sr\u0259ti il\u0259 ya\u015fam\u0131\u015f\u0131q. Biz gec\u0259l\u0259r&hellip;","_links":{"self":[{"href":"https:\/\/arantv.az\/index.php?rest_route=\/wp\/v2\/posts\/337306"}],"collection":[{"href":"https:\/\/arantv.az\/index.php?rest_route=\/wp\/v2\/posts"}],"about":[{"href":"https:\/\/arantv.az\/index.php?rest_route=\/wp\/v2\/types\/post"}],"author":[{"embeddable":true,"href":"https:\/\/arantv.az\/index.php?rest_route=\/wp\/v2\/users\/2"}],"replies":[{"embeddable":true,"href":"https:\/\/arantv.az\/index.php?rest_route=%2Fwp%2Fv2%2Fcomments&post=337306"}],"version-history":[{"count":0,"href":"https:\/\/arantv.az\/index.php?rest_route=\/wp\/v2\/posts\/337306\/revisions"}],"wp:featuredmedia":[{"embeddable":true,"href":"https:\/\/arantv.az\/index.php?rest_route=\/wp\/v2\/media\/337307"}],"wp:attachment":[{"href":"https:\/\/arantv.az\/index.php?rest_route=%2Fwp%2Fv2%2Fmedia&parent=337306"}],"wp:term":[{"taxonomy":"category","embeddable":true,"href":"https:\/\/arantv.az\/index.php?rest_route=%2Fwp%2Fv2%2Fcategories&post=337306"},{"taxonomy":"post_tag","embeddable":true,"href":"https:\/\/arantv.az\/index.php?rest_route=%2Fwp%2Fv2%2Ftags&post=337306"}],"curies":[{"name":"wp","href":"https:\/\/api.w.org\/{rel}","templated":true}]}}