{"id":337312,"date":"2021-05-13T08:53:21","date_gmt":"2021-05-13T05:53:21","guid":{"rendered":"https:\/\/arantv.az\/?p=337312"},"modified":"2021-05-13T08:53:21","modified_gmt":"2021-05-13T05:53:21","slug":"polis-s%c9%99hid-ail%c9%99l%c9%99rin%c9%99-bayram-sovqatlari-paylayib","status":"publish","type":"post","link":"https:\/\/arantv.az\/?p=337312","title":{"rendered":"Polis \u015f\u0259hid ail\u0259l\u0259rin\u0259 bayram sovqatlar\u0131 paylay\u0131b"},"content":{"rendered":"<div class=\"content lead font-weight-normal\">\n<p>A\u011fstafa polisi \u015f\u0259hid ail\u0259l\u0259rin\u0259 bayram sovqatlar\u0131 paylay\u0131b.<br \/>\nDaxili \u0130\u015fl\u0259r Nazirliyinin m\u0259tbuat xidm\u0259tinin G\u0259nc\u0259 regional qrupundan &#8220;\u0130ki sahil&#8221;\u0259 veril\u0259n m\u0259lumata g\u00f6r\u0259, A\u011fstafa Rayon Polis \u015e\u00f6b\u0259sinin \u0259m\u0259kda\u015flar\u0131 Ramazan bayram\u0131 m\u00fcnasib\u0259til\u0259 torpaqlar\u0131m\u0131z\u0131n m\u00fcdafi\u0259si u\u011frunda can\u0131ndan ke\u00e7mi\u015f \u015f\u0259hid ail\u0259l\u0259rini ziyar\u0259t edibl\u0259r.<br \/>\nZiyar\u0259t zaman\u0131 polis \u0259m\u0259kda\u015flar\u0131 \u015f\u0259hid ail\u0259l\u0259rini bayram m\u00fcnasib\u0259ti il\u0259 t\u0259brik edib, onlar\u0131n g\u00fcnd\u0259lik qay\u011f\u0131lar\u0131 il\u0259 maraqlan\u0131blar. \u015e\u0259hid ail\u0259l\u0259rin\u0259 \u0259rzaq yard\u0131m\u0131 edilib v\u0259 h\u0259diyy\u0259l\u0259r t\u0259qdim olunub.<br \/>\nG\u00f6r\u00fc\u015fd\u0259 bildirilib ki, respublikam\u0131z\u0131n m\u00fcst\u0259qilliyi v\u0259 \u0259razi b\u00fct\u00f6vl\u00fcy\u00fc u\u011frunda \u015f\u0259hid olmu\u015f V\u0259t\u0259n \u00f6vladlar\u0131n\u0131n xatir\u0259si xalq\u0131m\u0131z t\u0259r\u0259find\u0259n daim \u0259ziz tutulur. D\u00f6vl\u0259timizin ba\u015f\u00e7\u0131s\u0131 t\u0259r\u0259find\u0259n h\u0259yata ke\u00e7iril\u0259n siyas\u0259tin \u0259sas istiqam\u0259tl\u0259rind\u0259n birini m\u00fcharib\u0259 veteranlar\u0131n\u0131n, \u0259lill\u0259rinin, \u015f\u0259hid ail\u0259l\u0259rinin sosial m\u00fcdafi\u0259sinin g\u00fccl\u0259ndirilm\u0259si, onlar\u0131n h\u0259r c\u00fcr qay\u011f\u0131 il\u0259 \u0259hat\u0259 olunmas\u0131 t\u0259\u015fkil edir. Qaraba\u011f m\u00fcharib\u0259si \u0259lill\u0259ri v\u0259 \u015f\u0259hid ail\u0259l\u0259ri d\u00f6vl\u0259timizin h\u0259rt\u0259r\u0259fli diqq\u0259t v\u0259 qay\u011f\u0131s\u0131 il\u0259 \u0259hat\u0259 olunub.<\/p>\n<div class=\"clearfix\"><\/div>\n<\/div>\n<div class=\"fotorama--hidden\"><\/div>\n<div id=\"galleryList\" class=\"fotorama fotorama1620885154919\" data-nav=\"thumbs\" data-width=\"100%\" data-thumbwidth=\"90\" data-thumbheight=\"60\" data-allowfullscreen=\"true\" data-autoplay=\"3000\" data-ratio=\"1.5\" data-keyboard=\"true\" data-fit=\"contain\">\n<div class=\"fotorama__wrap fotorama__wrap--css3 fotorama__wrap--slide fotorama__wrap--toggle-arrows fotorama__wrap--no-controls\">\n<div class=\"fotorama__stage\">\n<div class=\"fotorama__fullscreen-icon\" tabindex=\"0\" role=\"button\"><\/div>\n<div class=\"fotorama__stage__shaft\">\n<div class=\"fotorama__stage__frame fotorama__loaded fotorama__loaded--img fotorama__active\"><img class=\"fotorama__img\" src=\"https:\/\/ikisahil.az\/photo\/0x0_2\/upload\/gallery\/2021\/05\/13\/-d1f44e2f162088106087487049910523458.jpg\" \/><\/div>\n<\/div>\n<div class=\"fotorama__video-close\"><\/div>\n<\/div>\n<\/div>\n<\/div>\n<div class=\"sharing my-2 row no-gutters d-print-none\">\n<div class=\"col-md-3\"><\/div>\n<\/div>\n","protected":false},"excerpt":{"rendered":"<p>A\u011fstafa polisi \u015f\u0259hid ail\u0259l\u0259rin\u0259 bayram sovqatlar\u0131 paylay\u0131b. Daxili \u0130\u015fl\u0259r Nazirliyinin m\u0259tbuat xidm\u0259tinin G\u0259nc\u0259 regional qrupundan &#8220;\u0130ki sahil&#8221;\u0259 veril\u0259n m\u0259lumata g\u00f6r\u0259, A\u011fstafa Rayon Polis \u015e\u00f6b\u0259sinin \u0259m\u0259kda\u015flar\u0131 Ramazan bayram\u0131 m\u00fcnasib\u0259til\u0259 torpaqlar\u0131m\u0131z\u0131n m\u00fcdafi\u0259si u\u011frunda can\u0131ndan ke\u00e7mi\u015f \u015f\u0259hid ail\u0259l\u0259rini ziyar\u0259t edibl\u0259r. Ziyar\u0259t zaman\u0131 polis \u0259m\u0259kda\u015flar\u0131 \u015f\u0259hid ail\u0259l\u0259rini bayram m\u00fcnasib\u0259ti il\u0259 t\u0259brik edib, onlar\u0131n g\u00fcnd\u0259lik qay\u011f\u0131lar\u0131 il\u0259 maraqlan\u0131blar. \u015e\u0259hid ail\u0259l\u0259rin\u0259 \u0259rzaq yard\u0131m\u0131 edilib v\u0259 h\u0259diyy\u0259l\u0259r t\u0259qdim olunub. G\u00f6r\u00fc\u015fd\u0259 bildirilib ki, respublikam\u0131z\u0131n m\u00fcst\u0259qilliyi v\u0259 \u0259razi b\u00fct\u00f6vl\u00fcy\u00fc u\u011frunda \u015f\u0259hid olmu\u015f V\u0259t\u0259n \u00f6vladlar\u0131n\u0131n xatir\u0259si xalq\u0131m\u0131z t\u0259r\u0259find\u0259n daim \u0259ziz tutulur. D\u00f6vl\u0259timizin ba\u015f\u00e7\u0131s\u0131 t\u0259r\u0259find\u0259n h\u0259yata ke\u00e7iril\u0259n siyas\u0259tin \u0259sas istiqam\u0259tl\u0259rind\u0259n birini&hellip;<\/p>\n","protected":false},"author":2,"featured_media":337313,"comment_status":"closed","ping_status":"closed","sticky":false,"template":"","format":"standard","meta":{"om_disable_all_campaigns":false,"_monsterinsights_skip_tracking":false,"_monsterinsights_sitenote_active":false,"_monsterinsights_sitenote_note":"","_monsterinsights_sitenote_category":0},"categories":[26],"tags":[],"aioseo_notices":[],"gutentor_comment":0,"rttpg_featured_image_url":{"full":["https:\/\/arantv.az\/wp-content\/uploads\/2021\/05\/d0353558162088095869466329410766206.jpg",975,540,false],"landscape":["https:\/\/arantv.az\/wp-content\/uploads\/2021\/05\/d0353558162088095869466329410766206.jpg",975,540,false],"portraits":["https:\/\/arantv.az\/wp-content\/uploads\/2021\/05\/d0353558162088095869466329410766206.jpg",975,540,false],"thumbnail":["https:\/\/arantv.az\/wp-content\/uploads\/2021\/05\/d0353558162088095869466329410766206-500x280.jpg",500,280,true],"medium":["https:\/\/arantv.az\/wp-content\/uploads\/2021\/05\/d0353558162088095869466329410766206-660x365.jpg",660,365,true],"large":["https:\/\/arantv.az\/wp-content\/uploads\/2021\/05\/d0353558162088095869466329410766206-840x465.jpg",640,354,true],"1536x1536":["https:\/\/arantv.az\/wp-content\/uploads\/2021\/05\/d0353558162088095869466329410766206.jpg",975,540,false],"2048x2048":["https:\/\/arantv.az\/wp-content\/uploads\/2021\/05\/d0353558162088095869466329410766206.jpg",975,540,false],"post-thumbnail":["https:\/\/arantv.az\/wp-content\/uploads\/2021\/05\/d0353558162088095869466329410766206-240x172.jpg",240,172,true],"advps-thumb-one":["https:\/\/arantv.az\/wp-content\/uploads\/2021\/05\/d0353558162088095869466329410766206.jpg",975,540,false]},"rttpg_author":{"display_name":"V\u00fcsal Rafiqo\u011flu","author_link":"https:\/\/arantv.az\/?author=2"},"rttpg_comment":0,"rttpg_category":"<a href=\"https:\/\/arantv.az\/?cat=26\" rel=\"category\">Sosial<\/a>","rttpg_excerpt":"A\u011fstafa polisi \u015f\u0259hid ail\u0259l\u0259rin\u0259 bayram sovqatlar\u0131 paylay\u0131b. Daxili \u0130\u015fl\u0259r Nazirliyinin m\u0259tbuat xidm\u0259tinin G\u0259nc\u0259 regional qrupundan &#8220;\u0130ki sahil&#8221;\u0259 veril\u0259n m\u0259lumata g\u00f6r\u0259, A\u011fstafa Rayon Polis \u015e\u00f6b\u0259sinin \u0259m\u0259kda\u015flar\u0131 Ramazan bayram\u0131 m\u00fcnasib\u0259til\u0259 torpaqlar\u0131m\u0131z\u0131n m\u00fcdafi\u0259si u\u011frunda can\u0131ndan ke\u00e7mi\u015f \u015f\u0259hid ail\u0259l\u0259rini ziyar\u0259t edibl\u0259r. Ziyar\u0259t zaman\u0131 polis \u0259m\u0259kda\u015flar\u0131 \u015f\u0259hid ail\u0259l\u0259rini bayram m\u00fcnasib\u0259ti il\u0259 t\u0259brik edib, onlar\u0131n g\u00fcnd\u0259lik qay\u011f\u0131lar\u0131 il\u0259 maraqlan\u0131blar. \u015e\u0259hid ail\u0259l\u0259rin\u0259&hellip;","_links":{"self":[{"href":"https:\/\/arantv.az\/index.php?rest_route=\/wp\/v2\/posts\/337312"}],"collection":[{"href":"https:\/\/arantv.az\/index.php?rest_route=\/wp\/v2\/posts"}],"about":[{"href":"https:\/\/arantv.az\/index.php?rest_route=\/wp\/v2\/types\/post"}],"author":[{"embeddable":true,"href":"https:\/\/arantv.az\/index.php?rest_route=\/wp\/v2\/users\/2"}],"replies":[{"embeddable":true,"href":"https:\/\/arantv.az\/index.php?rest_route=%2Fwp%2Fv2%2Fcomments&post=337312"}],"version-history":[{"count":0,"href":"https:\/\/arantv.az\/index.php?rest_route=\/wp\/v2\/posts\/337312\/revisions"}],"wp:featuredmedia":[{"embeddable":true,"href":"https:\/\/arantv.az\/index.php?rest_route=\/wp\/v2\/media\/337313"}],"wp:attachment":[{"href":"https:\/\/arantv.az\/index.php?rest_route=%2Fwp%2Fv2%2Fmedia&parent=337312"}],"wp:term":[{"taxonomy":"category","embeddable":true,"href":"https:\/\/arantv.az\/index.php?rest_route=%2Fwp%2Fv2%2Fcategories&post=337312"},{"taxonomy":"post_tag","embeddable":true,"href":"https:\/\/arantv.az\/index.php?rest_route=%2Fwp%2Fv2%2Ftags&post=337312"}],"curies":[{"name":"wp","href":"https:\/\/api.w.org\/{rel}","templated":true}]}}