{"id":33797,"date":"2019-01-21T13:05:59","date_gmt":"2019-01-21T10:05:59","guid":{"rendered":"http:\/\/arantv.az\/?p=33797"},"modified":"2019-01-21T13:05:59","modified_gmt":"2019-01-21T10:05:59","slug":"az%c9%99rbaycan-sigortacilar-assosiasiyasinin-idar%c9%99-hey%c9%99tin%c9%99-s%c9%99dr-t%c9%99yin-olunub","status":"publish","type":"post","link":"https:\/\/arantv.az\/?p=33797","title":{"rendered":"Az\u0259rbaycan S\u0131\u011forta\u00e7\u0131lar Assosiasiyas\u0131n\u0131n \u0130dar\u0259 Hey\u0259tin\u0259 s\u0259dr t\u0259yin olunub"},"content":{"rendered":"<p><strong>Az\u0259r \u018fliyev Az\u0259rbaycan S\u0131\u011forta\u00e7\u0131lar Assosiasiyas\u0131n\u0131n \u0130dar\u0259 Hey\u0259tinin s\u0259dri t\u0259yin olunub.<\/strong><\/p>\n<p><strong>ARANTV.AZ<\/strong> x\u0259b\u0259r verir ki, bu bar\u0259d\u0259\u00a0<a href=\"https:\/\/az.trend.az\/\" target=\"_blank\" rel=\"noopener\">Trend<\/a>-\u0259 \u00f6lk\u0259nin s\u0131\u011forta bazar\u0131ndak\u0131 m\u0259nb\u0259 bildirib.<\/p>\n<p>M\u0259lumata \u0259sas\u0259n, bu q\u0259rar Assosiasiyan\u0131n M\u00fc\u015fahid\u0259 \u015euras\u0131n\u0131n iclas\u0131nda q\u0259bul edilib.<\/p>\n<p>A.\u018fliyev bu v\u0259zif\u0259d\u0259 Mustafa Abbasb\u0259ylini \u0259v\u0259z edib.<\/p>\n<div id=\"AdributorNativeVideo0\" class=\"AdributorNativeVideo\"><\/div>\n<p>Qeyd ed\u0259k ki, Az\u0259r \u018fliyev haz\u0131rda &#8220;At\u0259\u015fgah Life&#8221; s\u0131\u011forta \u015firk\u0259tinin \u0130dar\u0259 Hey\u0259tinin s\u0259dridir.<\/p>\n<p>Mustafa Abbasb\u0259yli \u00f6z n\u00f6vb\u0259sind\u0259 \u0259m\u0259k v\u0259 \u0259halinin sosial m\u00fcdafi\u0259si nazirinin m\u00fc\u015faviri t\u0259yin olunub.<\/p>\n","protected":false},"excerpt":{"rendered":"<p>Az\u0259r \u018fliyev Az\u0259rbaycan S\u0131\u011forta\u00e7\u0131lar Assosiasiyas\u0131n\u0131n \u0130dar\u0259 Hey\u0259tinin s\u0259dri t\u0259yin olunub. ARANTV.AZ x\u0259b\u0259r verir ki, bu bar\u0259d\u0259\u00a0Trend-\u0259 \u00f6lk\u0259nin s\u0131\u011forta bazar\u0131ndak\u0131 m\u0259nb\u0259 bildirib. M\u0259lumata \u0259sas\u0259n, bu q\u0259rar Assosiasiyan\u0131n M\u00fc\u015fahid\u0259 \u015euras\u0131n\u0131n iclas\u0131nda q\u0259bul edilib. A.\u018fliyev bu v\u0259zif\u0259d\u0259 Mustafa Abbasb\u0259ylini \u0259v\u0259z edib. Qeyd ed\u0259k ki, Az\u0259r \u018fliyev haz\u0131rda &#8220;At\u0259\u015fgah Life&#8221; s\u0131\u011forta \u015firk\u0259tinin \u0130dar\u0259 Hey\u0259tinin s\u0259dridir. Mustafa Abbasb\u0259yli \u00f6z n\u00f6vb\u0259sind\u0259 \u0259m\u0259k v\u0259 \u0259halinin sosial m\u00fcdafi\u0259si nazirinin m\u00fc\u015faviri t\u0259yin olunub.<\/p>\n","protected":false},"author":2,"featured_media":33798,"comment_status":"closed","ping_status":"closed","sticky":false,"template":"","format":"standard","meta":{"om_disable_all_campaigns":false,"_monsterinsights_skip_tracking":false,"_monsterinsights_sitenote_active":false,"_monsterinsights_sitenote_note":"","_monsterinsights_sitenote_category":0},"categories":[1],"tags":[],"aioseo_notices":[],"gutentor_comment":0,"rttpg_featured_image_url":{"full":["https:\/\/arantv.az\/wp-content\/uploads\/2019\/01\/723180.jpg",800,600,false],"landscape":["https:\/\/arantv.az\/wp-content\/uploads\/2019\/01\/723180.jpg",800,600,false],"portraits":["https:\/\/arantv.az\/wp-content\/uploads\/2019\/01\/723180.jpg",800,600,false],"thumbnail":["https:\/\/arantv.az\/wp-content\/uploads\/2019\/01\/723180-150x150.jpg",150,150,true],"medium":["https:\/\/arantv.az\/wp-content\/uploads\/2019\/01\/723180-300x225.jpg",300,225,true],"large":["https:\/\/arantv.az\/wp-content\/uploads\/2019\/01\/723180.jpg",640,480,false],"1536x1536":["https:\/\/arantv.az\/wp-content\/uploads\/2019\/01\/723180.jpg",800,600,false],"2048x2048":["https:\/\/arantv.az\/wp-content\/uploads\/2019\/01\/723180.jpg",800,600,false],"post-thumbnail":["https:\/\/arantv.az\/wp-content\/uploads\/2019\/01\/723180-240x172.jpg",240,172,true],"advps-thumb-one":["https:\/\/arantv.az\/wp-content\/uploads\/2019\/01\/723180.jpg",800,600,false]},"rttpg_author":{"display_name":"V\u00fcsal Rafiqo\u011flu","author_link":"https:\/\/arantv.az\/?author=2"},"rttpg_comment":0,"rttpg_category":"<a href=\"https:\/\/arantv.az\/?cat=1\" rel=\"category\">C\u0259miyy\u0259t<\/a>","rttpg_excerpt":"Az\u0259r \u018fliyev Az\u0259rbaycan S\u0131\u011forta\u00e7\u0131lar Assosiasiyas\u0131n\u0131n \u0130dar\u0259 Hey\u0259tinin s\u0259dri t\u0259yin olunub. ARANTV.AZ x\u0259b\u0259r verir ki, bu bar\u0259d\u0259\u00a0Trend-\u0259 \u00f6lk\u0259nin s\u0131\u011forta bazar\u0131ndak\u0131 m\u0259nb\u0259 bildirib. M\u0259lumata \u0259sas\u0259n, bu q\u0259rar Assosiasiyan\u0131n M\u00fc\u015fahid\u0259 \u015euras\u0131n\u0131n iclas\u0131nda q\u0259bul edilib. A.\u018fliyev bu v\u0259zif\u0259d\u0259 Mustafa Abbasb\u0259ylini \u0259v\u0259z edib. Qeyd ed\u0259k ki, Az\u0259r \u018fliyev haz\u0131rda &#8220;At\u0259\u015fgah Life&#8221; s\u0131\u011forta \u015firk\u0259tinin \u0130dar\u0259 Hey\u0259tinin s\u0259dridir. Mustafa Abbasb\u0259yli \u00f6z n\u00f6vb\u0259sind\u0259&hellip;","_links":{"self":[{"href":"https:\/\/arantv.az\/index.php?rest_route=\/wp\/v2\/posts\/33797"}],"collection":[{"href":"https:\/\/arantv.az\/index.php?rest_route=\/wp\/v2\/posts"}],"about":[{"href":"https:\/\/arantv.az\/index.php?rest_route=\/wp\/v2\/types\/post"}],"author":[{"embeddable":true,"href":"https:\/\/arantv.az\/index.php?rest_route=\/wp\/v2\/users\/2"}],"replies":[{"embeddable":true,"href":"https:\/\/arantv.az\/index.php?rest_route=%2Fwp%2Fv2%2Fcomments&post=33797"}],"version-history":[{"count":0,"href":"https:\/\/arantv.az\/index.php?rest_route=\/wp\/v2\/posts\/33797\/revisions"}],"wp:featuredmedia":[{"embeddable":true,"href":"https:\/\/arantv.az\/index.php?rest_route=\/wp\/v2\/media\/33798"}],"wp:attachment":[{"href":"https:\/\/arantv.az\/index.php?rest_route=%2Fwp%2Fv2%2Fmedia&parent=33797"}],"wp:term":[{"taxonomy":"category","embeddable":true,"href":"https:\/\/arantv.az\/index.php?rest_route=%2Fwp%2Fv2%2Fcategories&post=33797"},{"taxonomy":"post_tag","embeddable":true,"href":"https:\/\/arantv.az\/index.php?rest_route=%2Fwp%2Fv2%2Ftags&post=33797"}],"curies":[{"name":"wp","href":"https:\/\/api.w.org\/{rel}","templated":true}]}}