{"id":33801,"date":"2019-01-21T13:08:20","date_gmt":"2019-01-21T10:08:20","guid":{"rendered":"http:\/\/arantv.az\/?p=33801"},"modified":"2019-01-21T13:08:20","modified_gmt":"2019-01-21T10:08:20","slug":"fayez-bin-abdulla-%c9%99l-s%c9%99hri-dagliq-qarabag-munaqis%c9%99sinin-nizamlanmasi-m%c9%99s%c9%99l%c9%99sind%c9%99-s%c9%99udiyy%c9%99-%c9%99r%c9%99bistaninin-movqeyi-d%c9%99yism%c9%99zdir","status":"publish","type":"post","link":"https:\/\/arantv.az\/?p=33801","title":{"rendered":"Fayez bin Abdulla \u018fl-\u015e\u0259hri: \u201cDa\u011fl\u0131q Qaraba\u011f m\u00fcnaqi\u015f\u0259sinin nizamlanmas\u0131 m\u0259s\u0259l\u0259sind\u0259 S\u0259udiyy\u0259 \u018fr\u0259bistan\u0131n\u0131n m\u00f6vqeyi d\u0259yi\u015fm\u0259zdir\u201d"},"content":{"rendered":"<p><strong>ARANTV.AZ<\/strong> x\u0259b\u0259r verir ki, \u201cDa\u011fl\u0131q Qaraba\u011f m\u00fcnaqi\u015f\u0259sinin nizamlanmas\u0131 m\u0259s\u0259l\u0259sind\u0259 S\u0259udiyy\u0259 \u018fr\u0259bistan\u0131n\u0131n m\u00f6vqeyi d\u0259yi\u015fm\u0259zdir v\u0259 birm\u0259nal\u0131d\u0131r. R\u0259smi \u018fr-Riyad bu problem h\u0259ll olunanad\u0259k Az\u0259rbaycan\u0131n haql\u0131 m\u00f6vqeyini d\u0259st\u0259kl\u0259y\u0259c\u0259k\u201d. \u00d6lk\u0259mizd\u0259 s\u0259f\u0259rd\u0259 olan S\u0259udiyy\u0259 \u018fr\u0259bistan\u0131-Az\u0259rbaycan Parlamentl\u0259raras\u0131 Dostluq Komit\u0259sinin r\u0259hb\u0259ri Fayez bin Abdulla \u018fl-\u015e\u0259hri Milli M\u0259clisd\u0259 ke\u00e7irdiyi g\u00f6r\u00fc\u015fd\u0259 bel\u0259 bir b\u0259yanat s\u0259sl\u0259ndirib.<\/p>\n<p>Az\u0259rbaycanla S\u0259udiyy\u0259 \u018fr\u0259bistan\u0131 aras\u0131nda \u0259laq\u0259l\u0259r \u00e7ox y\u00fcks\u0259k s\u0259viyy\u0259d\u0259dir v\u0259 h\u0259r iki \u00f6lk\u0259 m\u00fcnasib\u0259tl\u0259rin inki\u015faf\u0131nda maraql\u0131d\u0131r. Bunu dey\u0259n Milli M\u0259clisin s\u0259dri Oqtay \u018fs\u0259dov parlamentaril\u0259rimizin beyn\u0259lxalq qurumlardak\u0131 birg\u0259 \u0259m\u0259kda\u015fl\u0131\u011f\u0131ndan raz\u0131l\u0131q etdi. Da\u011fl\u0131q Qaraba\u011f m\u00fcnaqi\u015f\u0259sinin nizamlanmas\u0131 m\u0259s\u0259l\u0259sind\u0259n dan\u0131\u015farak\u0259n S\u0259udiyy\u0259 \u018fr\u0259bistan\u0131n h\u0259r zaman Az\u0259rbaycan\u0131n haql\u0131 m\u00f6vqeyini d\u0259st\u0259kl\u0259diyini v\u0259 Erm\u0259nistanla he\u00e7 bir dioplomatik \u0259laq\u0259 qurmad\u0131\u011f\u0131n\u0131 vur\u011fulayaraq bunun \u00f6lk\u0259miz t\u0259r\u0259find\u0259n y\u00fcks\u0259k qiym\u0259tl\u0259ndirildiyini bildirdi. S\u0259udiyy\u0259 \u018fr\u0259bistan\u0131-Az\u0259rbaycan Parlamentl\u0259raras\u0131 dostluq komit\u0259sinin r\u0259hb\u0259ri Fayez bin Abdulla \u018fl-\u015e\u0259hri Da\u011fl\u0131q Qaraba\u011f m\u00fcnaqi\u015f\u0259sinin nizamlanmas\u0131 m\u0259s\u0259l\u0259sind\u0259 \u00f6lk\u0259sinin beyn\u0259lxalq h\u00fcququn prinsipl\u0259rini r\u0259hb\u0259r tutaraq Az\u0259rbaycan\u0131n haql\u0131 m\u00f6vqeyini d\u0259st\u0259kl\u0259diyini dedi. \u018flav\u0259 etdi ki, bu m\u0259s\u0259l\u0259d\u0259 \u00f6lk\u0259sinin m\u00f6vqeyi d\u0259yi\u015fm\u0259z v\u0259 birm\u0259nal\u0131d\u0131r. Qonaq \u00f6lk\u0259sinin Az\u0259rbaycanla b\u00fct\u00fcn sah\u0259l\u0259rd\u0259 \u0259laq\u0259l\u0259rin inki\u015faf\u0131nda maraql\u0131 oldu\u011funu v\u0259 s\u0259f\u0259rin d\u0259 bu m\u0259qs\u0259d\u0259 xidm\u0259t etdiyini bildirdi. N\u00fcmay\u0259nd\u0259 hey\u0259tinin Az\u0259rbaycan-S\u0259udiyy\u0259 \u018fr\u0259bistan\u0131 parlamentl\u0259raras\u0131 \u0259laq\u0259l\u0259r \u00fczr\u0259 i\u015f\u00e7i qrupun \u00fczvl\u0259r il\u0259 g\u00f6r\u00fc\u015f\u00fcnd\u0259 bu istiqam\u0259td\u0259 fikir m\u00fcbadil\u0259si apar\u0131ld\u0131.<\/p>\n","protected":false},"excerpt":{"rendered":"<p>ARANTV.AZ x\u0259b\u0259r verir ki, \u201cDa\u011fl\u0131q Qaraba\u011f m\u00fcnaqi\u015f\u0259sinin nizamlanmas\u0131 m\u0259s\u0259l\u0259sind\u0259 S\u0259udiyy\u0259 \u018fr\u0259bistan\u0131n\u0131n m\u00f6vqeyi d\u0259yi\u015fm\u0259zdir v\u0259 birm\u0259nal\u0131d\u0131r. R\u0259smi \u018fr-Riyad bu problem h\u0259ll olunanad\u0259k Az\u0259rbaycan\u0131n haql\u0131 m\u00f6vqeyini d\u0259st\u0259kl\u0259y\u0259c\u0259k\u201d. \u00d6lk\u0259mizd\u0259 s\u0259f\u0259rd\u0259 olan S\u0259udiyy\u0259 \u018fr\u0259bistan\u0131-Az\u0259rbaycan Parlamentl\u0259raras\u0131 Dostluq Komit\u0259sinin r\u0259hb\u0259ri Fayez bin Abdulla \u018fl-\u015e\u0259hri Milli M\u0259clisd\u0259 ke\u00e7irdiyi g\u00f6r\u00fc\u015fd\u0259 bel\u0259 bir b\u0259yanat s\u0259sl\u0259ndirib. Az\u0259rbaycanla S\u0259udiyy\u0259 \u018fr\u0259bistan\u0131 aras\u0131nda \u0259laq\u0259l\u0259r \u00e7ox y\u00fcks\u0259k s\u0259viyy\u0259d\u0259dir v\u0259 h\u0259r iki \u00f6lk\u0259 m\u00fcnasib\u0259tl\u0259rin inki\u015faf\u0131nda maraql\u0131d\u0131r. Bunu dey\u0259n Milli M\u0259clisin s\u0259dri Oqtay \u018fs\u0259dov parlamentaril\u0259rimizin beyn\u0259lxalq qurumlardak\u0131 birg\u0259 \u0259m\u0259kda\u015fl\u0131\u011f\u0131ndan raz\u0131l\u0131q etdi. Da\u011fl\u0131q Qaraba\u011f m\u00fcnaqi\u015f\u0259sinin nizamlanmas\u0131 m\u0259s\u0259l\u0259sind\u0259n dan\u0131\u015farak\u0259n S\u0259udiyy\u0259 \u018fr\u0259bistan\u0131n h\u0259r zaman Az\u0259rbaycan\u0131n haql\u0131 m\u00f6vqeyini d\u0259st\u0259kl\u0259diyini v\u0259&hellip;<\/p>\n","protected":false},"author":2,"featured_media":33802,"comment_status":"closed","ping_status":"closed","sticky":false,"template":"","format":"standard","meta":{"om_disable_all_campaigns":false,"_monsterinsights_skip_tracking":false,"_monsterinsights_sitenote_active":false,"_monsterinsights_sitenote_note":"","_monsterinsights_sitenote_category":0},"categories":[4],"tags":[],"aioseo_notices":[],"gutentor_comment":0,"rttpg_featured_image_url":{"full":["https:\/\/arantv.az\/wp-content\/uploads\/2019\/01\/9u1k5jj8pgipelvclr56rcj4t0mm.jpg",1000,661,false],"landscape":["https:\/\/arantv.az\/wp-content\/uploads\/2019\/01\/9u1k5jj8pgipelvclr56rcj4t0mm.jpg",1000,661,false],"portraits":["https:\/\/arantv.az\/wp-content\/uploads\/2019\/01\/9u1k5jj8pgipelvclr56rcj4t0mm.jpg",1000,661,false],"thumbnail":["https:\/\/arantv.az\/wp-content\/uploads\/2019\/01\/9u1k5jj8pgipelvclr56rcj4t0mm-150x150.jpg",150,150,true],"medium":["https:\/\/arantv.az\/wp-content\/uploads\/2019\/01\/9u1k5jj8pgipelvclr56rcj4t0mm-300x198.jpg",300,198,true],"large":["https:\/\/arantv.az\/wp-content\/uploads\/2019\/01\/9u1k5jj8pgipelvclr56rcj4t0mm.jpg",640,423,false],"1536x1536":["https:\/\/arantv.az\/wp-content\/uploads\/2019\/01\/9u1k5jj8pgipelvclr56rcj4t0mm.jpg",1000,661,false],"2048x2048":["https:\/\/arantv.az\/wp-content\/uploads\/2019\/01\/9u1k5jj8pgipelvclr56rcj4t0mm.jpg",1000,661,false],"post-thumbnail":["https:\/\/arantv.az\/wp-content\/uploads\/2019\/01\/9u1k5jj8pgipelvclr56rcj4t0mm-240x172.jpg",240,172,true],"advps-thumb-one":["https:\/\/arantv.az\/wp-content\/uploads\/2019\/01\/9u1k5jj8pgipelvclr56rcj4t0mm-1000x620.jpg",1000,620,true]},"rttpg_author":{"display_name":"V\u00fcsal Rafiqo\u011flu","author_link":"https:\/\/arantv.az\/?author=2"},"rttpg_comment":0,"rttpg_category":"<a href=\"https:\/\/arantv.az\/?cat=4\" rel=\"category\">Siyas\u0259t<\/a>","rttpg_excerpt":"ARANTV.AZ x\u0259b\u0259r verir ki, \u201cDa\u011fl\u0131q Qaraba\u011f m\u00fcnaqi\u015f\u0259sinin nizamlanmas\u0131 m\u0259s\u0259l\u0259sind\u0259 S\u0259udiyy\u0259 \u018fr\u0259bistan\u0131n\u0131n m\u00f6vqeyi d\u0259yi\u015fm\u0259zdir v\u0259 birm\u0259nal\u0131d\u0131r. R\u0259smi \u018fr-Riyad bu problem h\u0259ll olunanad\u0259k Az\u0259rbaycan\u0131n haql\u0131 m\u00f6vqeyini d\u0259st\u0259kl\u0259y\u0259c\u0259k\u201d. \u00d6lk\u0259mizd\u0259 s\u0259f\u0259rd\u0259 olan S\u0259udiyy\u0259 \u018fr\u0259bistan\u0131-Az\u0259rbaycan Parlamentl\u0259raras\u0131 Dostluq Komit\u0259sinin r\u0259hb\u0259ri Fayez bin Abdulla \u018fl-\u015e\u0259hri Milli M\u0259clisd\u0259 ke\u00e7irdiyi g\u00f6r\u00fc\u015fd\u0259 bel\u0259 bir b\u0259yanat s\u0259sl\u0259ndirib. Az\u0259rbaycanla S\u0259udiyy\u0259 \u018fr\u0259bistan\u0131 aras\u0131nda \u0259laq\u0259l\u0259r \u00e7ox y\u00fcks\u0259k s\u0259viyy\u0259d\u0259dir v\u0259&hellip;","_links":{"self":[{"href":"https:\/\/arantv.az\/index.php?rest_route=\/wp\/v2\/posts\/33801"}],"collection":[{"href":"https:\/\/arantv.az\/index.php?rest_route=\/wp\/v2\/posts"}],"about":[{"href":"https:\/\/arantv.az\/index.php?rest_route=\/wp\/v2\/types\/post"}],"author":[{"embeddable":true,"href":"https:\/\/arantv.az\/index.php?rest_route=\/wp\/v2\/users\/2"}],"replies":[{"embeddable":true,"href":"https:\/\/arantv.az\/index.php?rest_route=%2Fwp%2Fv2%2Fcomments&post=33801"}],"version-history":[{"count":0,"href":"https:\/\/arantv.az\/index.php?rest_route=\/wp\/v2\/posts\/33801\/revisions"}],"wp:featuredmedia":[{"embeddable":true,"href":"https:\/\/arantv.az\/index.php?rest_route=\/wp\/v2\/media\/33802"}],"wp:attachment":[{"href":"https:\/\/arantv.az\/index.php?rest_route=%2Fwp%2Fv2%2Fmedia&parent=33801"}],"wp:term":[{"taxonomy":"category","embeddable":true,"href":"https:\/\/arantv.az\/index.php?rest_route=%2Fwp%2Fv2%2Fcategories&post=33801"},{"taxonomy":"post_tag","embeddable":true,"href":"https:\/\/arantv.az\/index.php?rest_route=%2Fwp%2Fv2%2Ftags&post=33801"}],"curies":[{"name":"wp","href":"https:\/\/api.w.org\/{rel}","templated":true}]}}