{"id":33804,"date":"2019-01-21T13:09:44","date_gmt":"2019-01-21T10:09:44","guid":{"rendered":"http:\/\/arantv.az\/?p=33804"},"modified":"2019-01-21T13:09:44","modified_gmt":"2019-01-21T10:09:44","slug":"sabah-davosda-dunya-iqtisadi-forumu-baslayacaq","status":"publish","type":"post","link":"https:\/\/arantv.az\/?p=33804","title":{"rendered":"Sabah Davosda D\u00fcnya \u0130qtisadi Forumu ba\u015flayacaq"},"content":{"rendered":"<p><strong>ARANTV.AZ<\/strong> x\u0259b\u0259r verir ki, sabah Davosda D\u00fcnya \u0130qtisadi Forumu ba\u015flayacaq. D\u00fcnyan\u0131 narahat ed\u0259n m\u00fch\u00fcm m\u0259s\u0259l\u0259l\u0259rin m\u00fczakir\u0259 olunaca\u011f\u0131 bud\u0259f\u0259ki forum qlobal narahatl\u0131q yaradan bir s\u0131ra risk faktorlar\u0131n\u0131n m\u00fczakir\u0259si bax\u0131m\u0131ndan diqq\u0259t \u00e7\u0259k\u0259c\u0259k.<\/p>\n<p>Bu il 49-cu d\u0259f\u0259 t\u0259\u015fkil olunan D\u00fcnya \u0130qtsadi Forumunda 110 \u00f6lk\u0259d\u0259n 3 mind\u0259n \u00e7ox siyas\u0259t\u00e7i, biznesmen, elm adamlar\u0131 v\u0259 qeyri-h\u00f6kum\u0259t t\u0259\u015fkilatlar\u0131n\u0131n n\u00fcmay\u0259nd\u0259l\u0259ri 350-d\u0259n \u00e7ox iclasda i\u015ftirak ed\u0259c\u0259k. \u201cQloballa\u015fma: D\u00f6rd\u00fcnc\u00fc s\u0259naye inqilab\u0131 d\u00f6vr\u00fcnd\u0259 qlobal strukturu formala\u015fd\u0131rmaq\u201d m\u00f6vzusunun hakim oldu\u011fu zirv\u0259y\u0259 AB\u015e Prezidenti Donald Tramp, \u0130ngilt\u0259r\u0259nin ba\u015f naziri Tereza Mey, Fransa Prezidenti Emmanuel Makron v\u0259 Koreya Prezidenti Mun \u00c7je \u0130n qat\u0131lmasalar da 60-dan \u00e7ox \u00f6lk\u0259nin n\u00fcmay\u0259nd\u0259l\u0259ri geni\u015f t\u0259hl\u00fck\u0259sizlik t\u0259dbirl\u0259ri \u00e7\u0259riv\u0259sind\u0259 art\u0131q Davos Klosters\u0259 g\u0259lir.<\/p>\n<p>D\u00fcnya \u0130qtisadi Forumunun bud\u0259f\u0259ki g\u00fcnd\u0259mi 2019-cu ilin qlobal riskl\u0259rin\u0259 v\u0259 onlar\u0131n m\u00fczakir\u0259sin\u0259 h\u0259sr olunacaq. Forumun haz\u0131rlad\u0131\u011f\u0131 hesabata g\u00f6r\u0259 bu ilin \u0259n b\u00f6y\u00fck riskl\u0259ri geosiyasi v\u0259 geoiqtisadi sferan\u0131 \u0259hat\u0259 edir, \u0259n \u00e7ox diqq\u0259t \u00e7\u0259k\u0259n m\u0259qam is\u0259 iqlim b\u00f6hran\u0131d\u0131r.<\/p>\n<p>D\u00fcnya \u0130qtisadi Forumunun yeni yayd\u0131\u011f\u0131 Qlobal Risk hesabat\u0131nda b\u00f6y\u00fck g\u00fccl\u0259r aras\u0131nda geosiyasi v\u0259 geoiqtisadi g\u0259rginlikl\u0259rin artd\u0131\u011f\u0131, d\u00fcnyan\u0131n bu bax\u0131mdan art\u0131q par\u00e7alanma m\u0259rh\u0259l\u0259sin\u0259 daxil oldu\u011fu bildirilir. 2019-cu ilin 5 \u0259sas qlobal riskl\u0259rind\u0259n 4-\u00fc iqliml\u0259 ba\u011fl\u0131d\u0131r.\u00a0Son 10\u00a0ilin n\u0259tic\u0259l\u0259rin\u0259 g\u00f6r\u0259, art\u0131q iqlim probleml\u0259ri iqtisadi qay\u011f\u0131lar\u0131n \u00f6n\u00fcn\u0259 ke\u00e7ib. Enerji ehtiyatlar\u0131n\u0131n qlobal probleml\u0259rl\u0259 m\u00fccadil\u0259d\u0259n daha \u00e7ox milli m\u0259nafel\u0259r u\u011frunda x\u0259rcl\u0259nm\u0259si is\u0259 d\u00fcnyan\u0131 daha d\u0259rin \u00e7\u0259tinlikl\u0259r\u0259 s\u00fcr\u00fckl\u0259y\u0259c\u0259k.<\/p>\n<p>Bel\u0259 b\u0259dbin, h\u0259m d\u0259 nikbin proqnozlar fonunda d\u00fcnya liderl\u0259ri yanvar\u0131n 22-d\u0259n 25-d\u0259k bir illik beyn\u0259lxalq iqtisadi g\u00fcnd\u0259liyin m\u00fc\u0259yy\u0259n olundu\u011fu Davosda topla\u015faraq D\u00fcnya \u0130qtisadi Forumu \u00e7\u0259r\u00e7iv\u0259sind\u0259 g\u0259rgin m\u00fczakir\u0259l\u0259r\u0259 qo\u015fulacaq. D\u00fcnya \u0130qtisadi Forumu \u00f6t\u0259n \u0259srin 70-ci ill\u0259rind\u0259 professor Klaus \u015evab t\u0259r\u0259find\u0259n yarad\u0131l\u0131b v\u0259 m\u0259hz onun say\u0259sind\u0259 ki\u00e7ik bir qrupdan, haz\u0131rda 3 mind\u0259n \u00e7ox i\u015ftirak\u00e7\u0131n\u0131 qonaqlayan n\u0259h\u0259ng t\u0259\u015fkilata \u00e7evrilib. Az\u0259rbaycan\u0131 ilk d\u0259f\u0259 bu forumda 1995-ci ild\u0259 Prezident Heyd\u0259r \u018fliyev t\u0259msil edib. Az\u0259rbaycan Respublikas\u0131n\u0131n D\u00fcnya \u0130qtisadi Forumunda ilk d\u0259f\u0259 i\u015ftirak\u0131 m\u00fcnasib\u0259til\u0259 \u00f6lk\u0259miz\u0259 h\u0259sr olunan g\u00f6r\u00fc\u015f ke\u00e7irilib v\u0259 Heyd\u0259r \u018fliyev Az\u0259rbaycan\u0131n siyasi, iqtisadi v\u0259 sosial-m\u0259d\u0259ni inki\u015faf g\u00f6st\u0259ricil\u0259ri bar\u0259d\u0259 t\u0259dbir i\u015ftirak\u00e7\u0131lar\u0131na geni\u015f m\u0259lumat verib. Beyn\u0259lxalq forum 2002-ci ild\u0259 AB\u015e-dak\u0131 11 sentyabr terror hadis\u0259sin\u0259 etiraz \u0259lam\u0259ti olaraq ilk d\u0259f\u0259 ba\u015fqa \u015f\u0259h\u0259rd\u0259 &#8211; Nyu-Yorkda ba\u015f tutub. 2007-ci ild\u0259n D\u00fcnya \u0130qtisadi Forumuna qat\u0131lan Prezident \u0130lham \u018fliyevin v\u0259 t\u0259\u015fkilat\u0131n r\u0259hb\u0259ri Klaus \u015evab\u0131n raz\u0131l\u0131\u011f\u0131na \u0259sas\u0259n bu forum 2013-c\u00fc ild\u0259 \u201cC\u0259nubi Qafqaz\u0131n v\u0259 M\u0259rk\u0259zi Asiyan\u0131n g\u0259l\u0259c\u0259yi il\u0259 ba\u011fl\u0131 strateji dialoq\u201d m\u00f6vzusunda Bak\u0131da t\u0259\u015fkil olunub. H\u0259l\u0259 \u00f6t\u0259n il forum Az\u0259rbaycan iqtisadiyyat\u0131n\u0131 r\u0259qab\u0259tqabiliyy\u0259tliliyin\u0259 g\u00f6r\u0259 d\u00fcnyada 35-ci, \u00fcmumi infrastrukturun inki\u015faf\u0131na g\u00f6r\u0259 26-c\u0131, inkl\u00fcziv inki\u015faf indeksin\u0259 g\u00f6r\u0259 is\u0259 3-c\u00fc yerd\u0259 q\u0259rarla\u015fd\u0131r\u0131b.<\/p>\n","protected":false},"excerpt":{"rendered":"<p>ARANTV.AZ x\u0259b\u0259r verir ki, sabah Davosda D\u00fcnya \u0130qtisadi Forumu ba\u015flayacaq. D\u00fcnyan\u0131 narahat ed\u0259n m\u00fch\u00fcm m\u0259s\u0259l\u0259l\u0259rin m\u00fczakir\u0259 olunaca\u011f\u0131 bud\u0259f\u0259ki forum qlobal narahatl\u0131q yaradan bir s\u0131ra risk faktorlar\u0131n\u0131n m\u00fczakir\u0259si bax\u0131m\u0131ndan diqq\u0259t \u00e7\u0259k\u0259c\u0259k. Bu il 49-cu d\u0259f\u0259 t\u0259\u015fkil olunan D\u00fcnya \u0130qtsadi Forumunda 110 \u00f6lk\u0259d\u0259n 3 mind\u0259n \u00e7ox siyas\u0259t\u00e7i, biznesmen, elm adamlar\u0131 v\u0259 qeyri-h\u00f6kum\u0259t t\u0259\u015fkilatlar\u0131n\u0131n n\u00fcmay\u0259nd\u0259l\u0259ri 350-d\u0259n \u00e7ox iclasda i\u015ftirak ed\u0259c\u0259k. \u201cQloballa\u015fma: D\u00f6rd\u00fcnc\u00fc s\u0259naye inqilab\u0131 d\u00f6vr\u00fcnd\u0259 qlobal strukturu formala\u015fd\u0131rmaq\u201d m\u00f6vzusunun hakim oldu\u011fu zirv\u0259y\u0259 AB\u015e Prezidenti Donald Tramp, \u0130ngilt\u0259r\u0259nin ba\u015f naziri Tereza Mey, Fransa Prezidenti Emmanuel Makron v\u0259 Koreya Prezidenti Mun \u00c7je \u0130n qat\u0131lmasalar da&hellip;<\/p>\n","protected":false},"author":2,"featured_media":33805,"comment_status":"closed","ping_status":"closed","sticky":false,"template":"","format":"standard","meta":{"om_disable_all_campaigns":false,"_monsterinsights_skip_tracking":false,"_monsterinsights_sitenote_active":false,"_monsterinsights_sitenote_note":"","_monsterinsights_sitenote_category":0},"categories":[19],"tags":[],"aioseo_notices":[],"gutentor_comment":0,"rttpg_featured_image_url":{"full":["https:\/\/arantv.az\/wp-content\/uploads\/2019\/01\/9u1k5jj8pgipelvclr56rcj4t0davos.jpg",530,298,false],"landscape":["https:\/\/arantv.az\/wp-content\/uploads\/2019\/01\/9u1k5jj8pgipelvclr56rcj4t0davos.jpg",530,298,false],"portraits":["https:\/\/arantv.az\/wp-content\/uploads\/2019\/01\/9u1k5jj8pgipelvclr56rcj4t0davos.jpg",530,298,false],"thumbnail":["https:\/\/arantv.az\/wp-content\/uploads\/2019\/01\/9u1k5jj8pgipelvclr56rcj4t0davos-150x150.jpg",150,150,true],"medium":["https:\/\/arantv.az\/wp-content\/uploads\/2019\/01\/9u1k5jj8pgipelvclr56rcj4t0davos-300x169.jpg",300,169,true],"large":["https:\/\/arantv.az\/wp-content\/uploads\/2019\/01\/9u1k5jj8pgipelvclr56rcj4t0davos.jpg",530,298,false],"1536x1536":["https:\/\/arantv.az\/wp-content\/uploads\/2019\/01\/9u1k5jj8pgipelvclr56rcj4t0davos.jpg",530,298,false],"2048x2048":["https:\/\/arantv.az\/wp-content\/uploads\/2019\/01\/9u1k5jj8pgipelvclr56rcj4t0davos.jpg",530,298,false],"post-thumbnail":["https:\/\/arantv.az\/wp-content\/uploads\/2019\/01\/9u1k5jj8pgipelvclr56rcj4t0davos-240x172.jpg",240,172,true],"advps-thumb-one":["https:\/\/arantv.az\/wp-content\/uploads\/2019\/01\/9u1k5jj8pgipelvclr56rcj4t0davos.jpg",530,298,false]},"rttpg_author":{"display_name":"V\u00fcsal Rafiqo\u011flu","author_link":"https:\/\/arantv.az\/?author=2"},"rttpg_comment":0,"rttpg_category":"<a href=\"https:\/\/arantv.az\/?cat=19\" rel=\"category\">G\u00fcnd\u0259m<\/a>","rttpg_excerpt":"ARANTV.AZ x\u0259b\u0259r verir ki, sabah Davosda D\u00fcnya \u0130qtisadi Forumu ba\u015flayacaq. D\u00fcnyan\u0131 narahat ed\u0259n m\u00fch\u00fcm m\u0259s\u0259l\u0259l\u0259rin m\u00fczakir\u0259 olunaca\u011f\u0131 bud\u0259f\u0259ki forum qlobal narahatl\u0131q yaradan bir s\u0131ra risk faktorlar\u0131n\u0131n m\u00fczakir\u0259si bax\u0131m\u0131ndan diqq\u0259t \u00e7\u0259k\u0259c\u0259k. Bu il 49-cu d\u0259f\u0259 t\u0259\u015fkil olunan D\u00fcnya \u0130qtsadi Forumunda 110 \u00f6lk\u0259d\u0259n 3 mind\u0259n \u00e7ox siyas\u0259t\u00e7i, biznesmen, elm adamlar\u0131 v\u0259 qeyri-h\u00f6kum\u0259t t\u0259\u015fkilatlar\u0131n\u0131n n\u00fcmay\u0259nd\u0259l\u0259ri 350-d\u0259n \u00e7ox iclasda&hellip;","_links":{"self":[{"href":"https:\/\/arantv.az\/index.php?rest_route=\/wp\/v2\/posts\/33804"}],"collection":[{"href":"https:\/\/arantv.az\/index.php?rest_route=\/wp\/v2\/posts"}],"about":[{"href":"https:\/\/arantv.az\/index.php?rest_route=\/wp\/v2\/types\/post"}],"author":[{"embeddable":true,"href":"https:\/\/arantv.az\/index.php?rest_route=\/wp\/v2\/users\/2"}],"replies":[{"embeddable":true,"href":"https:\/\/arantv.az\/index.php?rest_route=%2Fwp%2Fv2%2Fcomments&post=33804"}],"version-history":[{"count":0,"href":"https:\/\/arantv.az\/index.php?rest_route=\/wp\/v2\/posts\/33804\/revisions"}],"wp:featuredmedia":[{"embeddable":true,"href":"https:\/\/arantv.az\/index.php?rest_route=\/wp\/v2\/media\/33805"}],"wp:attachment":[{"href":"https:\/\/arantv.az\/index.php?rest_route=%2Fwp%2Fv2%2Fmedia&parent=33804"}],"wp:term":[{"taxonomy":"category","embeddable":true,"href":"https:\/\/arantv.az\/index.php?rest_route=%2Fwp%2Fv2%2Fcategories&post=33804"},{"taxonomy":"post_tag","embeddable":true,"href":"https:\/\/arantv.az\/index.php?rest_route=%2Fwp%2Fv2%2Ftags&post=33804"}],"curies":[{"name":"wp","href":"https:\/\/api.w.org\/{rel}","templated":true}]}}