{"id":33828,"date":"2019-01-21T14:42:06","date_gmt":"2019-01-21T11:42:06","guid":{"rendered":"http:\/\/arantv.az\/?p=33828"},"modified":"2019-01-21T14:42:06","modified_gmt":"2019-01-21T11:42:06","slug":"bu-il-dord-gun-tv-v%c9%99-radio-isl%c9%99m%c9%99y%c9%99c%c9%99k","status":"publish","type":"post","link":"https:\/\/arantv.az\/?p=33828","title":{"rendered":"Bu il d\u00f6rd g\u00fcn TV v\u0259 radio i\u015fl\u0259m\u0259y\u0259c\u0259k"},"content":{"rendered":"<p>Az\u0259rbaycanda 2019-cu il \u00fc\u00e7\u00fcn efir m\u0259kan\u0131nda kompleks profilaktika i\u015fl\u0259rinin ilkin qrafiki haz\u0131rlan\u0131b.<\/p>\n<p><strong>ARANTV.AZ<\/strong>-\u0131n Trend-\u0259 istinad\u0259n m\u0259lumat\u0131na g\u00f6r\u0259, bu il d\u00f6rd kompleks profilaktikan\u0131n ke\u00e7irilm\u0259si n\u0259z\u0259rd\u0259 tutulur.<\/p>\n<p>Profilaktika i\u015fl\u0259ri mart\u0131n 4-\u00fc, iyunun 10-u, sentyabr\u0131n 16-\u0131 v\u0259 dekabr\u0131n 9-u ke\u00e7iril\u0259c\u0259k.<\/p>\n<div id=\"AdributorNativeVideo0\" class=\"AdributorNativeVideo\"><\/div>\n<p>Qeyd olunur ki, haz\u0131rda qrafik teleradio \u015firk\u0259tl\u0259ri il\u0259 raz\u0131la\u015fd\u0131r\u0131lma m\u0259rh\u0259l\u0259sind\u0259dir:<\/p>\n<p>\u201cQrafik teleradio \u015firk\u0259tl\u0259ri il\u0259 raz\u0131la\u015fd\u0131r\u0131l\u0131b v\u0259 N\u0259qliyyat, Rabit\u0259 v\u0259 Y\u00fcks\u0259k Texnologiyalar Nazirliyi t\u0259r\u0259find\u0259n t\u0259sdiq edilib\u201d.<\/p>\n","protected":false},"excerpt":{"rendered":"<p>Az\u0259rbaycanda 2019-cu il \u00fc\u00e7\u00fcn efir m\u0259kan\u0131nda kompleks profilaktika i\u015fl\u0259rinin ilkin qrafiki haz\u0131rlan\u0131b. ARANTV.AZ-\u0131n Trend-\u0259 istinad\u0259n m\u0259lumat\u0131na g\u00f6r\u0259, bu il d\u00f6rd kompleks profilaktikan\u0131n ke\u00e7irilm\u0259si n\u0259z\u0259rd\u0259 tutulur. Profilaktika i\u015fl\u0259ri mart\u0131n 4-\u00fc, iyunun 10-u, sentyabr\u0131n 16-\u0131 v\u0259 dekabr\u0131n 9-u ke\u00e7iril\u0259c\u0259k. Qeyd olunur ki, haz\u0131rda qrafik teleradio \u015firk\u0259tl\u0259ri il\u0259 raz\u0131la\u015fd\u0131r\u0131lma m\u0259rh\u0259l\u0259sind\u0259dir: \u201cQrafik teleradio \u015firk\u0259tl\u0259ri il\u0259 raz\u0131la\u015fd\u0131r\u0131l\u0131b v\u0259 N\u0259qliyyat, Rabit\u0259 v\u0259 Y\u00fcks\u0259k Texnologiyalar Nazirliyi t\u0259r\u0259find\u0259n t\u0259sdiq edilib\u201d.<\/p>\n","protected":false},"author":2,"featured_media":33829,"comment_status":"closed","ping_status":"closed","sticky":false,"template":"","format":"standard","meta":{"om_disable_all_campaigns":false,"_monsterinsights_skip_tracking":false,"_monsterinsights_sitenote_active":false,"_monsterinsights_sitenote_note":"","_monsterinsights_sitenote_category":0},"categories":[1],"tags":[],"aioseo_notices":[],"gutentor_comment":0,"rttpg_featured_image_url":{"full":["https:\/\/arantv.az\/wp-content\/uploads\/2019\/01\/photo_74013.jpg",600,336,false],"landscape":["https:\/\/arantv.az\/wp-content\/uploads\/2019\/01\/photo_74013.jpg",600,336,false],"portraits":["https:\/\/arantv.az\/wp-content\/uploads\/2019\/01\/photo_74013.jpg",600,336,false],"thumbnail":["https:\/\/arantv.az\/wp-content\/uploads\/2019\/01\/photo_74013-150x150.jpg",150,150,true],"medium":["https:\/\/arantv.az\/wp-content\/uploads\/2019\/01\/photo_74013-300x168.jpg",300,168,true],"large":["https:\/\/arantv.az\/wp-content\/uploads\/2019\/01\/photo_74013.jpg",600,336,false],"1536x1536":["https:\/\/arantv.az\/wp-content\/uploads\/2019\/01\/photo_74013.jpg",600,336,false],"2048x2048":["https:\/\/arantv.az\/wp-content\/uploads\/2019\/01\/photo_74013.jpg",600,336,false],"post-thumbnail":["https:\/\/arantv.az\/wp-content\/uploads\/2019\/01\/photo_74013-240x172.jpg",240,172,true],"advps-thumb-one":["https:\/\/arantv.az\/wp-content\/uploads\/2019\/01\/photo_74013.jpg",600,336,false]},"rttpg_author":{"display_name":"V\u00fcsal Rafiqo\u011flu","author_link":"https:\/\/arantv.az\/?author=2"},"rttpg_comment":0,"rttpg_category":"<a href=\"https:\/\/arantv.az\/?cat=1\" rel=\"category\">C\u0259miyy\u0259t<\/a>","rttpg_excerpt":"Az\u0259rbaycanda 2019-cu il \u00fc\u00e7\u00fcn efir m\u0259kan\u0131nda kompleks profilaktika i\u015fl\u0259rinin ilkin qrafiki haz\u0131rlan\u0131b. ARANTV.AZ-\u0131n Trend-\u0259 istinad\u0259n m\u0259lumat\u0131na g\u00f6r\u0259, bu il d\u00f6rd kompleks profilaktikan\u0131n ke\u00e7irilm\u0259si n\u0259z\u0259rd\u0259 tutulur. Profilaktika i\u015fl\u0259ri mart\u0131n 4-\u00fc, iyunun 10-u, sentyabr\u0131n 16-\u0131 v\u0259 dekabr\u0131n 9-u ke\u00e7iril\u0259c\u0259k. Qeyd olunur ki, haz\u0131rda qrafik teleradio \u015firk\u0259tl\u0259ri il\u0259 raz\u0131la\u015fd\u0131r\u0131lma m\u0259rh\u0259l\u0259sind\u0259dir: \u201cQrafik teleradio \u015firk\u0259tl\u0259ri il\u0259 raz\u0131la\u015fd\u0131r\u0131l\u0131b v\u0259 N\u0259qliyyat, Rabit\u0259&hellip;","_links":{"self":[{"href":"https:\/\/arantv.az\/index.php?rest_route=\/wp\/v2\/posts\/33828"}],"collection":[{"href":"https:\/\/arantv.az\/index.php?rest_route=\/wp\/v2\/posts"}],"about":[{"href":"https:\/\/arantv.az\/index.php?rest_route=\/wp\/v2\/types\/post"}],"author":[{"embeddable":true,"href":"https:\/\/arantv.az\/index.php?rest_route=\/wp\/v2\/users\/2"}],"replies":[{"embeddable":true,"href":"https:\/\/arantv.az\/index.php?rest_route=%2Fwp%2Fv2%2Fcomments&post=33828"}],"version-history":[{"count":0,"href":"https:\/\/arantv.az\/index.php?rest_route=\/wp\/v2\/posts\/33828\/revisions"}],"wp:featuredmedia":[{"embeddable":true,"href":"https:\/\/arantv.az\/index.php?rest_route=\/wp\/v2\/media\/33829"}],"wp:attachment":[{"href":"https:\/\/arantv.az\/index.php?rest_route=%2Fwp%2Fv2%2Fmedia&parent=33828"}],"wp:term":[{"taxonomy":"category","embeddable":true,"href":"https:\/\/arantv.az\/index.php?rest_route=%2Fwp%2Fv2%2Fcategories&post=33828"},{"taxonomy":"post_tag","embeddable":true,"href":"https:\/\/arantv.az\/index.php?rest_route=%2Fwp%2Fv2%2Ftags&post=33828"}],"curies":[{"name":"wp","href":"https:\/\/api.w.org\/{rel}","templated":true}]}}