{"id":33838,"date":"2019-01-21T14:55:41","date_gmt":"2019-01-21T11:55:41","guid":{"rendered":"http:\/\/arantv.az\/?p=33838"},"modified":"2019-01-21T14:55:41","modified_gmt":"2019-01-21T11:55:41","slug":"s%c9%99m%c9%99d-seyidov-yenid%c9%99n-aspa-nin-vitse-prezidenti-secildi","status":"publish","type":"post","link":"https:\/\/arantv.az\/?p=33838","title":{"rendered":"S\u0259m\u0259d Seyidov yenid\u0259n A\u015ePA-n\u0131n vitse-prezidenti se\u00e7ildi"},"content":{"rendered":"<div class=\"spot\">Az\u0259rbaycan\u0131n Avropa \u015eurasl Parlament Assambleyas\u0131nda (A\u015ePA) n\u00fcmay\u0259nd\u0259 hey\u0259tinin t\u0259rkibi n\u00f6vb\u0259ti il \u00fc\u00e7\u00fcn t\u0259sdiql\u0259nib.<\/div>\n<p><strong>ARANTV.AZ<\/strong>\u00a0 x\u0259b\u0259r verir ki, n\u00fcmay\u0259nd\u0259 hey\u0259tinin \u00fczv\u00fc, deputat Naqif H\u0259mz\u0259yev \u201cReport\u201dun Q\u0259rbi Avropa b\u00fcrosuna bildirib ki, eyni zamanda n\u00fcmay\u0259nd\u0259 hey\u0259tinin r\u0259hb\u0259ri S\u0259m\u0259d Seyidov A\u015ePA-n\u0131n eynid\u0259n vitse-perzidebti se\u00e7ilib.<\/p>\n<p>Az\u0259rbaycan n\u00fcmay\u0259nd\u0259 hey\u0259tinin \u00fczvl\u0259ri deputatlar Rafael H\u00fcseynov, Sabir Hac\u0131yev, Q\u0259nir\u0259 Pa\u015fayeva, \u00dclviyy\u0259 A\u011fayeva, Sevinc F\u0259t\u0259liyeva, El\u015fad H\u0259s\u0259nov, Fazil Mustafa, Asim Mollazad\u0259, \u00c7ingiz Q\u0259nizad\u0259, Sahib\u0259 Qafarova v\u0259 Naqif H\u0259mz\u0259yevdir.<\/p>\n<div id=\"AdributorNativeVideo0\" class=\"AdributorNativeVideo\"><\/div>\n<p>Qeyd ed\u0259k ki, bu g\u00fcn A\u015ePA-n\u0131n q\u0131\u015f sessiyas\u0131 ba\u015flay\u0131b v\u0259 yanvar\u0131n 25-\u0259 kimi davam ed\u0259c\u0259k.<\/p>\n<p>&nbsp;<\/p>\n","protected":false},"excerpt":{"rendered":"<p>Az\u0259rbaycan\u0131n Avropa \u015eurasl Parlament Assambleyas\u0131nda (A\u015ePA) n\u00fcmay\u0259nd\u0259 hey\u0259tinin t\u0259rkibi n\u00f6vb\u0259ti il \u00fc\u00e7\u00fcn t\u0259sdiql\u0259nib. ARANTV.AZ\u00a0 x\u0259b\u0259r verir ki, n\u00fcmay\u0259nd\u0259 hey\u0259tinin \u00fczv\u00fc, deputat Naqif H\u0259mz\u0259yev \u201cReport\u201dun Q\u0259rbi Avropa b\u00fcrosuna bildirib ki, eyni zamanda n\u00fcmay\u0259nd\u0259 hey\u0259tinin r\u0259hb\u0259ri S\u0259m\u0259d Seyidov A\u015ePA-n\u0131n eynid\u0259n vitse-perzidebti se\u00e7ilib. Az\u0259rbaycan n\u00fcmay\u0259nd\u0259 hey\u0259tinin \u00fczvl\u0259ri deputatlar Rafael H\u00fcseynov, Sabir Hac\u0131yev, Q\u0259nir\u0259 Pa\u015fayeva, \u00dclviyy\u0259 A\u011fayeva, Sevinc F\u0259t\u0259liyeva, El\u015fad H\u0259s\u0259nov, Fazil Mustafa, Asim Mollazad\u0259, \u00c7ingiz Q\u0259nizad\u0259, Sahib\u0259 Qafarova v\u0259 Naqif H\u0259mz\u0259yevdir. Qeyd ed\u0259k ki, bu g\u00fcn A\u015ePA-n\u0131n q\u0131\u015f sessiyas\u0131 ba\u015flay\u0131b v\u0259 yanvar\u0131n 25-\u0259 kimi davam ed\u0259c\u0259k. &nbsp;<\/p>\n","protected":false},"author":2,"featured_media":33839,"comment_status":"closed","ping_status":"closed","sticky":false,"template":"","format":"standard","meta":{"om_disable_all_campaigns":false,"_monsterinsights_skip_tracking":false,"_monsterinsights_sitenote_active":false,"_monsterinsights_sitenote_note":"","_monsterinsights_sitenote_category":0},"categories":[4],"tags":[],"aioseo_notices":[],"gutentor_comment":0,"rttpg_featured_image_url":{"full":["https:\/\/arantv.az\/wp-content\/uploads\/2019\/01\/semedseyid.jpg",620,375,false],"landscape":["https:\/\/arantv.az\/wp-content\/uploads\/2019\/01\/semedseyid.jpg",620,375,false],"portraits":["https:\/\/arantv.az\/wp-content\/uploads\/2019\/01\/semedseyid.jpg",620,375,false],"thumbnail":["https:\/\/arantv.az\/wp-content\/uploads\/2019\/01\/semedseyid-150x150.jpg",150,150,true],"medium":["https:\/\/arantv.az\/wp-content\/uploads\/2019\/01\/semedseyid-300x181.jpg",300,181,true],"large":["https:\/\/arantv.az\/wp-content\/uploads\/2019\/01\/semedseyid.jpg",620,375,false],"1536x1536":["https:\/\/arantv.az\/wp-content\/uploads\/2019\/01\/semedseyid.jpg",620,375,false],"2048x2048":["https:\/\/arantv.az\/wp-content\/uploads\/2019\/01\/semedseyid.jpg",620,375,false],"post-thumbnail":["https:\/\/arantv.az\/wp-content\/uploads\/2019\/01\/semedseyid-240x172.jpg",240,172,true],"advps-thumb-one":["https:\/\/arantv.az\/wp-content\/uploads\/2019\/01\/semedseyid.jpg",620,375,false]},"rttpg_author":{"display_name":"V\u00fcsal Rafiqo\u011flu","author_link":"https:\/\/arantv.az\/?author=2"},"rttpg_comment":0,"rttpg_category":"<a href=\"https:\/\/arantv.az\/?cat=4\" rel=\"category\">Siyas\u0259t<\/a>","rttpg_excerpt":"Az\u0259rbaycan\u0131n Avropa \u015eurasl Parlament Assambleyas\u0131nda (A\u015ePA) n\u00fcmay\u0259nd\u0259 hey\u0259tinin t\u0259rkibi n\u00f6vb\u0259ti il \u00fc\u00e7\u00fcn t\u0259sdiql\u0259nib. ARANTV.AZ\u00a0 x\u0259b\u0259r verir ki, n\u00fcmay\u0259nd\u0259 hey\u0259tinin \u00fczv\u00fc, deputat Naqif H\u0259mz\u0259yev \u201cReport\u201dun Q\u0259rbi Avropa b\u00fcrosuna bildirib ki, eyni zamanda n\u00fcmay\u0259nd\u0259 hey\u0259tinin r\u0259hb\u0259ri S\u0259m\u0259d Seyidov A\u015ePA-n\u0131n eynid\u0259n vitse-perzidebti se\u00e7ilib. Az\u0259rbaycan n\u00fcmay\u0259nd\u0259 hey\u0259tinin \u00fczvl\u0259ri deputatlar Rafael H\u00fcseynov, Sabir Hac\u0131yev, Q\u0259nir\u0259 Pa\u015fayeva, \u00dclviyy\u0259 A\u011fayeva, Sevinc F\u0259t\u0259liyeva,&hellip;","_links":{"self":[{"href":"https:\/\/arantv.az\/index.php?rest_route=\/wp\/v2\/posts\/33838"}],"collection":[{"href":"https:\/\/arantv.az\/index.php?rest_route=\/wp\/v2\/posts"}],"about":[{"href":"https:\/\/arantv.az\/index.php?rest_route=\/wp\/v2\/types\/post"}],"author":[{"embeddable":true,"href":"https:\/\/arantv.az\/index.php?rest_route=\/wp\/v2\/users\/2"}],"replies":[{"embeddable":true,"href":"https:\/\/arantv.az\/index.php?rest_route=%2Fwp%2Fv2%2Fcomments&post=33838"}],"version-history":[{"count":0,"href":"https:\/\/arantv.az\/index.php?rest_route=\/wp\/v2\/posts\/33838\/revisions"}],"wp:featuredmedia":[{"embeddable":true,"href":"https:\/\/arantv.az\/index.php?rest_route=\/wp\/v2\/media\/33839"}],"wp:attachment":[{"href":"https:\/\/arantv.az\/index.php?rest_route=%2Fwp%2Fv2%2Fmedia&parent=33838"}],"wp:term":[{"taxonomy":"category","embeddable":true,"href":"https:\/\/arantv.az\/index.php?rest_route=%2Fwp%2Fv2%2Fcategories&post=33838"},{"taxonomy":"post_tag","embeddable":true,"href":"https:\/\/arantv.az\/index.php?rest_route=%2Fwp%2Fv2%2Ftags&post=33838"}],"curies":[{"name":"wp","href":"https:\/\/api.w.org\/{rel}","templated":true}]}}