{"id":33873,"date":"2019-01-21T16:04:51","date_gmt":"2019-01-21T13:04:51","guid":{"rendered":"http:\/\/arantv.az\/?p=33873"},"modified":"2019-01-21T16:04:51","modified_gmt":"2019-01-21T13:04:51","slug":"turkiy%c9%99d%c9%99-terror-aktinin-qarsisi-alinib","status":"publish","type":"post","link":"https:\/\/arantv.az\/?p=33873","title":{"rendered":"T\u00fcrkiy\u0259d\u0259 TERROR akt\u0131n\u0131n qar\u015f\u0131s\u0131 al\u0131n\u0131b"},"content":{"rendered":"<p><strong>T\u00fcrkiy\u0259nin c\u0259nub-\u015f\u0259rqind\u0259ki Mardin vilay\u0259tind\u0259 ke\u00e7irilmi\u015f x\u00fcsusi \u0259m\u0259liyyat n\u0259tic\u0259sind\u0259 terror akt\u0131n\u0131n qar\u015f\u0131s\u0131 al\u0131n\u0131b.<\/strong><\/p>\n<p><strong>ARANTV.AZ<\/strong> trend-\u0259 istinad\u0259n x\u0259b\u0259r verir ki, x\u00fcsusi \u0259m\u0259liyyat zaman\u0131 150 kiloqrama yax\u0131n partlay\u0131c\u0131 madd\u0259 \u0259l\u0259 ke\u00e7irilib.<\/p>\n<p>Bundan ba\u015fqa, \u0259razinin v\u0259 b\u00f6lg\u0259d\u0259 yerl\u0259\u015f\u0259n strateji obyektl\u0259rin x\u0259rit\u0259si m\u00fcsadir\u0259 olunub.<\/p>\n<div id=\"AdributorNativeVideo0\" class=\"AdributorNativeVideo\"><\/div>\n<p>Qeyd olunur ki, terror akt\u0131n\u0131 PKK terror t\u0259\u015fkilat\u0131 planla\u015fd\u0131r\u0131rm\u0131\u015f.<\/p>\n","protected":false},"excerpt":{"rendered":"<p>T\u00fcrkiy\u0259nin c\u0259nub-\u015f\u0259rqind\u0259ki Mardin vilay\u0259tind\u0259 ke\u00e7irilmi\u015f x\u00fcsusi \u0259m\u0259liyyat n\u0259tic\u0259sind\u0259 terror akt\u0131n\u0131n qar\u015f\u0131s\u0131 al\u0131n\u0131b. ARANTV.AZ trend-\u0259 istinad\u0259n x\u0259b\u0259r verir ki, x\u00fcsusi \u0259m\u0259liyyat zaman\u0131 150 kiloqrama yax\u0131n partlay\u0131c\u0131 madd\u0259 \u0259l\u0259 ke\u00e7irilib. Bundan ba\u015fqa, \u0259razinin v\u0259 b\u00f6lg\u0259d\u0259 yerl\u0259\u015f\u0259n strateji obyektl\u0259rin x\u0259rit\u0259si m\u00fcsadir\u0259 olunub. Qeyd olunur ki, terror akt\u0131n\u0131 PKK terror t\u0259\u015fkilat\u0131 planla\u015fd\u0131r\u0131rm\u0131\u015f.<\/p>\n","protected":false},"author":2,"featured_media":33874,"comment_status":"closed","ping_status":"closed","sticky":false,"template":"","format":"standard","meta":{"om_disable_all_campaigns":false,"_monsterinsights_skip_tracking":false,"_monsterinsights_sitenote_active":false,"_monsterinsights_sitenote_note":"","_monsterinsights_sitenote_category":0},"categories":[7],"tags":[],"aioseo_notices":[],"gutentor_comment":0,"rttpg_featured_image_url":{"full":["https:\/\/arantv.az\/wp-content\/uploads\/2019\/01\/turk_polis_3rfh576767.jpg",800,600,false],"landscape":["https:\/\/arantv.az\/wp-content\/uploads\/2019\/01\/turk_polis_3rfh576767.jpg",800,600,false],"portraits":["https:\/\/arantv.az\/wp-content\/uploads\/2019\/01\/turk_polis_3rfh576767.jpg",800,600,false],"thumbnail":["https:\/\/arantv.az\/wp-content\/uploads\/2019\/01\/turk_polis_3rfh576767-150x150.jpg",150,150,true],"medium":["https:\/\/arantv.az\/wp-content\/uploads\/2019\/01\/turk_polis_3rfh576767-300x225.jpg",300,225,true],"large":["https:\/\/arantv.az\/wp-content\/uploads\/2019\/01\/turk_polis_3rfh576767.jpg",640,480,false],"1536x1536":["https:\/\/arantv.az\/wp-content\/uploads\/2019\/01\/turk_polis_3rfh576767.jpg",800,600,false],"2048x2048":["https:\/\/arantv.az\/wp-content\/uploads\/2019\/01\/turk_polis_3rfh576767.jpg",800,600,false],"post-thumbnail":["https:\/\/arantv.az\/wp-content\/uploads\/2019\/01\/turk_polis_3rfh576767-240x172.jpg",240,172,true],"advps-thumb-one":["https:\/\/arantv.az\/wp-content\/uploads\/2019\/01\/turk_polis_3rfh576767.jpg",800,600,false]},"rttpg_author":{"display_name":"V\u00fcsal Rafiqo\u011flu","author_link":"https:\/\/arantv.az\/?author=2"},"rttpg_comment":0,"rttpg_category":"<a href=\"https:\/\/arantv.az\/?cat=7\" rel=\"category\">D\u00fcnya<\/a>","rttpg_excerpt":"T\u00fcrkiy\u0259nin c\u0259nub-\u015f\u0259rqind\u0259ki Mardin vilay\u0259tind\u0259 ke\u00e7irilmi\u015f x\u00fcsusi \u0259m\u0259liyyat n\u0259tic\u0259sind\u0259 terror akt\u0131n\u0131n qar\u015f\u0131s\u0131 al\u0131n\u0131b. ARANTV.AZ trend-\u0259 istinad\u0259n x\u0259b\u0259r verir ki, x\u00fcsusi \u0259m\u0259liyyat zaman\u0131 150 kiloqrama yax\u0131n partlay\u0131c\u0131 madd\u0259 \u0259l\u0259 ke\u00e7irilib. Bundan ba\u015fqa, \u0259razinin v\u0259 b\u00f6lg\u0259d\u0259 yerl\u0259\u015f\u0259n strateji obyektl\u0259rin x\u0259rit\u0259si m\u00fcsadir\u0259 olunub. Qeyd olunur ki, terror akt\u0131n\u0131 PKK terror t\u0259\u015fkilat\u0131 planla\u015fd\u0131r\u0131rm\u0131\u015f.","_links":{"self":[{"href":"https:\/\/arantv.az\/index.php?rest_route=\/wp\/v2\/posts\/33873"}],"collection":[{"href":"https:\/\/arantv.az\/index.php?rest_route=\/wp\/v2\/posts"}],"about":[{"href":"https:\/\/arantv.az\/index.php?rest_route=\/wp\/v2\/types\/post"}],"author":[{"embeddable":true,"href":"https:\/\/arantv.az\/index.php?rest_route=\/wp\/v2\/users\/2"}],"replies":[{"embeddable":true,"href":"https:\/\/arantv.az\/index.php?rest_route=%2Fwp%2Fv2%2Fcomments&post=33873"}],"version-history":[{"count":0,"href":"https:\/\/arantv.az\/index.php?rest_route=\/wp\/v2\/posts\/33873\/revisions"}],"wp:featuredmedia":[{"embeddable":true,"href":"https:\/\/arantv.az\/index.php?rest_route=\/wp\/v2\/media\/33874"}],"wp:attachment":[{"href":"https:\/\/arantv.az\/index.php?rest_route=%2Fwp%2Fv2%2Fmedia&parent=33873"}],"wp:term":[{"taxonomy":"category","embeddable":true,"href":"https:\/\/arantv.az\/index.php?rest_route=%2Fwp%2Fv2%2Fcategories&post=33873"},{"taxonomy":"post_tag","embeddable":true,"href":"https:\/\/arantv.az\/index.php?rest_route=%2Fwp%2Fv2%2Ftags&post=33873"}],"curies":[{"name":"wp","href":"https:\/\/api.w.org\/{rel}","templated":true}]}}