{"id":339041,"date":"2021-05-20T12:06:36","date_gmt":"2021-05-20T09:06:36","guid":{"rendered":"https:\/\/arantv.az\/?p=339041"},"modified":"2021-05-20T12:06:36","modified_gmt":"2021-05-20T09:06:36","slug":"zohrabyan-partiyanin-bas-katibi-v%c9%99zif%c9%99sind%c9%99n-istefa-etdi","status":"publish","type":"post","link":"https:\/\/arantv.az\/?p=339041","title":{"rendered":"Z\u00f6hrabyan partiyan\u0131n ba\u015f katibi v\u0259zif\u0259sind\u0259n istefa etdi"},"content":{"rendered":"<p><strong>&#8220;\u00c7i\u00e7\u0259kl\u0259n\u0259n Erm\u0259nistan&#8221; fraksiyas\u0131n\u0131n deputat\u0131 Naira Z\u00f6hrabyan partiyan\u0131n ba\u015f katibi v\u0259zif\u0259sind\u0259n istefa verib.<\/strong><\/p>\n<p><strong>ARANTV.AZ<\/strong>\u00a0 unikal.org-a istinad\u0259n bildirir ki, bu bar\u0259d\u0259 o, &#8220;Facebook&#8221; hesab\u0131nda yaz\u0131b.<\/p>\n<p>Z\u00f6hrabyan \u0259lav\u0259 edib ki, partiyan\u0131n proporsional siyah\u0131s\u0131nda parlament se\u00e7kil\u0259rin\u0259 qat\u0131lmayacaq:<\/p>\n<p>&#8220;M\u0259nim yekun q\u0259rardan \u0259vv\u0259l dostlar\u0131m v\u0259 yax\u0131nlar\u0131mla m\u00fczakir\u0259 edil\u0259c\u0259k bir ne\u00e7\u0259 t\u0259klifim var&#8221;, &#8211; dey\u0259n Z\u00f6hrabyan partiyadan ayr\u0131lma m\u0259s\u0259l\u0259sini h\u0259l\u0259lik \u015f\u0259rh etm\u0259y\u0259c\u0259yini vur\u011fulay\u0131b.<\/p>\n","protected":false},"excerpt":{"rendered":"<p>&#8220;\u00c7i\u00e7\u0259kl\u0259n\u0259n Erm\u0259nistan&#8221; fraksiyas\u0131n\u0131n deputat\u0131 Naira Z\u00f6hrabyan partiyan\u0131n ba\u015f katibi v\u0259zif\u0259sind\u0259n istefa verib. ARANTV.AZ\u00a0 unikal.org-a istinad\u0259n bildirir ki, bu bar\u0259d\u0259 o, &#8220;Facebook&#8221; hesab\u0131nda yaz\u0131b. Z\u00f6hrabyan \u0259lav\u0259 edib ki, partiyan\u0131n proporsional siyah\u0131s\u0131nda parlament se\u00e7kil\u0259rin\u0259 qat\u0131lmayacaq: &#8220;M\u0259nim yekun q\u0259rardan \u0259vv\u0259l dostlar\u0131m v\u0259 yax\u0131nlar\u0131mla m\u00fczakir\u0259 edil\u0259c\u0259k bir ne\u00e7\u0259 t\u0259klifim var&#8221;, &#8211; dey\u0259n Z\u00f6hrabyan partiyadan ayr\u0131lma m\u0259s\u0259l\u0259sini h\u0259l\u0259lik \u015f\u0259rh etm\u0259y\u0259c\u0259yini vur\u011fulay\u0131b.<\/p>\n","protected":false},"author":2,"featured_media":339042,"comment_status":"closed","ping_status":"closed","sticky":false,"template":"","format":"standard","meta":{"om_disable_all_campaigns":false,"_monsterinsights_skip_tracking":false,"_monsterinsights_sitenote_active":false,"_monsterinsights_sitenote_note":"","_monsterinsights_sitenote_category":0},"categories":[7],"tags":[],"aioseo_notices":[],"gutentor_comment":0,"rttpg_featured_image_url":{"full":["https:\/\/arantv.az\/wp-content\/uploads\/2021\/05\/949709.jpg",800,600,false],"landscape":["https:\/\/arantv.az\/wp-content\/uploads\/2021\/05\/949709.jpg",800,600,false],"portraits":["https:\/\/arantv.az\/wp-content\/uploads\/2021\/05\/949709.jpg",800,600,false],"thumbnail":["https:\/\/arantv.az\/wp-content\/uploads\/2021\/05\/949709-500x280.jpg",500,280,true],"medium":["https:\/\/arantv.az\/wp-content\/uploads\/2021\/05\/949709-487x365.jpg",487,365,true],"large":["https:\/\/arantv.az\/wp-content\/uploads\/2021\/05\/949709.jpg",640,480,false],"1536x1536":["https:\/\/arantv.az\/wp-content\/uploads\/2021\/05\/949709.jpg",800,600,false],"2048x2048":["https:\/\/arantv.az\/wp-content\/uploads\/2021\/05\/949709.jpg",800,600,false],"post-thumbnail":["https:\/\/arantv.az\/wp-content\/uploads\/2021\/05\/949709-240x172.jpg",240,172,true],"advps-thumb-one":["https:\/\/arantv.az\/wp-content\/uploads\/2021\/05\/949709.jpg",800,600,false]},"rttpg_author":{"display_name":"V\u00fcsal Rafiqo\u011flu","author_link":"https:\/\/arantv.az\/?author=2"},"rttpg_comment":0,"rttpg_category":"<a href=\"https:\/\/arantv.az\/?cat=7\" rel=\"category\">D\u00fcnya<\/a>","rttpg_excerpt":"&#8220;\u00c7i\u00e7\u0259kl\u0259n\u0259n Erm\u0259nistan&#8221; fraksiyas\u0131n\u0131n deputat\u0131 Naira Z\u00f6hrabyan partiyan\u0131n ba\u015f katibi v\u0259zif\u0259sind\u0259n istefa verib. ARANTV.AZ\u00a0 unikal.org-a istinad\u0259n bildirir ki, bu bar\u0259d\u0259 o, &#8220;Facebook&#8221; hesab\u0131nda yaz\u0131b. Z\u00f6hrabyan \u0259lav\u0259 edib ki, partiyan\u0131n proporsional siyah\u0131s\u0131nda parlament se\u00e7kil\u0259rin\u0259 qat\u0131lmayacaq: &#8220;M\u0259nim yekun q\u0259rardan \u0259vv\u0259l dostlar\u0131m v\u0259 yax\u0131nlar\u0131mla m\u00fczakir\u0259 edil\u0259c\u0259k bir ne\u00e7\u0259 t\u0259klifim var&#8221;, &#8211; dey\u0259n Z\u00f6hrabyan partiyadan ayr\u0131lma m\u0259s\u0259l\u0259sini h\u0259l\u0259lik \u015f\u0259rh etm\u0259y\u0259c\u0259yini&hellip;","_links":{"self":[{"href":"https:\/\/arantv.az\/index.php?rest_route=\/wp\/v2\/posts\/339041"}],"collection":[{"href":"https:\/\/arantv.az\/index.php?rest_route=\/wp\/v2\/posts"}],"about":[{"href":"https:\/\/arantv.az\/index.php?rest_route=\/wp\/v2\/types\/post"}],"author":[{"embeddable":true,"href":"https:\/\/arantv.az\/index.php?rest_route=\/wp\/v2\/users\/2"}],"replies":[{"embeddable":true,"href":"https:\/\/arantv.az\/index.php?rest_route=%2Fwp%2Fv2%2Fcomments&post=339041"}],"version-history":[{"count":0,"href":"https:\/\/arantv.az\/index.php?rest_route=\/wp\/v2\/posts\/339041\/revisions"}],"wp:featuredmedia":[{"embeddable":true,"href":"https:\/\/arantv.az\/index.php?rest_route=\/wp\/v2\/media\/339042"}],"wp:attachment":[{"href":"https:\/\/arantv.az\/index.php?rest_route=%2Fwp%2Fv2%2Fmedia&parent=339041"}],"wp:term":[{"taxonomy":"category","embeddable":true,"href":"https:\/\/arantv.az\/index.php?rest_route=%2Fwp%2Fv2%2Fcategories&post=339041"},{"taxonomy":"post_tag","embeddable":true,"href":"https:\/\/arantv.az\/index.php?rest_route=%2Fwp%2Fv2%2Ftags&post=339041"}],"curies":[{"name":"wp","href":"https:\/\/api.w.org\/{rel}","templated":true}]}}