{"id":339044,"date":"2021-05-20T12:07:40","date_gmt":"2021-05-20T09:07:40","guid":{"rendered":"https:\/\/arantv.az\/?p=339044"},"modified":"2021-05-20T12:07:40","modified_gmt":"2021-05-20T09:07:40","slug":"qarabag-dunyanin-%c9%99n-muasir-texnologiya-m%c9%99rk%c9%99zin%c9%99-cevril%c9%99c%c9%99k-yeni-era-baslayir","status":"publish","type":"post","link":"https:\/\/arantv.az\/?p=339044","title":{"rendered":"Qaraba\u011f d\u00fcnyan\u0131n \u0259n m\u00fcasir texnologiya m\u0259rk\u0259zin\u0259 \u00e7evril\u0259c\u0259k &#8211; Yeni era ba\u015flay\u0131r"},"content":{"rendered":"<blockquote><p><strong>&#8220;A\u011f\u0131ll\u0131 k\u0259nd&#8221; v\u0259 &#8220;A\u011f\u0131ll\u0131 \u015f\u0259h\u0259r&#8221;\u00a0layih\u0259l\u0259ri d\u00fcnyan\u0131n m\u00fcxt\u0259lif \u00f6lk\u0259l\u0259rind\u0259 realla\u015fd\u0131r\u0131l\u0131r v\u0259 m\u0259qs\u0259di sakinl\u0259rin\u00a0h\u0259yat\u0131n\u0131 y\u00fcng\u00fcll\u0259\u015fdirm\u0259k v\u0259 ya\u015fay\u0131\u015f s\u0259viyy\u0259sini y\u00fcks\u0259ltm\u0259k m\u0259qs\u0259di g\u00fcd\u00fcr.<\/strong><\/p><\/blockquote>\n<p>Az\u0259rbaycanda &#8220;a\u011f\u0131ll\u0131 \u015f\u0259h\u0259r&#8221; konsepsiyas\u0131 Prezident \u0130lham \u018fliyevin s\u0259r\u0259ncam\u0131 il\u0259 imzalanm\u0131\u015f &#8220;A\u00e7\u0131q h\u00f6kum\u0259tin t\u0259\u015fviqin\u0259 dair 2020-2022-ci ill\u0259r \u00fc\u00e7\u00fcn Milli F\u0259aliyy\u0259t Plan\u0131&#8221;nda da \u00f6z \u0259ksini tap\u0131b. &#8220;A\u011f\u0131ll\u0131 \u015f\u0259h\u0259r&#8221; elm v\u0259 texnika, informasiya texnologiyalar\u0131n\u0131n y\u00fcks\u0259k inki\u015faf etdiyi m\u00fchitd\u0259 formala\u015f\u0131r, c\u0259miyy\u0259tin, insanlar\u0131n h\u0259yat t\u0259rzinin f\u0259rqli y\u00f6n ald\u0131\u011f\u0131 \u015f\u0259h\u0259rl\u0259r say\u0131l\u0131r. &#8220;A\u011f\u0131ll\u0131 \u015f\u0259h\u0259r&#8221;in f\u0259aliyy\u0259ti smart cihazlardan \u0259ld\u0259 edil\u0259n m\u0259lumatlar \u00fcz\u0259rind\u0259 qurulur. Bu cihazlar telefonlar, ya da avtomobill\u0259rd\u0259 olan sensorlar ola bil\u0259r. Smart cihazlar vasit\u0259sil\u0259 kifay\u0259t q\u0259d\u0259r m\u0259lumat \u0259ld\u0259 edildikd\u0259 is\u0259 m\u0259sul \u015f\u0259xsl\u0259r \u015f\u0259h\u0259rin ehtiyaclar\u0131n\u0131 m\u00fc\u0259yy\u0259n ed\u0259 v\u0259 laz\u0131ml\u0131 infrastruktur i\u015fl\u0259rin\u0259 start ver\u0259 bil\u0259rl\u0259r.<\/p>\n<p>D\u00f6vl\u0259t ba\u015f\u00e7\u0131s\u0131n\u0131n azad edilmi\u015f \u0259razil\u0259rd\u0259 qurulacaq \u015f\u0259h\u0259r v\u0259 k\u0259ndl\u0259rin &#8220;smart-city&#8221;, &#8220;smart-village&#8221;, y\u0259ni\u00a0&#8220;a\u011f\u0131ll\u0131 \u015f\u0259h\u0259r&#8221;, &#8220;a\u011f\u0131ll\u0131 k\u0259nd&#8221; konsepsiyas\u0131 \u0259sas\u0131nda tikilm\u0259li oldu\u011fu il\u0259 ba\u011fl\u0131 verdiyi tap\u015f\u0131r\u0131qlar\u0131n icras\u0131 istiqam\u0259tind\u0259 m\u00fc\u0259yy\u0259n i\u015fl\u0259r\u0259 art\u0131q start verilib. Burada h\u0259d\u0259f erm\u0259ni vandalizminin qurban\u0131na \u00e7evril\u0259n, d\u00fc\u015fm\u0259nin da\u015f\u0131 da\u015f \u00fcst\u0259 qoymad\u0131\u011f\u0131, tarixi, m\u0259d\u0259ni irsimizi, infrastrukturu m\u0259hv etdiyi\u00a0\u0259razil\u0259rd\u0259 \u00e7a\u011fda\u015f texnologiyalardan istifad\u0259 etm\u0259kl\u0259 \u015f\u0259h\u0259r v\u0259 ya k\u0259ndin idar\u0259\u00e7iliyind\u0259 \u0259n y\u00fcks\u0259k s\u0259m\u0259r\u0259y\u0259 nail olmaqd\u0131r. V\u0259 bu, realla\u015faca\u011f\u0131 t\u0259qdird\u0259\u00a0h\u0259min konsepsiyan\u0131n inki\u015faf etdirildiyi \u0259razil\u0259rin &#8220;a\u011f\u0131ll\u0131 k\u0259nd&#8221; anlam\u0131ndan \u00e7\u0131xaraq q\u0131sa m\u00fcdd\u0259t \u0259rzind\u0259 m\u00f6ht\u0259\u015f\u0259m biznes m\u0259rk\u0259zin\u0259 \u00e7evril\u0259c\u0259yi d\u0259 istisna edilmir.\u00a0\u00c7\u00fcnki\u00a0&#8220;A\u011f\u0131ll\u0131 \u015f\u0259h\u0259r&#8221;in f\u0259aliyy\u0259ti smart cihazlardan \u0259ld\u0259 edil\u0259n m\u0259lumatlar \u00fcz\u0259rind\u0259 qurulur. Bu cihazlar telefonlar, ya da avtomobill\u0259rd\u0259 olan sensorlar ola bil\u0259r ki, smart cihazlar vasit\u0259sil\u0259 kifay\u0259t q\u0259d\u0259r m\u0259lumat \u0259ld\u0259 edildikd\u0259 is\u0259 m\u0259sul \u015f\u0259xsl\u0259r \u015f\u0259h\u0259rin ehtiyaclar\u0131n\u0131 m\u00fc\u0259yy\u0259n ed\u0259 v\u0259 laz\u0131ml\u0131 infrastruktur i\u015fl\u0259rin\u0259 start ver\u0259 bil\u0259rl\u0259r. Bu is\u0259 ist\u0259nil\u0259n \u00e7\u0259tinliyin, problemin daha s\u00fcr\u0259tli \u015f\u0259kild\u0259 aradan qald\u0131r\u0131lmas\u0131nda b\u00f6y\u00fck \u0259h\u0259miyy\u0259t k\u0259sb ed\u0259c\u0259k.<\/p>\n<p>Bu \u00e7a\u011fda\u015f texnologiyalardan, o c\u00fcml\u0259d\u0259n informasiya v\u0259 kommunikasiya texnologiyas\u0131ndan n\u0259 q\u0259d\u0259r s\u0259m\u0259r\u0259li istifad\u0259 etmi\u015f olsaq, bir o q\u0259d\u0259r inki\u015faf v\u0259 t\u0259r\u0259qqi yolunda ir\u0259lil\u0259mi\u015f olar\u0131q. Bunu n\u0259z\u0259r\u0259 alan Prezident \u0130lham \u018fliyev\u00a0 30 il \u0259vv\u0259l do\u011fma yurd-yuvalar\u0131ndan did\u0259rgin d\u00fc\u015f\u0259n h\u0259myerlil\u0259rimizin azad edil\u0259n \u0259razil\u0259rimiz\u0259 qay\u0131tmas\u0131n\u0131 daha s\u00fcr\u0259tl\u0259ndirm\u0259k v\u0259 rahat ya\u015fay\u0131\u015flar\u0131n\u0131 t\u0259min etm\u0259k m\u0259qs\u0259dil\u0259 g\u0259l\u0259c\u0259y\u0259 hesablanm\u0131\u015f bel\u0259 bir \u00f6n\u0259mli q\u0259rar verdi.<\/p>\n<p>\u00dcmumiyy\u0259tl\u0259 b\u00fct\u00fcn d\u00fcnyada &#8220;a\u011f\u0131ll\u0131 k\u0259nd&#8221; layih\u0259sinin m\u00fc\u0259yy\u0259n m\u0259qs\u0259dl\u0259ri var. Bunlardan biri insanlar\u0131n k\u0259nd yerl\u0259rind\u0259n \u015f\u0259h\u0259r yerl\u0259rin\u0259 ax\u0131n\u0131n qar\u015f\u0131s\u0131n\u0131 almaqd\u0131r. Y\u0259ni k\u0259nd yerl\u0259rind\u0259 insanlara el\u0259 \u015f\u0259rait yarad\u0131ls\u0131n ki, onlar\u0131n \u015f\u0259h\u0259rd\u0259 \u0259ld\u0259 ed\u0259 bil\u0259c\u0259yi b\u00fct\u00fcn xidm\u0259tl\u0259r\u0259 k\u0259ndl\u0259rd\u0259 d\u0259 \u00e7\u0131x\u0131\u015f\u0131 olsun. \u0130kinci m\u0259qs\u0259di is\u0259 insanlara k\u0259ndd\u0259 pul qazanmaq imkan\u0131n\u0131n yarad\u0131lmas\u0131d\u0131r. N\u00f6vb\u0259ti, y\u0259ni \u00fc\u00e7\u00fcnc\u00fc m\u0259s\u0259l\u0259 is\u0259 odur ki, h\u0259r bir \u00f6lk\u0259 v\u0259t\u0259nda\u015f\u0131n\u0131n oldu\u011fu kimi, k\u0259nd sakinl\u0259rinin d\u0259 d\u00f6vl\u0259t xidm\u0259tl\u0259rin\u0259 \u00e7\u0131x\u0131\u015f\u0131 olmal\u0131d\u0131r. B\u00fct\u00fcn bunlar\u0131 n\u0259z\u0259r\u0259 ald\u0131qda V\u0259t\u0259n m\u00fcharib\u0259si n\u0259tic\u0259sind\u0259 azad edilmi\u015f torpaqlarda \u0259halinin qay\u0131d\u0131\u015f\u0131n\u0131 v\u0259 rahat ya\u015fay\u0131\u015f\u0131n\u0131 t\u0259min etm\u0259k \u00fc\u00e7\u00fcn sal\u0131nan v\u0259 m\u00fcasir texnoloji t\u0259l\u0259bl\u0259ri \u00f6z\u00fcnd\u0259 ehtiva ed\u0259n SMART (a\u011f\u0131ll\u0131) k\u0259nd layih\u0259sinin m\u0259ram\u0131n\u0131n v\u0259 komponentl\u0259rini anlamaq \u00e7\u0259tin deyil.<\/p>\n<p>&#8220;A\u011f\u0131ll\u0131 \u015f\u0259h\u0259r&#8221; v\u0259 &#8220;A\u011f\u0131ll\u0131 k\u0259nd&#8221; anlay\u0131\u015f\u0131 total v\u0259 geni\u015f bir anlay\u0131\u015fd\u0131r. M\u00fcasir d\u00fcnyam\u0131zda art\u0131q el\u0259 bir s\u0259viyy\u0259y\u0259 g\u0259lib \u00e7atm\u0131\u015f\u0131q ki, \u0259\u015fyalar bel\u0259 internet\u0259 qo\u015fulub \u00f6z aralar\u0131nda \u0259laq\u0259 qura, bir-birin\u0259 m\u0259lumat \u00f6t\u00fcr\u00fcb, \u0259mrl\u0259ri icra ed\u0259 bilirl\u0259r. V\u0259 bu, h\u0259r istifad\u0259\u00e7i t\u0259r\u0259find\u0259n m\u0259saf\u0259d\u0259n idar\u0259 olunan bir vasit\u0259y\u0259 \u00e7evrilir. M\u0259hz &#8220;A\u011f\u0131ll\u0131 \u015f\u0259h\u0259r&#8221;l\u0259r d\u0259, &#8220;A\u011f\u0131ll\u0131 k\u0259nd&#8221;l\u0259r d\u0259 bu konsepsiyaya \u0259saslan\u0131r. Bu is\u0259 o dem\u0259kdir ki, biz yax\u0131n g\u0259l\u0259c\u0259kd\u0259 Qaraba\u011fda s\u00fcr\u0259tli v\u0259 m\u00fcasir texnologiyalara \u0259saslanan, erm\u0259nil\u0259rin bel\u0259 h\u0259s\u0259d aparaca\u011f\u0131 m\u0259nt\u0259q\u0259l\u0259rin \u015fahidi olaca\u011f\u0131q. Az\u0259rbaycanda da\u00a0bu konsepsiyan\u0131n C\u0259nub-\u015e\u0259rqi Asiya \u00d6lk\u0259l\u0259rind\u0259, \u0130sraild\u0259,\u00a0AB\u015e, Kanada, Avstraliyada da oldu\u011fu kimi\u00a0ciddi u\u011fur qazanaca\u011f\u0131 g\u00f6zl\u0259nilir.<\/p>\n<p>\u00c7\u00fcnki Prezident \u0130lham \u018fliyev yeni N\u0259qliyyat Rabit\u0259 Y\u00fcks\u0259k Texnologiyalar nazirini q\u0259bul ed\u0259rk\u0259n &#8220;Qurulacaq \u015f\u0259h\u0259rl\u0259r v\u0259 k\u0259ndl\u0259r &#8220;smart-city&#8221;, &#8220;smart-village&#8221; konsepsiyas\u0131 \u0259sas\u0131nda qurulmal\u0131d\u0131r. \u0130ndid\u0259n bu i\u015fl\u0259ri planla\u015fd\u0131r\u0131n. \u015e\u0259h\u0259rsalma layih\u0259l\u0259ri icra edil\u0259rk\u0259n m\u00fctl\u0259q d\u00fcnyan\u0131n \u0259n qabaqc\u0131l texnologiyalar\u0131 orada t\u0259tbiq olunsun&#8221; dey\u0259r\u0259k azad edilmi\u015f \u0259razil\u0259rd\u0259 bu konsepsiyan\u0131n\u0131n t\u0259tbiq olunmas\u0131n\u0131 tap\u015f\u0131rmaqla, Qaraba\u011f\u0131n d\u00fcnyan\u0131n \u0259n m\u00fcasir texnologiyalar\u0131n\u0131n c\u0259ml\u0259\u015fdiyi bir m\u0259rk\u0259z\u0259 \u00e7evrilm\u0259si istiqam\u0259tind\u0259 ilk add\u0131m\u0131 atd\u0131.<\/p>\n","protected":false},"excerpt":{"rendered":"<p>&#8220;A\u011f\u0131ll\u0131 k\u0259nd&#8221; v\u0259 &#8220;A\u011f\u0131ll\u0131 \u015f\u0259h\u0259r&#8221;\u00a0layih\u0259l\u0259ri d\u00fcnyan\u0131n m\u00fcxt\u0259lif \u00f6lk\u0259l\u0259rind\u0259 realla\u015fd\u0131r\u0131l\u0131r v\u0259 m\u0259qs\u0259di sakinl\u0259rin\u00a0h\u0259yat\u0131n\u0131 y\u00fcng\u00fcll\u0259\u015fdirm\u0259k v\u0259 ya\u015fay\u0131\u015f s\u0259viyy\u0259sini y\u00fcks\u0259ltm\u0259k m\u0259qs\u0259di g\u00fcd\u00fcr. Az\u0259rbaycanda &#8220;a\u011f\u0131ll\u0131 \u015f\u0259h\u0259r&#8221; konsepsiyas\u0131 Prezident \u0130lham \u018fliyevin s\u0259r\u0259ncam\u0131 il\u0259 imzalanm\u0131\u015f &#8220;A\u00e7\u0131q h\u00f6kum\u0259tin t\u0259\u015fviqin\u0259 dair 2020-2022-ci ill\u0259r \u00fc\u00e7\u00fcn Milli F\u0259aliyy\u0259t Plan\u0131&#8221;nda da \u00f6z \u0259ksini tap\u0131b. &#8220;A\u011f\u0131ll\u0131 \u015f\u0259h\u0259r&#8221; elm v\u0259 texnika, informasiya texnologiyalar\u0131n\u0131n y\u00fcks\u0259k inki\u015faf etdiyi m\u00fchitd\u0259 formala\u015f\u0131r, c\u0259miyy\u0259tin, insanlar\u0131n h\u0259yat t\u0259rzinin f\u0259rqli y\u00f6n ald\u0131\u011f\u0131 \u015f\u0259h\u0259rl\u0259r say\u0131l\u0131r. &#8220;A\u011f\u0131ll\u0131 \u015f\u0259h\u0259r&#8221;in f\u0259aliyy\u0259ti smart cihazlardan \u0259ld\u0259 edil\u0259n m\u0259lumatlar \u00fcz\u0259rind\u0259 qurulur. Bu cihazlar telefonlar, ya da avtomobill\u0259rd\u0259 olan sensorlar ola bil\u0259r. Smart cihazlar vasit\u0259sil\u0259 kifay\u0259t q\u0259d\u0259r m\u0259lumat&hellip;<\/p>\n","protected":false},"author":2,"featured_media":339045,"comment_status":"closed","ping_status":"closed","sticky":false,"template":"","format":"standard","meta":{"om_disable_all_campaigns":false,"_monsterinsights_skip_tracking":false,"_monsterinsights_sitenote_active":false,"_monsterinsights_sitenote_note":"","_monsterinsights_sitenote_category":0},"categories":[4],"tags":[],"aioseo_notices":[],"gutentor_comment":0,"rttpg_featured_image_url":{"full":["https:\/\/arantv.az\/wp-content\/uploads\/2021\/05\/949691_06.jpg",640,420,false],"landscape":["https:\/\/arantv.az\/wp-content\/uploads\/2021\/05\/949691_06.jpg",640,420,false],"portraits":["https:\/\/arantv.az\/wp-content\/uploads\/2021\/05\/949691_06.jpg",640,420,false],"thumbnail":["https:\/\/arantv.az\/wp-content\/uploads\/2021\/05\/949691_06-500x280.jpg",500,280,true],"medium":["https:\/\/arantv.az\/wp-content\/uploads\/2021\/05\/949691_06-556x365.jpg",556,365,true],"large":["https:\/\/arantv.az\/wp-content\/uploads\/2021\/05\/949691_06.jpg",640,420,false],"1536x1536":["https:\/\/arantv.az\/wp-content\/uploads\/2021\/05\/949691_06.jpg",640,420,false],"2048x2048":["https:\/\/arantv.az\/wp-content\/uploads\/2021\/05\/949691_06.jpg",640,420,false],"post-thumbnail":["https:\/\/arantv.az\/wp-content\/uploads\/2021\/05\/949691_06-240x172.jpg",240,172,true],"advps-thumb-one":["https:\/\/arantv.az\/wp-content\/uploads\/2021\/05\/949691_06.jpg",640,420,false]},"rttpg_author":{"display_name":"V\u00fcsal Rafiqo\u011flu","author_link":"https:\/\/arantv.az\/?author=2"},"rttpg_comment":0,"rttpg_category":"<a href=\"https:\/\/arantv.az\/?cat=4\" rel=\"category\">Siyas\u0259t<\/a>","rttpg_excerpt":"&#8220;A\u011f\u0131ll\u0131 k\u0259nd&#8221; v\u0259 &#8220;A\u011f\u0131ll\u0131 \u015f\u0259h\u0259r&#8221;\u00a0layih\u0259l\u0259ri d\u00fcnyan\u0131n m\u00fcxt\u0259lif \u00f6lk\u0259l\u0259rind\u0259 realla\u015fd\u0131r\u0131l\u0131r v\u0259 m\u0259qs\u0259di sakinl\u0259rin\u00a0h\u0259yat\u0131n\u0131 y\u00fcng\u00fcll\u0259\u015fdirm\u0259k v\u0259 ya\u015fay\u0131\u015f s\u0259viyy\u0259sini y\u00fcks\u0259ltm\u0259k m\u0259qs\u0259di g\u00fcd\u00fcr. Az\u0259rbaycanda &#8220;a\u011f\u0131ll\u0131 \u015f\u0259h\u0259r&#8221; konsepsiyas\u0131 Prezident \u0130lham \u018fliyevin s\u0259r\u0259ncam\u0131 il\u0259 imzalanm\u0131\u015f &#8220;A\u00e7\u0131q h\u00f6kum\u0259tin t\u0259\u015fviqin\u0259 dair 2020-2022-ci ill\u0259r \u00fc\u00e7\u00fcn Milli F\u0259aliyy\u0259t Plan\u0131&#8221;nda da \u00f6z \u0259ksini tap\u0131b. &#8220;A\u011f\u0131ll\u0131 \u015f\u0259h\u0259r&#8221; elm v\u0259 texnika, informasiya texnologiyalar\u0131n\u0131n y\u00fcks\u0259k inki\u015faf etdiyi m\u00fchitd\u0259 formala\u015f\u0131r,&hellip;","_links":{"self":[{"href":"https:\/\/arantv.az\/index.php?rest_route=\/wp\/v2\/posts\/339044"}],"collection":[{"href":"https:\/\/arantv.az\/index.php?rest_route=\/wp\/v2\/posts"}],"about":[{"href":"https:\/\/arantv.az\/index.php?rest_route=\/wp\/v2\/types\/post"}],"author":[{"embeddable":true,"href":"https:\/\/arantv.az\/index.php?rest_route=\/wp\/v2\/users\/2"}],"replies":[{"embeddable":true,"href":"https:\/\/arantv.az\/index.php?rest_route=%2Fwp%2Fv2%2Fcomments&post=339044"}],"version-history":[{"count":0,"href":"https:\/\/arantv.az\/index.php?rest_route=\/wp\/v2\/posts\/339044\/revisions"}],"wp:featuredmedia":[{"embeddable":true,"href":"https:\/\/arantv.az\/index.php?rest_route=\/wp\/v2\/media\/339045"}],"wp:attachment":[{"href":"https:\/\/arantv.az\/index.php?rest_route=%2Fwp%2Fv2%2Fmedia&parent=339044"}],"wp:term":[{"taxonomy":"category","embeddable":true,"href":"https:\/\/arantv.az\/index.php?rest_route=%2Fwp%2Fv2%2Fcategories&post=339044"},{"taxonomy":"post_tag","embeddable":true,"href":"https:\/\/arantv.az\/index.php?rest_route=%2Fwp%2Fv2%2Ftags&post=339044"}],"curies":[{"name":"wp","href":"https:\/\/api.w.org\/{rel}","templated":true}]}}