{"id":339088,"date":"2021-05-20T12:38:53","date_gmt":"2021-05-20T09:38:53","guid":{"rendered":"https:\/\/arantv.az\/?p=339088"},"modified":"2021-05-20T12:38:53","modified_gmt":"2021-05-20T09:38:53","slug":"saxta-qazil%c9%99rl%c9%99-bagli-m%c9%99s%c9%99l%c9%99-boyuyur-video","status":"publish","type":"post","link":"https:\/\/arantv.az\/?p=339088","title":{"rendered":"Saxta qazil\u0259rl\u0259 ba\u011fl\u0131 m\u0259s\u0259l\u0259 b\u00f6y\u00fcy\u00fcr &#8211; V\u0130DEO"},"content":{"rendered":"<article class=\"news\">\n<div class=\"news-inner\">\n<p>Saxta Qaraba\u011f \u0259lill\u0259ri aras\u0131nda qar\u015f\u0131durma ba\u015f verdikd\u0259n sonra onlar\u0131n bu g\u00fcn\u0259 q\u0259d\u0259r \u015fantaj\u0131na m\u0259ruz qalan i\u015f adamlar\u0131 \u00fcz\u0259 \u00e7\u0131xaraq qar\u015f\u0131la\u015fd\u0131qlar\u0131 zorak\u0131l\u0131q hallar\u0131 il\u0259 ba\u011fl\u0131 aidiyyat\u0131 qurumlara m\u0259lumat verm\u0259y\u0259 ba\u015flay\u0131blar.<\/p>\n<p>Bu z\u0259r\u0259r\u00e7\u0259k\u0259nl\u0259rd\u0259n biri d\u0259 Heyd\u0259r \u018fliyev prospektind\u0259 yerl\u0259\u015f\u0259n obyektin sahibi Cavan\u015fir Tal\u0131bovdur. Onun o\u011flu Ayd\u0131n Tal\u0131bov \u201cYeni Sabah\u201da a\u00e7\u0131qlamas\u0131nda vaxtil\u0259 \u201cqazil\u0259r\u201din h\u00fccumuna m\u0259ruz qald\u0131qlar\u0131n\u0131 bildirib. O, h\u0259min d\u0259st\u0259nin qanunlara qar\u015f\u0131 \u00e7\u0131xd\u0131\u011f\u0131n\u0131, \u00f6z\u00fcn\u0259 v\u0259 atas\u0131na ziyan vuruldu\u011funu deyib.<\/p>\n<p>\u201c\u0130ki il bundan qabaq Qaraba\u011f qazil\u0259ri ad\u0131ndan bizim yerimiz\u0259 g\u0259ldil\u0259r. H\u0259min obyektl\u0259 ba\u011fl\u0131 saxta s\u0259n\u0259d \u00e7\u0131xarm\u0131\u015fd\u0131lar. Orada S\u0259rxan\u0131, \u018fhm\u0259di v\u0259 Seyid deyil\u0259n adam\u0131 tan\u0131y\u0131rd\u0131m. Qurban ad\u0131nda biri d\u0259 vard\u0131, onunla g\u00f6r\u00fc\u015fm\u00fc\u015fd\u00fcm. Sonradan anlad\u0131m ki, onlar\u0131n ba\u015f\u0131nda duran el\u0259 h\u0259min Qurban M\u0259mm\u0259dovdur. &#8220;V\u0259t\u0259n M\u00fcharib\u0259si \u018flill\u0259rin\u0259 K\u00f6m\u0259k&#8221; \u0130ctimai Birliyinin s\u0259dridir.<\/p>\n<div id=\"AdviadNativeVideo0\" class=\"AdviadNativeVideo\"><\/div>\n<p>\u015e\u00fck\u00fcrl\u0259r olsun ki, d\u00f6vl\u0259timiz bu \u015f\u0259xsl\u0259rl\u0259 ba\u011fl\u0131 t\u0259dbirl\u0259r g\u00f6rm\u0259y\u0259 ba\u015flay\u0131b. D\u00f6v\u0259t r\u0259hb\u0259rliyind\u0259n xahi\u015f edir\u0259m ki, biz sahibkarlar\u0131 bu saxtakarlardan qorusunlar\u201d.<\/p>\n<p>Xat\u0131rladaq ki, iki il \u00f6nc\u0259 s\u00f6z\u00fcged\u0259n d\u0259st\u0259 C.Tal\u0131bovun obyektini \u0259l\u0259 ke\u00e7irm\u0259k \u00fc\u00e7\u00fcn h\u00fccum etmi\u015fdi. C.Tal\u0131bov o zaman yerli telekanallardan birin\u0259 a\u00e7\u0131qlamas\u0131nda bildirmi\u015fdi ki, d\u0259st\u0259 bu h\u00fccumlarla uzun m\u00fcdd\u0259t m\u00fc\u0259ssis\u0259nin f\u0259aliyy\u0259tin\u0259 imkan verm\u0259yib:<\/p>\n<p>\u201c20 n\u0259f\u0259r g\u0259lirdi, onlara n\u0259 ed\u0259 bil\u0259rdim ki, ham\u0131s\u0131 da cin\u0259 ox\u015fay\u0131rd\u0131. Deyirdil\u0259r \u00e7\u0131x burdan, obyekti biz\u0259 ver\u201d.<\/p>\n<p>Onu da xat\u0131rladaq ki, s\u00f6z\u00fcged\u0259n saxta Qaraba\u011f \u0259lill\u0259ri aras\u0131nda bir ne\u00e7\u0259 g\u00fcn \u0259vv\u0259l \u0259lb\u0259yaxa dava ba\u015f verib. Buna s\u0259b\u0259b d\u0259st\u0259 \u00fczvl\u0259rinin saxta \u0259lillik n\u0259tic\u0259sind\u0259 \u0259ld\u0259 olunan pul v\u0259saitl\u0259rini b\u00f6l\u00fc\u015fd\u00fcr\u0259 bilm\u0259m\u0259l\u0259ri olub.<\/p>\n<div><iframe loading=\"lazy\" src=\"https:\/\/player.baku.tv\/embed\/38368\" width=\"560\" height=\"315\" frameborder=\"0\" allowfullscreen=\"allowfullscreen\" data-mce-fragment=\"1\"><\/iframe><\/div>\n<\/div>\n<\/article>\n<h2 class=\"news-share-title\"><\/h2>\n","protected":false},"excerpt":{"rendered":"<p>Saxta Qaraba\u011f \u0259lill\u0259ri aras\u0131nda qar\u015f\u0131durma ba\u015f verdikd\u0259n sonra onlar\u0131n bu g\u00fcn\u0259 q\u0259d\u0259r \u015fantaj\u0131na m\u0259ruz qalan i\u015f adamlar\u0131 \u00fcz\u0259 \u00e7\u0131xaraq qar\u015f\u0131la\u015fd\u0131qlar\u0131 zorak\u0131l\u0131q hallar\u0131 il\u0259 ba\u011fl\u0131 aidiyyat\u0131 qurumlara m\u0259lumat verm\u0259y\u0259 ba\u015flay\u0131blar. Bu z\u0259r\u0259r\u00e7\u0259k\u0259nl\u0259rd\u0259n biri d\u0259 Heyd\u0259r \u018fliyev prospektind\u0259 yerl\u0259\u015f\u0259n obyektin sahibi Cavan\u015fir Tal\u0131bovdur. Onun o\u011flu Ayd\u0131n Tal\u0131bov \u201cYeni Sabah\u201da a\u00e7\u0131qlamas\u0131nda vaxtil\u0259 \u201cqazil\u0259r\u201din h\u00fccumuna m\u0259ruz qald\u0131qlar\u0131n\u0131 bildirib. O, h\u0259min d\u0259st\u0259nin qanunlara qar\u015f\u0131 \u00e7\u0131xd\u0131\u011f\u0131n\u0131, \u00f6z\u00fcn\u0259 v\u0259 atas\u0131na ziyan vuruldu\u011funu deyib. \u201c\u0130ki il bundan qabaq Qaraba\u011f qazil\u0259ri ad\u0131ndan bizim yerimiz\u0259 g\u0259ldil\u0259r. H\u0259min obyektl\u0259 ba\u011fl\u0131 saxta s\u0259n\u0259d \u00e7\u0131xarm\u0131\u015fd\u0131lar. Orada S\u0259rxan\u0131, \u018fhm\u0259di v\u0259 Seyid deyil\u0259n adam\u0131 tan\u0131y\u0131rd\u0131m.&hellip;<\/p>\n","protected":false},"author":2,"featured_media":339089,"comment_status":"closed","ping_status":"closed","sticky":false,"template":"","format":"standard","meta":{"om_disable_all_campaigns":false,"_monsterinsights_skip_tracking":false,"_monsterinsights_sitenote_active":false,"_monsterinsights_sitenote_note":"","_monsterinsights_sitenote_category":0},"categories":[26],"tags":[],"aioseo_notices":[],"gutentor_comment":0,"rttpg_featured_image_url":{"full":["https:\/\/arantv.az\/wp-content\/uploads\/2021\/05\/fgb.jpg",620,354,false],"landscape":["https:\/\/arantv.az\/wp-content\/uploads\/2021\/05\/fgb.jpg",620,354,false],"portraits":["https:\/\/arantv.az\/wp-content\/uploads\/2021\/05\/fgb.jpg",620,354,false],"thumbnail":["https:\/\/arantv.az\/wp-content\/uploads\/2021\/05\/fgb-500x280.jpg",500,280,true],"medium":["https:\/\/arantv.az\/wp-content\/uploads\/2021\/05\/fgb.jpg",620,354,false],"large":["https:\/\/arantv.az\/wp-content\/uploads\/2021\/05\/fgb.jpg",620,354,false],"1536x1536":["https:\/\/arantv.az\/wp-content\/uploads\/2021\/05\/fgb.jpg",620,354,false],"2048x2048":["https:\/\/arantv.az\/wp-content\/uploads\/2021\/05\/fgb.jpg",620,354,false],"post-thumbnail":["https:\/\/arantv.az\/wp-content\/uploads\/2021\/05\/fgb-240x172.jpg",240,172,true],"advps-thumb-one":["https:\/\/arantv.az\/wp-content\/uploads\/2021\/05\/fgb.jpg",620,354,false]},"rttpg_author":{"display_name":"V\u00fcsal Rafiqo\u011flu","author_link":"https:\/\/arantv.az\/?author=2"},"rttpg_comment":0,"rttpg_category":"<a href=\"https:\/\/arantv.az\/?cat=26\" rel=\"category\">Sosial<\/a>","rttpg_excerpt":"Saxta Qaraba\u011f \u0259lill\u0259ri aras\u0131nda qar\u015f\u0131durma ba\u015f verdikd\u0259n sonra onlar\u0131n bu g\u00fcn\u0259 q\u0259d\u0259r \u015fantaj\u0131na m\u0259ruz qalan i\u015f adamlar\u0131 \u00fcz\u0259 \u00e7\u0131xaraq qar\u015f\u0131la\u015fd\u0131qlar\u0131 zorak\u0131l\u0131q hallar\u0131 il\u0259 ba\u011fl\u0131 aidiyyat\u0131 qurumlara m\u0259lumat verm\u0259y\u0259 ba\u015flay\u0131blar. Bu z\u0259r\u0259r\u00e7\u0259k\u0259nl\u0259rd\u0259n biri d\u0259 Heyd\u0259r \u018fliyev prospektind\u0259 yerl\u0259\u015f\u0259n obyektin sahibi Cavan\u015fir Tal\u0131bovdur. Onun o\u011flu Ayd\u0131n Tal\u0131bov \u201cYeni Sabah\u201da a\u00e7\u0131qlamas\u0131nda vaxtil\u0259 \u201cqazil\u0259r\u201din h\u00fccumuna m\u0259ruz qald\u0131qlar\u0131n\u0131 bildirib. O,&hellip;","_links":{"self":[{"href":"https:\/\/arantv.az\/index.php?rest_route=\/wp\/v2\/posts\/339088"}],"collection":[{"href":"https:\/\/arantv.az\/index.php?rest_route=\/wp\/v2\/posts"}],"about":[{"href":"https:\/\/arantv.az\/index.php?rest_route=\/wp\/v2\/types\/post"}],"author":[{"embeddable":true,"href":"https:\/\/arantv.az\/index.php?rest_route=\/wp\/v2\/users\/2"}],"replies":[{"embeddable":true,"href":"https:\/\/arantv.az\/index.php?rest_route=%2Fwp%2Fv2%2Fcomments&post=339088"}],"version-history":[{"count":0,"href":"https:\/\/arantv.az\/index.php?rest_route=\/wp\/v2\/posts\/339088\/revisions"}],"wp:featuredmedia":[{"embeddable":true,"href":"https:\/\/arantv.az\/index.php?rest_route=\/wp\/v2\/media\/339089"}],"wp:attachment":[{"href":"https:\/\/arantv.az\/index.php?rest_route=%2Fwp%2Fv2%2Fmedia&parent=339088"}],"wp:term":[{"taxonomy":"category","embeddable":true,"href":"https:\/\/arantv.az\/index.php?rest_route=%2Fwp%2Fv2%2Fcategories&post=339088"},{"taxonomy":"post_tag","embeddable":true,"href":"https:\/\/arantv.az\/index.php?rest_route=%2Fwp%2Fv2%2Ftags&post=339088"}],"curies":[{"name":"wp","href":"https:\/\/api.w.org\/{rel}","templated":true}]}}