{"id":339094,"date":"2021-05-20T12:40:42","date_gmt":"2021-05-20T09:40:42","guid":{"rendered":"https:\/\/arantv.az\/?p=339094"},"modified":"2021-05-20T12:40:42","modified_gmt":"2021-05-20T09:40:42","slug":"abuz%c9%99r-%c9%99l%c9%99kb%c9%99rov-v%c9%99fat-etdi","status":"publish","type":"post","link":"https:\/\/arantv.az\/?p=339094","title":{"rendered":"Abuz\u0259r \u018fl\u0259kb\u0259rov v\u0259fat etdi"},"content":{"rendered":"<p>AMEA-n\u0131n Arxeologiya v\u0259 Etnoqrafiya \u0130nstitutunun &#8220;Az\u0259rbaycanda arxeoloji abid\u0259l\u0259rin toplusu&#8221; sektorunun r\u0259hb\u0259ri Abuz\u0259r \u0130brahim o\u011flu \u018fl\u0259kb\u0259rov uzun s\u00fcr\u0259n x\u0259st\u0259likd\u0259n sonra 68 ya\u015f\u0131nda v\u0259fat edib.<\/p>\n<p><strong>ARANTV.AZ<\/strong> ax\u015fam.az-a istinad\u0259n x\u0259b\u0259r verir ki, bu bar\u0259d\u0259 \u0130nstitutun \u0130ctimaiyy\u0259tl\u0259 \u0259laq\u0259l\u0259r \u015f\u00f6b\u0259si m\u0259lumat yay\u0131b.<\/p>\n<p>Tarix \u00fczr\u0259 f\u0259ls\u0259f\u0259 doktoru olan A. \u018fl\u0259kb\u0259rov bir monoqrafiya, \u0259llid\u0259n art\u0131q elmi m\u0259qal\u0259nin m\u00fc\u0259llifidir. Fransan\u0131n Sen-Jermen Milli Arxeoloji Muzeyind\u0259 Az\u0259rbaycandan olan tap\u0131nt\u0131lar\u0131n monitorinq qrupunda \u00e7al\u0131\u015f\u0131b.<\/p>\n<p>O, 20 ild\u0259n art\u0131q Arxeologiya v\u0259 Etnoqrafiya \u0130nstitutu H\u0259mkarlar T\u0259\u015fkilat\u0131n\u0131n s\u0259dri olub.<\/p>\n<div>\n<div id=\"AdviadNativeVideo0\" class=\"AdviadNativeVideo\"><\/div>\n<\/div>\n<p>Az\u0259rbaycan H\u0259mkarlar H\u0259r\u0259kat\u0131n\u0131n inki\u015faf\u0131nda xidm\u0259tl\u0259rin\u0259 g\u00f6r\u0259, 2015-ci ild\u0259 Prezident \u0130lham \u018fliyevin S\u0259r\u0259ncam\u0131 il\u0259 Abuz\u0259r \u018fl\u0259kb\u0259rov &#8220;T\u0259r\u0259qqi&#8221; medal\u0131 il\u0259 t\u0259ltif edilib.<\/p>\n","protected":false},"excerpt":{"rendered":"<p>AMEA-n\u0131n Arxeologiya v\u0259 Etnoqrafiya \u0130nstitutunun &#8220;Az\u0259rbaycanda arxeoloji abid\u0259l\u0259rin toplusu&#8221; sektorunun r\u0259hb\u0259ri Abuz\u0259r \u0130brahim o\u011flu \u018fl\u0259kb\u0259rov uzun s\u00fcr\u0259n x\u0259st\u0259likd\u0259n sonra 68 ya\u015f\u0131nda v\u0259fat edib. ARANTV.AZ ax\u015fam.az-a istinad\u0259n x\u0259b\u0259r verir ki, bu bar\u0259d\u0259 \u0130nstitutun \u0130ctimaiyy\u0259tl\u0259 \u0259laq\u0259l\u0259r \u015f\u00f6b\u0259si m\u0259lumat yay\u0131b. Tarix \u00fczr\u0259 f\u0259ls\u0259f\u0259 doktoru olan A. \u018fl\u0259kb\u0259rov bir monoqrafiya, \u0259llid\u0259n art\u0131q elmi m\u0259qal\u0259nin m\u00fc\u0259llifidir. Fransan\u0131n Sen-Jermen Milli Arxeoloji Muzeyind\u0259 Az\u0259rbaycandan olan tap\u0131nt\u0131lar\u0131n monitorinq qrupunda \u00e7al\u0131\u015f\u0131b. O, 20 ild\u0259n art\u0131q Arxeologiya v\u0259 Etnoqrafiya \u0130nstitutu H\u0259mkarlar T\u0259\u015fkilat\u0131n\u0131n s\u0259dri olub. Az\u0259rbaycan H\u0259mkarlar H\u0259r\u0259kat\u0131n\u0131n inki\u015faf\u0131nda xidm\u0259tl\u0259rin\u0259 g\u00f6r\u0259, 2015-ci ild\u0259 Prezident \u0130lham \u018fliyevin S\u0259r\u0259ncam\u0131 il\u0259 Abuz\u0259r \u018fl\u0259kb\u0259rov &#8220;T\u0259r\u0259qqi&#8221;&hellip;<\/p>\n","protected":false},"author":2,"featured_media":339095,"comment_status":"closed","ping_status":"closed","sticky":false,"template":"","format":"standard","meta":{"om_disable_all_campaigns":false,"_monsterinsights_skip_tracking":false,"_monsterinsights_sitenote_active":false,"_monsterinsights_sitenote_note":"","_monsterinsights_sitenote_category":0},"categories":[5],"tags":[],"aioseo_notices":[],"gutentor_comment":0,"rttpg_featured_image_url":{"full":["https:\/\/arantv.az\/wp-content\/uploads\/2021\/05\/949725.jpg",800,600,false],"landscape":["https:\/\/arantv.az\/wp-content\/uploads\/2021\/05\/949725.jpg",800,600,false],"portraits":["https:\/\/arantv.az\/wp-content\/uploads\/2021\/05\/949725.jpg",800,600,false],"thumbnail":["https:\/\/arantv.az\/wp-content\/uploads\/2021\/05\/949725-500x280.jpg",500,280,true],"medium":["https:\/\/arantv.az\/wp-content\/uploads\/2021\/05\/949725-487x365.jpg",487,365,true],"large":["https:\/\/arantv.az\/wp-content\/uploads\/2021\/05\/949725.jpg",640,480,false],"1536x1536":["https:\/\/arantv.az\/wp-content\/uploads\/2021\/05\/949725.jpg",800,600,false],"2048x2048":["https:\/\/arantv.az\/wp-content\/uploads\/2021\/05\/949725.jpg",800,600,false],"post-thumbnail":["https:\/\/arantv.az\/wp-content\/uploads\/2021\/05\/949725-240x172.jpg",240,172,true],"advps-thumb-one":["https:\/\/arantv.az\/wp-content\/uploads\/2021\/05\/949725.jpg",800,600,false]},"rttpg_author":{"display_name":"V\u00fcsal Rafiqo\u011flu","author_link":"https:\/\/arantv.az\/?author=2"},"rttpg_comment":0,"rttpg_category":"<a href=\"https:\/\/arantv.az\/?cat=5\" rel=\"category\">Hadis\u0259<\/a>","rttpg_excerpt":"AMEA-n\u0131n Arxeologiya v\u0259 Etnoqrafiya \u0130nstitutunun &#8220;Az\u0259rbaycanda arxeoloji abid\u0259l\u0259rin toplusu&#8221; sektorunun r\u0259hb\u0259ri Abuz\u0259r \u0130brahim o\u011flu \u018fl\u0259kb\u0259rov uzun s\u00fcr\u0259n x\u0259st\u0259likd\u0259n sonra 68 ya\u015f\u0131nda v\u0259fat edib. ARANTV.AZ ax\u015fam.az-a istinad\u0259n x\u0259b\u0259r verir ki, bu bar\u0259d\u0259 \u0130nstitutun \u0130ctimaiyy\u0259tl\u0259 \u0259laq\u0259l\u0259r \u015f\u00f6b\u0259si m\u0259lumat yay\u0131b. Tarix \u00fczr\u0259 f\u0259ls\u0259f\u0259 doktoru olan A. \u018fl\u0259kb\u0259rov bir monoqrafiya, \u0259llid\u0259n art\u0131q elmi m\u0259qal\u0259nin m\u00fc\u0259llifidir. Fransan\u0131n Sen-Jermen Milli Arxeoloji&hellip;","_links":{"self":[{"href":"https:\/\/arantv.az\/index.php?rest_route=\/wp\/v2\/posts\/339094"}],"collection":[{"href":"https:\/\/arantv.az\/index.php?rest_route=\/wp\/v2\/posts"}],"about":[{"href":"https:\/\/arantv.az\/index.php?rest_route=\/wp\/v2\/types\/post"}],"author":[{"embeddable":true,"href":"https:\/\/arantv.az\/index.php?rest_route=\/wp\/v2\/users\/2"}],"replies":[{"embeddable":true,"href":"https:\/\/arantv.az\/index.php?rest_route=%2Fwp%2Fv2%2Fcomments&post=339094"}],"version-history":[{"count":0,"href":"https:\/\/arantv.az\/index.php?rest_route=\/wp\/v2\/posts\/339094\/revisions"}],"wp:featuredmedia":[{"embeddable":true,"href":"https:\/\/arantv.az\/index.php?rest_route=\/wp\/v2\/media\/339095"}],"wp:attachment":[{"href":"https:\/\/arantv.az\/index.php?rest_route=%2Fwp%2Fv2%2Fmedia&parent=339094"}],"wp:term":[{"taxonomy":"category","embeddable":true,"href":"https:\/\/arantv.az\/index.php?rest_route=%2Fwp%2Fv2%2Fcategories&post=339094"},{"taxonomy":"post_tag","embeddable":true,"href":"https:\/\/arantv.az\/index.php?rest_route=%2Fwp%2Fv2%2Ftags&post=339094"}],"curies":[{"name":"wp","href":"https:\/\/api.w.org\/{rel}","templated":true}]}}