{"id":339100,"date":"2021-05-20T12:43:41","date_gmt":"2021-05-20T09:43:41","guid":{"rendered":"https:\/\/arantv.az\/?p=339100"},"modified":"2021-05-20T12:43:41","modified_gmt":"2021-05-20T09:43:41","slug":"pasinyan-ir%c9%99van-qarabag-m%c9%99s%c9%99l%c9%99sini-h%c9%99ll-etm%c9%99k-ucun-siyasi-irad%c9%99-gost%c9%99rm%c9%99lidir","status":"publish","type":"post","link":"https:\/\/arantv.az\/?p=339100","title":{"rendered":"Pa\u015finyan: \u201c\u0130r\u0259van Qaraba\u011f m\u0259s\u0259l\u0259sini h\u0259ll etm\u0259k \u00fc\u00e7\u00fcn siyasi irad\u0259 g\u00f6st\u0259rm\u0259lidir\u201d"},"content":{"rendered":"<p>Erm\u0259nistan\u0131n ba\u015f naziri s\u0259lahiyy\u0259tl\u0259rini icra ed\u0259n Nikol Pa\u015finyan erm\u0259ni t\u0259r\u0259finin Qaraba\u011f m\u0259s\u0259l\u0259sini h\u0259ll etm\u0259k \u00fc\u00e7\u00fcn siyasi irad\u0259sinin oldu\u011funu bildirib.<\/p>\n<p>Bu bar\u0259d\u0259 Nikol Pa\u015finyan Erm\u0259nistan h\u00f6kum\u0259tinin iclas\u0131nda \u00e7\u0131x\u0131\u015f\u0131 zaman\u0131 deyib.<\/p>\n<div id=\"AdviadNativeVideo0\" class=\"AdviadNativeVideo\"><\/div>\n<p>\u201cBeyn\u0259lxalq ictimaiyy\u0259t, AT\u018fT-in Minsk Qrupunun h\u0259ms\u0259dr \u00f6lk\u0259l\u0259ri Qaraba\u011f m\u0259s\u0259l\u0259sinin uzunm\u00fcdd\u0259tli siyasi h\u0259llinin z\u0259ruriliyi il\u0259 ba\u011fl\u0131 daha f\u0259al \u015f\u0259kild\u0259 dan\u0131\u015f\u0131rlar. Bizim h\u00f6kum\u0259timizin m\u0259s\u0259l\u0259ni h\u0259ll etm\u0259k \u00fc\u00e7\u00fcn siyasi irad\u0259sinin oldu\u011funu vur\u011fulamaq ist\u0259yir\u0259m\u201d, &#8211; dey\u0259 N.Pa\u015finyan bildirib.<\/p>\n<p>Nikol Pa\u015finyan bildirib ki, \u201cuzunm\u00fcdd\u0259tli perspektivd\u0259 m\u00fcharib\u0259nin qar\u015f\u0131s\u0131n\u0131 almaq,\u00a0Erm\u0259nistan v\u0259 erm\u0259ni xalq\u0131 \u00fc\u00e7\u00fcn yeni bir dinc inki\u015faf eras\u0131 a\u00e7maq namin\u0259 b\u00fct\u00fcn bu \u00e7\u0259tin, a\u011fr\u0131l\u0131, problemli m\u0259s\u0259l\u0259l\u0259rin h\u0259llin\u0259 ehtiyac var\u201d.<\/p>\n<p>\u201cBu asan bir i\u015f deyil, son d\u0259r\u0259c\u0259 \u00e7\u0259tin bir i\u015fdir v\u0259 bunun \u00fc\u00e7\u00fcn siyasi irad\u0259, c\u0259miyy\u0259tl\u0259 a\u00e7\u0131q, d\u00fcr\u00fcst dialoq laz\u0131md\u0131r v\u0259 biz bu yolu tutaca\u011f\u0131q\u201d, &#8211; dey\u0259 N.Pa\u015finyan qeyd edib.<\/p>\n","protected":false},"excerpt":{"rendered":"<p>Erm\u0259nistan\u0131n ba\u015f naziri s\u0259lahiyy\u0259tl\u0259rini icra ed\u0259n Nikol Pa\u015finyan erm\u0259ni t\u0259r\u0259finin Qaraba\u011f m\u0259s\u0259l\u0259sini h\u0259ll etm\u0259k \u00fc\u00e7\u00fcn siyasi irad\u0259sinin oldu\u011funu bildirib. Bu bar\u0259d\u0259 Nikol Pa\u015finyan Erm\u0259nistan h\u00f6kum\u0259tinin iclas\u0131nda \u00e7\u0131x\u0131\u015f\u0131 zaman\u0131 deyib. \u201cBeyn\u0259lxalq ictimaiyy\u0259t, AT\u018fT-in Minsk Qrupunun h\u0259ms\u0259dr \u00f6lk\u0259l\u0259ri Qaraba\u011f m\u0259s\u0259l\u0259sinin uzunm\u00fcdd\u0259tli siyasi h\u0259llinin z\u0259ruriliyi il\u0259 ba\u011fl\u0131 daha f\u0259al \u015f\u0259kild\u0259 dan\u0131\u015f\u0131rlar. Bizim h\u00f6kum\u0259timizin m\u0259s\u0259l\u0259ni h\u0259ll etm\u0259k \u00fc\u00e7\u00fcn siyasi irad\u0259sinin oldu\u011funu vur\u011fulamaq ist\u0259yir\u0259m\u201d, &#8211; dey\u0259 N.Pa\u015finyan bildirib. Nikol Pa\u015finyan bildirib ki, \u201cuzunm\u00fcdd\u0259tli perspektivd\u0259 m\u00fcharib\u0259nin qar\u015f\u0131s\u0131n\u0131 almaq,\u00a0Erm\u0259nistan v\u0259 erm\u0259ni xalq\u0131 \u00fc\u00e7\u00fcn yeni bir dinc inki\u015faf eras\u0131 a\u00e7maq namin\u0259 b\u00fct\u00fcn bu \u00e7\u0259tin, a\u011fr\u0131l\u0131, problemli m\u0259s\u0259l\u0259l\u0259rin h\u0259llin\u0259&hellip;<\/p>\n","protected":false},"author":2,"featured_media":339101,"comment_status":"closed","ping_status":"closed","sticky":false,"template":"","format":"standard","meta":{"om_disable_all_campaigns":false,"_monsterinsights_skip_tracking":false,"_monsterinsights_sitenote_active":false,"_monsterinsights_sitenote_note":"","_monsterinsights_sitenote_category":0},"categories":[10],"tags":[],"aioseo_notices":[],"gutentor_comment":0,"rttpg_featured_image_url":{"full":["https:\/\/arantv.az\/wp-content\/uploads\/2021\/05\/16024896595f840d3b0de9e4.26704293.jpg",580,351,false],"landscape":["https:\/\/arantv.az\/wp-content\/uploads\/2021\/05\/16024896595f840d3b0de9e4.26704293.jpg",580,351,false],"portraits":["https:\/\/arantv.az\/wp-content\/uploads\/2021\/05\/16024896595f840d3b0de9e4.26704293.jpg",580,351,false],"thumbnail":["https:\/\/arantv.az\/wp-content\/uploads\/2021\/05\/16024896595f840d3b0de9e4.26704293-500x280.jpg",500,280,true],"medium":["https:\/\/arantv.az\/wp-content\/uploads\/2021\/05\/16024896595f840d3b0de9e4.26704293.jpg",580,351,false],"large":["https:\/\/arantv.az\/wp-content\/uploads\/2021\/05\/16024896595f840d3b0de9e4.26704293.jpg",580,351,false],"1536x1536":["https:\/\/arantv.az\/wp-content\/uploads\/2021\/05\/16024896595f840d3b0de9e4.26704293.jpg",580,351,false],"2048x2048":["https:\/\/arantv.az\/wp-content\/uploads\/2021\/05\/16024896595f840d3b0de9e4.26704293.jpg",580,351,false],"post-thumbnail":["https:\/\/arantv.az\/wp-content\/uploads\/2021\/05\/16024896595f840d3b0de9e4.26704293-240x172.jpg",240,172,true],"advps-thumb-one":["https:\/\/arantv.az\/wp-content\/uploads\/2021\/05\/16024896595f840d3b0de9e4.26704293.jpg",580,351,false]},"rttpg_author":{"display_name":"V\u00fcsal Rafiqo\u011flu","author_link":"https:\/\/arantv.az\/?author=2"},"rttpg_comment":0,"rttpg_category":"<a href=\"https:\/\/arantv.az\/?cat=10\" rel=\"category\">C\u0259bh\u0259d\u0259n X\u0259b\u0259r<\/a>","rttpg_excerpt":"Erm\u0259nistan\u0131n ba\u015f naziri s\u0259lahiyy\u0259tl\u0259rini icra ed\u0259n Nikol Pa\u015finyan erm\u0259ni t\u0259r\u0259finin Qaraba\u011f m\u0259s\u0259l\u0259sini h\u0259ll etm\u0259k \u00fc\u00e7\u00fcn siyasi irad\u0259sinin oldu\u011funu bildirib. Bu bar\u0259d\u0259 Nikol Pa\u015finyan Erm\u0259nistan h\u00f6kum\u0259tinin iclas\u0131nda \u00e7\u0131x\u0131\u015f\u0131 zaman\u0131 deyib. \u201cBeyn\u0259lxalq ictimaiyy\u0259t, AT\u018fT-in Minsk Qrupunun h\u0259ms\u0259dr \u00f6lk\u0259l\u0259ri Qaraba\u011f m\u0259s\u0259l\u0259sinin uzunm\u00fcdd\u0259tli siyasi h\u0259llinin z\u0259ruriliyi il\u0259 ba\u011fl\u0131 daha f\u0259al \u015f\u0259kild\u0259 dan\u0131\u015f\u0131rlar. Bizim h\u00f6kum\u0259timizin m\u0259s\u0259l\u0259ni h\u0259ll etm\u0259k \u00fc\u00e7\u00fcn siyasi&hellip;","_links":{"self":[{"href":"https:\/\/arantv.az\/index.php?rest_route=\/wp\/v2\/posts\/339100"}],"collection":[{"href":"https:\/\/arantv.az\/index.php?rest_route=\/wp\/v2\/posts"}],"about":[{"href":"https:\/\/arantv.az\/index.php?rest_route=\/wp\/v2\/types\/post"}],"author":[{"embeddable":true,"href":"https:\/\/arantv.az\/index.php?rest_route=\/wp\/v2\/users\/2"}],"replies":[{"embeddable":true,"href":"https:\/\/arantv.az\/index.php?rest_route=%2Fwp%2Fv2%2Fcomments&post=339100"}],"version-history":[{"count":0,"href":"https:\/\/arantv.az\/index.php?rest_route=\/wp\/v2\/posts\/339100\/revisions"}],"wp:featuredmedia":[{"embeddable":true,"href":"https:\/\/arantv.az\/index.php?rest_route=\/wp\/v2\/media\/339101"}],"wp:attachment":[{"href":"https:\/\/arantv.az\/index.php?rest_route=%2Fwp%2Fv2%2Fmedia&parent=339100"}],"wp:term":[{"taxonomy":"category","embeddable":true,"href":"https:\/\/arantv.az\/index.php?rest_route=%2Fwp%2Fv2%2Fcategories&post=339100"},{"taxonomy":"post_tag","embeddable":true,"href":"https:\/\/arantv.az\/index.php?rest_route=%2Fwp%2Fv2%2Ftags&post=339100"}],"curies":[{"name":"wp","href":"https:\/\/api.w.org\/{rel}","templated":true}]}}