{"id":339109,"date":"2021-05-20T13:25:48","date_gmt":"2021-05-20T10:25:48","guid":{"rendered":"https:\/\/arantv.az\/?p=339109"},"modified":"2021-05-20T13:25:48","modified_gmt":"2021-05-20T10:25:48","slug":"fransali-jurnalistl%c9%99r-g%c9%99nc%c9%99d%c9%99-erm%c9%99nistanin-at%c9%99s%c9%99-tutdugu-%c9%99razid%c9%99-olub-foto","status":"publish","type":"post","link":"https:\/\/arantv.az\/?p=339109","title":{"rendered":"Fransal\u0131 jurnalistl\u0259r G\u0259nc\u0259d\u0259 Erm\u0259nistan\u0131n at\u0259\u015f\u0259 tutdu\u011fu \u0259razid\u0259 olub &#8211; FOTO"},"content":{"rendered":"<p>Az\u0259rbaycan\u0131n Fransadak\u0131 s\u0259firinin m\u00fc\u015fayi\u0259ti il\u0259 Fransa v\u0259 \u018flc\u0259zair media n\u00fcmay\u0259nd\u0259l\u0259ri G\u0259nc\u0259y\u0259 s\u0259f\u0259r edib.<\/p>\n<p><strong>ARANTV.AZ<\/strong>\u00a0x\u0259b\u0259r verir ki, Cin-Maykl L\u00fcsiyen Brun, \u0130frak Karim v\u0259 \u018flc\u0259zaird\u0259n Sara Durman G\u0259nc\u0259d\u0259 raket d\u00fc\u015f\u0259n \u0259razil\u0259r\u0259 bax\u0131blar.<\/p>\n<div id=\"AdviadNativeVideo0\" class=\"AdviadNativeVideo\"><\/div>\n<p>Bildirilib ki, Erm\u0259nistan\u0131n siyasi hakimiyy\u0259tinin m\u00fcharib\u0259 \u0259razisind\u0259n uzaq ya\u015fay\u0131\u015f yerl\u0259rini, h\u0259rbi hiss\u0259l\u0259rin v\u0259 h\u0259rbi obyektl\u0259rin olmad\u0131\u011f\u0131 \u0259razil\u0259ri h\u0259d\u0259f\u0259 almas\u0131 terror siyas\u0259tidir.<\/p>\n<p>Qeyd edilib ki, G\u0259nc\u0259d\u0259 v\u0259 Az\u0259rbaycan\u0131n dig\u0259r \u0259razil\u0259rind\u0259 m\u00fclki \u0259haliy\u0259 qar\u015f\u0131 t\u00f6r\u0259dilmi\u015f cinay\u0259tl\u0259r Fransa m\u0259tbuat\u0131nda n\u00f6vb\u0259ti d\u0259f\u0259 i\u015f\u0131qland\u0131r\u0131lacaq.<\/p>\n<p>&nbsp;<\/p>\n<div class=\"gallery\">\n<div class=\"gallery-i\"><img src=\"https:\/\/cdn.oxu.az\/uploads\/W1siZiIsIjIwMjEvMDUvMjAvMTMvMzMvMzgvN2ZiYzc3OTItNjY2My00NGEwLWI3ZjQtOWUzNjFjYzliODRkLzE4ODQxMzI1MF81MjkyMjEyMTE0MzM3ODBfNTc4NzE4Mzg1MjYyMTc2MzcwMF9uLnBuZyJdLFsicCIsImVuY29kZSIsImpwZyIsIi1xdWFsaXR5IDgwIl0sWyJwIiwidGh1bWIiLCI1OTB4NTkwXHUwMDNlIl1d?sha=a9ce1e269ed01a76\" alt=\"\" \/><\/p>\n<div class=\"gallery-i-caption\"><\/div>\n<\/div>\n<div class=\"gallery-i\"><img src=\"https:\/\/cdn.oxu.az\/uploads\/W1siZiIsIjIwMjEvMDUvMjAvMTMvMzMvNDcvODY1ZTlmNGQtZjc2Ny00ZjdjLTg0M2ItMDc4ZTBmNzNhNjdkLzE4NzU2MzAzMl81ODAxNDc3MjYyOTEzODhfMTkxOTIwNTE2OTM5NTQ1NTU3N19uLnBuZyJdLFsicCIsImVuY29kZSIsImpwZyIsIi1xdWFsaXR5IDgwIl0sWyJwIiwidGh1bWIiLCI1OTB4NTkwXHUwMDNlIl1d?sha=d324d5a1733fb5ae\" alt=\"\" \/><\/div>\n<\/div>\n","protected":false},"excerpt":{"rendered":"<p>Az\u0259rbaycan\u0131n Fransadak\u0131 s\u0259firinin m\u00fc\u015fayi\u0259ti il\u0259 Fransa v\u0259 \u018flc\u0259zair media n\u00fcmay\u0259nd\u0259l\u0259ri G\u0259nc\u0259y\u0259 s\u0259f\u0259r edib. ARANTV.AZ\u00a0x\u0259b\u0259r verir ki, Cin-Maykl L\u00fcsiyen Brun, \u0130frak Karim v\u0259 \u018flc\u0259zaird\u0259n Sara Durman G\u0259nc\u0259d\u0259 raket d\u00fc\u015f\u0259n \u0259razil\u0259r\u0259 bax\u0131blar. Bildirilib ki, Erm\u0259nistan\u0131n siyasi hakimiyy\u0259tinin m\u00fcharib\u0259 \u0259razisind\u0259n uzaq ya\u015fay\u0131\u015f yerl\u0259rini, h\u0259rbi hiss\u0259l\u0259rin v\u0259 h\u0259rbi obyektl\u0259rin olmad\u0131\u011f\u0131 \u0259razil\u0259ri h\u0259d\u0259f\u0259 almas\u0131 terror siyas\u0259tidir. Qeyd edilib ki, G\u0259nc\u0259d\u0259 v\u0259 Az\u0259rbaycan\u0131n dig\u0259r \u0259razil\u0259rind\u0259 m\u00fclki \u0259haliy\u0259 qar\u015f\u0131 t\u00f6r\u0259dilmi\u015f cinay\u0259tl\u0259r Fransa m\u0259tbuat\u0131nda n\u00f6vb\u0259ti d\u0259f\u0259 i\u015f\u0131qland\u0131r\u0131lacaq. &nbsp;<\/p>\n","protected":false},"author":2,"featured_media":339110,"comment_status":"closed","ping_status":"closed","sticky":false,"template":"","format":"standard","meta":{"om_disable_all_campaigns":false,"_monsterinsights_skip_tracking":false,"_monsterinsights_sitenote_active":false,"_monsterinsights_sitenote_note":"","_monsterinsights_sitenote_category":0},"categories":[26],"tags":[],"aioseo_notices":[],"gutentor_comment":0,"rttpg_featured_image_url":{"full":["https:\/\/arantv.az\/wp-content\/uploads\/2021\/05\/189819888_912985485943741_6772792533142563956_n.jpg",620,464,false],"landscape":["https:\/\/arantv.az\/wp-content\/uploads\/2021\/05\/189819888_912985485943741_6772792533142563956_n.jpg",620,464,false],"portraits":["https:\/\/arantv.az\/wp-content\/uploads\/2021\/05\/189819888_912985485943741_6772792533142563956_n.jpg",620,464,false],"thumbnail":["https:\/\/arantv.az\/wp-content\/uploads\/2021\/05\/189819888_912985485943741_6772792533142563956_n-500x280.jpg",500,280,true],"medium":["https:\/\/arantv.az\/wp-content\/uploads\/2021\/05\/189819888_912985485943741_6772792533142563956_n-488x365.jpg",488,365,true],"large":["https:\/\/arantv.az\/wp-content\/uploads\/2021\/05\/189819888_912985485943741_6772792533142563956_n.jpg",620,464,false],"1536x1536":["https:\/\/arantv.az\/wp-content\/uploads\/2021\/05\/189819888_912985485943741_6772792533142563956_n.jpg",620,464,false],"2048x2048":["https:\/\/arantv.az\/wp-content\/uploads\/2021\/05\/189819888_912985485943741_6772792533142563956_n.jpg",620,464,false],"post-thumbnail":["https:\/\/arantv.az\/wp-content\/uploads\/2021\/05\/189819888_912985485943741_6772792533142563956_n-240x172.jpg",240,172,true],"advps-thumb-one":["https:\/\/arantv.az\/wp-content\/uploads\/2021\/05\/189819888_912985485943741_6772792533142563956_n.jpg",620,464,false]},"rttpg_author":{"display_name":"V\u00fcsal Rafiqo\u011flu","author_link":"https:\/\/arantv.az\/?author=2"},"rttpg_comment":0,"rttpg_category":"<a href=\"https:\/\/arantv.az\/?cat=26\" rel=\"category\">Sosial<\/a>","rttpg_excerpt":"Az\u0259rbaycan\u0131n Fransadak\u0131 s\u0259firinin m\u00fc\u015fayi\u0259ti il\u0259 Fransa v\u0259 \u018flc\u0259zair media n\u00fcmay\u0259nd\u0259l\u0259ri G\u0259nc\u0259y\u0259 s\u0259f\u0259r edib. ARANTV.AZ\u00a0x\u0259b\u0259r verir ki, Cin-Maykl L\u00fcsiyen Brun, \u0130frak Karim v\u0259 \u018flc\u0259zaird\u0259n Sara Durman G\u0259nc\u0259d\u0259 raket d\u00fc\u015f\u0259n \u0259razil\u0259r\u0259 bax\u0131blar. Bildirilib ki, Erm\u0259nistan\u0131n siyasi hakimiyy\u0259tinin m\u00fcharib\u0259 \u0259razisind\u0259n uzaq ya\u015fay\u0131\u015f yerl\u0259rini, h\u0259rbi hiss\u0259l\u0259rin v\u0259 h\u0259rbi obyektl\u0259rin olmad\u0131\u011f\u0131 \u0259razil\u0259ri h\u0259d\u0259f\u0259 almas\u0131 terror siyas\u0259tidir. Qeyd edilib ki, G\u0259nc\u0259d\u0259&hellip;","_links":{"self":[{"href":"https:\/\/arantv.az\/index.php?rest_route=\/wp\/v2\/posts\/339109"}],"collection":[{"href":"https:\/\/arantv.az\/index.php?rest_route=\/wp\/v2\/posts"}],"about":[{"href":"https:\/\/arantv.az\/index.php?rest_route=\/wp\/v2\/types\/post"}],"author":[{"embeddable":true,"href":"https:\/\/arantv.az\/index.php?rest_route=\/wp\/v2\/users\/2"}],"replies":[{"embeddable":true,"href":"https:\/\/arantv.az\/index.php?rest_route=%2Fwp%2Fv2%2Fcomments&post=339109"}],"version-history":[{"count":0,"href":"https:\/\/arantv.az\/index.php?rest_route=\/wp\/v2\/posts\/339109\/revisions"}],"wp:featuredmedia":[{"embeddable":true,"href":"https:\/\/arantv.az\/index.php?rest_route=\/wp\/v2\/media\/339110"}],"wp:attachment":[{"href":"https:\/\/arantv.az\/index.php?rest_route=%2Fwp%2Fv2%2Fmedia&parent=339109"}],"wp:term":[{"taxonomy":"category","embeddable":true,"href":"https:\/\/arantv.az\/index.php?rest_route=%2Fwp%2Fv2%2Fcategories&post=339109"},{"taxonomy":"post_tag","embeddable":true,"href":"https:\/\/arantv.az\/index.php?rest_route=%2Fwp%2Fv2%2Ftags&post=339109"}],"curies":[{"name":"wp","href":"https:\/\/api.w.org\/{rel}","templated":true}]}}