{"id":339112,"date":"2021-05-20T13:26:21","date_gmt":"2021-05-20T10:26:21","guid":{"rendered":"https:\/\/arantv.az\/?p=339112"},"modified":"2021-05-20T13:26:21","modified_gmt":"2021-05-20T10:26:21","slug":"pasinyan-erm%c9%99nistan-xin-i-blokadaya-salib-ayvazyan-hokum%c9%99tin-iclasinda-istirak-etm%c9%99di","status":"publish","type":"post","link":"https:\/\/arantv.az\/?p=339112","title":{"rendered":"Pa\u015finyan Erm\u0259nistan X\u0130N-i \u201cblokada\u201dya sal\u0131b: Ayvazyan h\u00f6kum\u0259tin iclas\u0131nda i\u015ftirak etm\u0259di"},"content":{"rendered":"<p>X\u0130N-\u0259 etimad etm\u0259y\u0259n Nikol Pa\u015finyan\u00a0art\u0131q son vaxtlar xarici i\u015fl\u0259rd\u0259 t\u0259kdir, ba\u015fqa s\u00f6zl\u0259 xarici siyas\u0259ti X\u0130N olmadan icra edir.<\/p>\n<p>Bu bar\u0259d\u0259 \u201cPast\u201d q\u0259zeti yaz\u0131b.<\/p>\n<div id=\"AdviadNativeVideo0\" class=\"AdviadNativeVideo\"><\/div>\n<p>\u201cX\u0130N-d\u0259 olan m\u0259nb\u0259l\u0259rimiz bildirir ki, Pa\u015finyan m\u0259s\u0259l\u0259n Rusiya t\u0259r\u0259fi il\u0259 s\u0259rh\u0259dd\u0259ki v\u0259ziyy\u0259tl\u0259 \u0259laq\u0259dar m\u00fczakir\u0259 etdikl\u0259rini nazirlik v\u0259 nazirl\u0259 m\u00fczakir\u0259 etmir. Xarici \u0130\u015fl\u0259r Nazirliyi b\u00fct\u00fcn m\u0259s\u0259l\u0259l\u0259r h\u0259ll olunandan sonra yaln\u0131z bir a\u00e7\u0131qlama verm\u0259li oldu\u011fu zaman m\u0259lumatland\u0131r\u0131l\u0131r\u201d, &#8211; dey\u0259 n\u0259\u015fr yaz\u0131b.<\/p>\n<p>N\u0259\u015fr bildirir ki, s\u00f6z\u00fcged\u0259n v\u0259ziyy\u0259t X\u0130N-d\u0259 ciddi narahatl\u0131q yarad\u0131b, \u00e7\u00fcnki qurum faktiki olaraq blokadada qal\u0131b v\u0259 dan\u0131\u015f\u0131qlardan x\u0259b\u0259rdar deyil.<\/p>\n<p>Erm\u0259ni m\u0259tbuat\u0131 h\u0259m\u00e7inin bu g\u00fcn ke\u00e7iril\u0259n h\u00f6kum\u0259t iclas\u0131nda X\u0130N r\u0259hb\u0259ri Ara Ayvazyan\u0131n i\u015ftirak etm\u0259m\u0259sini m\u0259hz bu \u201cblokada\u201d il\u0259 \u0259laq\u0259l\u0259ndirir.<\/p>\n","protected":false},"excerpt":{"rendered":"<p>X\u0130N-\u0259 etimad etm\u0259y\u0259n Nikol Pa\u015finyan\u00a0art\u0131q son vaxtlar xarici i\u015fl\u0259rd\u0259 t\u0259kdir, ba\u015fqa s\u00f6zl\u0259 xarici siyas\u0259ti X\u0130N olmadan icra edir. Bu bar\u0259d\u0259 \u201cPast\u201d q\u0259zeti yaz\u0131b. \u201cX\u0130N-d\u0259 olan m\u0259nb\u0259l\u0259rimiz bildirir ki, Pa\u015finyan m\u0259s\u0259l\u0259n Rusiya t\u0259r\u0259fi il\u0259 s\u0259rh\u0259dd\u0259ki v\u0259ziyy\u0259tl\u0259 \u0259laq\u0259dar m\u00fczakir\u0259 etdikl\u0259rini nazirlik v\u0259 nazirl\u0259 m\u00fczakir\u0259 etmir. Xarici \u0130\u015fl\u0259r Nazirliyi b\u00fct\u00fcn m\u0259s\u0259l\u0259l\u0259r h\u0259ll olunandan sonra yaln\u0131z bir a\u00e7\u0131qlama verm\u0259li oldu\u011fu zaman m\u0259lumatland\u0131r\u0131l\u0131r\u201d, &#8211; dey\u0259 n\u0259\u015fr yaz\u0131b. N\u0259\u015fr bildirir ki, s\u00f6z\u00fcged\u0259n v\u0259ziyy\u0259t X\u0130N-d\u0259 ciddi narahatl\u0131q yarad\u0131b, \u00e7\u00fcnki qurum faktiki olaraq blokadada qal\u0131b v\u0259 dan\u0131\u015f\u0131qlardan x\u0259b\u0259rdar deyil. Erm\u0259ni m\u0259tbuat\u0131 h\u0259m\u00e7inin bu g\u00fcn ke\u00e7iril\u0259n h\u00f6kum\u0259t iclas\u0131nda X\u0130N&hellip;<\/p>\n","protected":false},"author":2,"featured_media":339113,"comment_status":"closed","ping_status":"closed","sticky":false,"template":"","format":"standard","meta":{"om_disable_all_campaigns":false,"_monsterinsights_skip_tracking":false,"_monsterinsights_sitenote_active":false,"_monsterinsights_sitenote_note":"","_monsterinsights_sitenote_category":0},"categories":[7],"tags":[],"aioseo_notices":[],"gutentor_comment":0,"rttpg_featured_image_url":{"full":["https:\/\/arantv.az\/wp-content\/uploads\/2021\/05\/25401583.jpg",620,330,false],"landscape":["https:\/\/arantv.az\/wp-content\/uploads\/2021\/05\/25401583.jpg",620,330,false],"portraits":["https:\/\/arantv.az\/wp-content\/uploads\/2021\/05\/25401583.jpg",620,330,false],"thumbnail":["https:\/\/arantv.az\/wp-content\/uploads\/2021\/05\/25401583-500x280.jpg",500,280,true],"medium":["https:\/\/arantv.az\/wp-content\/uploads\/2021\/05\/25401583.jpg",620,330,false],"large":["https:\/\/arantv.az\/wp-content\/uploads\/2021\/05\/25401583.jpg",620,330,false],"1536x1536":["https:\/\/arantv.az\/wp-content\/uploads\/2021\/05\/25401583.jpg",620,330,false],"2048x2048":["https:\/\/arantv.az\/wp-content\/uploads\/2021\/05\/25401583.jpg",620,330,false],"post-thumbnail":["https:\/\/arantv.az\/wp-content\/uploads\/2021\/05\/25401583-240x172.jpg",240,172,true],"advps-thumb-one":["https:\/\/arantv.az\/wp-content\/uploads\/2021\/05\/25401583.jpg",620,330,false]},"rttpg_author":{"display_name":"V\u00fcsal Rafiqo\u011flu","author_link":"https:\/\/arantv.az\/?author=2"},"rttpg_comment":0,"rttpg_category":"<a href=\"https:\/\/arantv.az\/?cat=7\" rel=\"category\">D\u00fcnya<\/a>","rttpg_excerpt":"X\u0130N-\u0259 etimad etm\u0259y\u0259n Nikol Pa\u015finyan\u00a0art\u0131q son vaxtlar xarici i\u015fl\u0259rd\u0259 t\u0259kdir, ba\u015fqa s\u00f6zl\u0259 xarici siyas\u0259ti X\u0130N olmadan icra edir. Bu bar\u0259d\u0259 \u201cPast\u201d q\u0259zeti yaz\u0131b. \u201cX\u0130N-d\u0259 olan m\u0259nb\u0259l\u0259rimiz bildirir ki, Pa\u015finyan m\u0259s\u0259l\u0259n Rusiya t\u0259r\u0259fi il\u0259 s\u0259rh\u0259dd\u0259ki v\u0259ziyy\u0259tl\u0259 \u0259laq\u0259dar m\u00fczakir\u0259 etdikl\u0259rini nazirlik v\u0259 nazirl\u0259 m\u00fczakir\u0259 etmir. Xarici \u0130\u015fl\u0259r Nazirliyi b\u00fct\u00fcn m\u0259s\u0259l\u0259l\u0259r h\u0259ll olunandan sonra yaln\u0131z bir a\u00e7\u0131qlama verm\u0259li&hellip;","_links":{"self":[{"href":"https:\/\/arantv.az\/index.php?rest_route=\/wp\/v2\/posts\/339112"}],"collection":[{"href":"https:\/\/arantv.az\/index.php?rest_route=\/wp\/v2\/posts"}],"about":[{"href":"https:\/\/arantv.az\/index.php?rest_route=\/wp\/v2\/types\/post"}],"author":[{"embeddable":true,"href":"https:\/\/arantv.az\/index.php?rest_route=\/wp\/v2\/users\/2"}],"replies":[{"embeddable":true,"href":"https:\/\/arantv.az\/index.php?rest_route=%2Fwp%2Fv2%2Fcomments&post=339112"}],"version-history":[{"count":0,"href":"https:\/\/arantv.az\/index.php?rest_route=\/wp\/v2\/posts\/339112\/revisions"}],"wp:featuredmedia":[{"embeddable":true,"href":"https:\/\/arantv.az\/index.php?rest_route=\/wp\/v2\/media\/339113"}],"wp:attachment":[{"href":"https:\/\/arantv.az\/index.php?rest_route=%2Fwp%2Fv2%2Fmedia&parent=339112"}],"wp:term":[{"taxonomy":"category","embeddable":true,"href":"https:\/\/arantv.az\/index.php?rest_route=%2Fwp%2Fv2%2Fcategories&post=339112"},{"taxonomy":"post_tag","embeddable":true,"href":"https:\/\/arantv.az\/index.php?rest_route=%2Fwp%2Fv2%2Ftags&post=339112"}],"curies":[{"name":"wp","href":"https:\/\/api.w.org\/{rel}","templated":true}]}}