{"id":339116,"date":"2021-05-20T13:26:51","date_gmt":"2021-05-20T10:26:51","guid":{"rendered":"https:\/\/arantv.az\/?p=339116"},"modified":"2021-05-20T13:26:51","modified_gmt":"2021-05-20T10:26:51","slug":"agdasda-must%c9%99ril%c9%99r%c9%99-q%c9%99lyan-t%c9%99klif-ed%c9%99n-cay-evl%c9%99ri-askarlanib-foto","status":"publish","type":"post","link":"https:\/\/arantv.az\/?p=339116","title":{"rendered":"A\u011fda\u015fda m\u00fc\u015ft\u0259ril\u0259r\u0259 q\u0259lyan t\u0259klif ed\u0259n \u00e7ay evl\u0259ri a\u015fkarlan\u0131b &#8211; FOTO"},"content":{"rendered":"<p>A\u011fda\u015f Rayon Polis \u015e\u00f6b\u0259si \u0259m\u0259kda\u015flar\u0131n\u0131n x\u00fcsusi karantin rejimi il\u0259 \u0259laq\u0259dar ke\u00e7irdikl\u0259ri n\u0259zar\u0259t-profilaktik t\u0259dbirl\u0259r zaman\u0131 m\u00fc\u015ft\u0259ril\u0259r\u0259 q\u0259lyan t\u0259klif ed\u0259n bir ne\u00e7\u0259 obyekt a\u015fkarlan\u0131b.<\/p>\n<p>D\u0130N-in m\u0259tbuat xidm\u0259tinin \u015e\u0259ki regional qrupundan veril\u0259n m\u0259lumata g\u00f6r\u0259, rayondak\u0131 \u201cXan\u201d v\u0259 \u201cBa\u011f\u201d \u00e7ay evl\u0259rin\u0259 bax\u0131\u015f ke\u00e7iril\u0259n zaman orada m\u00fc\u015ft\u0259ril\u0259rin q\u0259lyandan istifad\u0259 etdiyi v\u0259 icar\u0259darlar\u0131n buna \u015f\u0259rait yaratd\u0131\u011f\u0131 m\u0259lum olub. Onlarla izahedici s\u00f6hb\u0259tl\u0259r apar\u0131l\u0131b v\u0259 karantin qaydalar\u0131na riay\u0259t etm\u0259l\u0259rinin vacibliyi bildirilib.<\/p>\n<div id=\"AdviadNativeVideo0\" class=\"AdviadNativeVideo\"><\/div>\n<p>\u00c7ay evl\u0259rini icar\u0259 \u0259sas\u0131nda i\u015fl\u0259d\u0259n \u015f\u0259xsl\u0259r v\u0259 m\u00fc\u015ft\u0259ril\u0259r bar\u0259sind\u0259 \u0130nzibati X\u0259talar M\u0259c\u0259ll\u0259sinin 211.1-ci (Epidemiya \u0259leyhin\u0259 rejimin, sanitariya-gigiyena v\u0259 karantin rejiml\u0259rinin pozulmas\u0131) madd\u0259si il\u0259 protokol t\u0259rtib olunub.<\/p>\n<p>&nbsp;<\/p>\n<div class=\"gallery\">\n<div class=\"gallery-i\"><img src=\"https:\/\/cdn.oxu.az\/uploads\/W1siZiIsIjIwMjEvMDUvMjAvMTIvNTcvNTQvNTlhZWVmODUtM2JiNi00YWFmLWEyNWQtNjgyYTNkZjQ2MTQ2L0ZPVE8gKDEpICgxKS5qcGVnIl0sWyJwIiwiZW5jb2RlIiwianBnIiwiLXF1YWxpdHkgODAiXSxbInAiLCJ0aHVtYiIsIjU5MHg1OTBcdTAwM2UiXV0?sha=f1f7f5bef7de4360\" alt=\"\" \/><\/div>\n<\/div>\n","protected":false},"excerpt":{"rendered":"<p>A\u011fda\u015f Rayon Polis \u015e\u00f6b\u0259si \u0259m\u0259kda\u015flar\u0131n\u0131n x\u00fcsusi karantin rejimi il\u0259 \u0259laq\u0259dar ke\u00e7irdikl\u0259ri n\u0259zar\u0259t-profilaktik t\u0259dbirl\u0259r zaman\u0131 m\u00fc\u015ft\u0259ril\u0259r\u0259 q\u0259lyan t\u0259klif ed\u0259n bir ne\u00e7\u0259 obyekt a\u015fkarlan\u0131b. D\u0130N-in m\u0259tbuat xidm\u0259tinin \u015e\u0259ki regional qrupundan veril\u0259n m\u0259lumata g\u00f6r\u0259, rayondak\u0131 \u201cXan\u201d v\u0259 \u201cBa\u011f\u201d \u00e7ay evl\u0259rin\u0259 bax\u0131\u015f ke\u00e7iril\u0259n zaman orada m\u00fc\u015ft\u0259ril\u0259rin q\u0259lyandan istifad\u0259 etdiyi v\u0259 icar\u0259darlar\u0131n buna \u015f\u0259rait yaratd\u0131\u011f\u0131 m\u0259lum olub. Onlarla izahedici s\u00f6hb\u0259tl\u0259r apar\u0131l\u0131b v\u0259 karantin qaydalar\u0131na riay\u0259t etm\u0259l\u0259rinin vacibliyi bildirilib. \u00c7ay evl\u0259rini icar\u0259 \u0259sas\u0131nda i\u015fl\u0259d\u0259n \u015f\u0259xsl\u0259r v\u0259 m\u00fc\u015ft\u0259ril\u0259r bar\u0259sind\u0259 \u0130nzibati X\u0259talar M\u0259c\u0259ll\u0259sinin 211.1-ci (Epidemiya \u0259leyhin\u0259 rejimin, sanitariya-gigiyena v\u0259 karantin rejiml\u0259rinin pozulmas\u0131) madd\u0259si il\u0259 protokol t\u0259rtib olunub. &nbsp;<\/p>\n","protected":false},"author":2,"featured_media":339117,"comment_status":"closed","ping_status":"closed","sticky":false,"template":"","format":"standard","meta":{"om_disable_all_campaigns":false,"_monsterinsights_skip_tracking":false,"_monsterinsights_sitenote_active":false,"_monsterinsights_sitenote_note":"","_monsterinsights_sitenote_category":0},"categories":[26],"tags":[],"aioseo_notices":[],"gutentor_comment":0,"rttpg_featured_image_url":{"full":["https:\/\/arantv.az\/wp-content\/uploads\/2021\/05\/FOTO-2-1-1.jpg",524,465,false],"landscape":["https:\/\/arantv.az\/wp-content\/uploads\/2021\/05\/FOTO-2-1-1.jpg",524,465,false],"portraits":["https:\/\/arantv.az\/wp-content\/uploads\/2021\/05\/FOTO-2-1-1.jpg",524,465,false],"thumbnail":["https:\/\/arantv.az\/wp-content\/uploads\/2021\/05\/FOTO-2-1-1-500x280.jpg",500,280,true],"medium":["https:\/\/arantv.az\/wp-content\/uploads\/2021\/05\/FOTO-2-1-1-411x365.jpg",411,365,true],"large":["https:\/\/arantv.az\/wp-content\/uploads\/2021\/05\/FOTO-2-1-1.jpg",524,465,false],"1536x1536":["https:\/\/arantv.az\/wp-content\/uploads\/2021\/05\/FOTO-2-1-1.jpg",524,465,false],"2048x2048":["https:\/\/arantv.az\/wp-content\/uploads\/2021\/05\/FOTO-2-1-1.jpg",524,465,false],"post-thumbnail":["https:\/\/arantv.az\/wp-content\/uploads\/2021\/05\/FOTO-2-1-1-240x172.jpg",240,172,true],"advps-thumb-one":["https:\/\/arantv.az\/wp-content\/uploads\/2021\/05\/FOTO-2-1-1.jpg",524,465,false]},"rttpg_author":{"display_name":"V\u00fcsal Rafiqo\u011flu","author_link":"https:\/\/arantv.az\/?author=2"},"rttpg_comment":0,"rttpg_category":"<a href=\"https:\/\/arantv.az\/?cat=26\" rel=\"category\">Sosial<\/a>","rttpg_excerpt":"A\u011fda\u015f Rayon Polis \u015e\u00f6b\u0259si \u0259m\u0259kda\u015flar\u0131n\u0131n x\u00fcsusi karantin rejimi il\u0259 \u0259laq\u0259dar ke\u00e7irdikl\u0259ri n\u0259zar\u0259t-profilaktik t\u0259dbirl\u0259r zaman\u0131 m\u00fc\u015ft\u0259ril\u0259r\u0259 q\u0259lyan t\u0259klif ed\u0259n bir ne\u00e7\u0259 obyekt a\u015fkarlan\u0131b. D\u0130N-in m\u0259tbuat xidm\u0259tinin \u015e\u0259ki regional qrupundan veril\u0259n m\u0259lumata g\u00f6r\u0259, rayondak\u0131 \u201cXan\u201d v\u0259 \u201cBa\u011f\u201d \u00e7ay evl\u0259rin\u0259 bax\u0131\u015f ke\u00e7iril\u0259n zaman orada m\u00fc\u015ft\u0259ril\u0259rin q\u0259lyandan istifad\u0259 etdiyi v\u0259 icar\u0259darlar\u0131n buna \u015f\u0259rait yaratd\u0131\u011f\u0131 m\u0259lum olub. Onlarla izahedici s\u00f6hb\u0259tl\u0259r&hellip;","_links":{"self":[{"href":"https:\/\/arantv.az\/index.php?rest_route=\/wp\/v2\/posts\/339116"}],"collection":[{"href":"https:\/\/arantv.az\/index.php?rest_route=\/wp\/v2\/posts"}],"about":[{"href":"https:\/\/arantv.az\/index.php?rest_route=\/wp\/v2\/types\/post"}],"author":[{"embeddable":true,"href":"https:\/\/arantv.az\/index.php?rest_route=\/wp\/v2\/users\/2"}],"replies":[{"embeddable":true,"href":"https:\/\/arantv.az\/index.php?rest_route=%2Fwp%2Fv2%2Fcomments&post=339116"}],"version-history":[{"count":0,"href":"https:\/\/arantv.az\/index.php?rest_route=\/wp\/v2\/posts\/339116\/revisions"}],"wp:featuredmedia":[{"embeddable":true,"href":"https:\/\/arantv.az\/index.php?rest_route=\/wp\/v2\/media\/339117"}],"wp:attachment":[{"href":"https:\/\/arantv.az\/index.php?rest_route=%2Fwp%2Fv2%2Fmedia&parent=339116"}],"wp:term":[{"taxonomy":"category","embeddable":true,"href":"https:\/\/arantv.az\/index.php?rest_route=%2Fwp%2Fv2%2Fcategories&post=339116"},{"taxonomy":"post_tag","embeddable":true,"href":"https:\/\/arantv.az\/index.php?rest_route=%2Fwp%2Fv2%2Ftags&post=339116"}],"curies":[{"name":"wp","href":"https:\/\/api.w.org\/{rel}","templated":true}]}}