{"id":339122,"date":"2021-05-20T13:28:46","date_gmt":"2021-05-20T10:28:46","guid":{"rendered":"https:\/\/arantv.az\/?p=339122"},"modified":"2021-05-20T13:28:46","modified_gmt":"2021-05-20T10:28:46","slug":"az%c9%99rbaycanda-britaniya-t%c9%99crub%c9%99sini-paylasmaq-v%c9%99-%c9%99m%c9%99kdasliq-ucun-potensial-var-s%c9%99fir","status":"publish","type":"post","link":"https:\/\/arantv.az\/?p=339122","title":{"rendered":"Az\u0259rbaycanda Britaniya t\u0259cr\u00fcb\u0259sini payla\u015fmaq v\u0259 \u0259m\u0259kda\u015fl\u0131q \u00fc\u00e7\u00fcn potensial var &#8211; S\u0259fir"},"content":{"rendered":"<p><strong>Az\u0259rbaycanda Britaniya t\u0259cr\u00fcb\u0259sini payla\u015fmaq v\u0259 \u0259m\u0259kda\u015fl\u0131q \u00fc\u00e7\u00fcn potensial var.<\/strong><\/p>\n<p><strong>ARANTV.AZ<\/strong>\u00a0 <a href=\"https:\/\/az.trend.az\/\" target=\"_blank\" rel=\"noopener\">Trend<\/a>-\u0259 istinad\u0259n bildirir ki,\u00a0bunu B\u00f6y\u00fck Britaniyan\u0131n Az\u0259rbaycandak\u0131 s\u0259firi Ceyms \u015earp tvitter s\u0259hif\u0259sind\u0259 yaz\u0131b.<\/p>\n<p>S\u0259fir bildirib ki, B\u00f6y\u00fck Britaniyan\u0131n Beyn\u0259lxalq Ticar\u0259t Departamentinin \u0130xracat \u00fczr\u0259 naziri v\u0259 D\u00f6vl\u0259t Katibinin Parlamentd\u0259ki n\u00fcmay\u0259nd\u0259si Qrehem St\u00fcartla birlikd\u0259 s\u0259firliyin ticar\u0259t \u015f\u00f6b\u0259sinin \u0130KT v\u0259 s\u0259hiyy\u0259 sah\u0259l\u0259ri \u00fczr\u0259 apard\u0131qlar\u0131 bazar ara\u015fd\u0131rmas\u0131n\u0131n n\u0259tic\u0259l\u0259rinin t\u0259qdimat\u0131nda i\u015ftirak edib:<\/p>\n<p>&#8220;Bir \u00e7ox sah\u0259l\u0259rd\u0259 oldu\u011fu kimi burada da Britaniya t\u0259cr\u00fcb\u0259sini payla\u015fmaq v\u0259 \u0259m\u0259kda\u015fl\u0131q \u00fc\u00e7\u00fcn potensial var&#8221;.<\/p>\n<p>Qeyd ed\u0259k ki, s\u0259firliyin ticar\u0259t \u015f\u00f6b\u0259si PwC t\u0259r\u0259find\u0259n s\u0259hiyy\u0259 sah\u0259sind\u0259 apar\u0131lan bazar ara\u015fd\u0131rmas\u0131 n\u0259tic\u0259l\u0259rinin t\u0259qdimat\u0131n\u0131 t\u0259\u015fkil edib. T\u0259dbird\u0259 \u00e7\u0131x\u0131\u015f ed\u0259n nazir Q.St\u00fcart deyib:<\/p>\n<p>&#8220;B\u00f6y\u00fck Britaniya x\u0259st\u0259xana dizayn\u0131, tikinti v\u0259 klinik partnyorluqlar da daxil olmaqla h\u0259yat elml\u0259ri, r\u0259q\u0259msal s\u0259hiyy\u0259, tibbi infrastrukturun planla\u015fd\u0131rma v\u0259 idar\u0259edilm\u0259sind\u0259 qlobal liderdir.<\/p>\n<p>Az\u0259rbaycanda s\u0259hiyy\u0259 xidm\u0259tinin \u00f6lk\u0259nin rifah\u0131n\u0131n t\u0259min edilm\u0259sind\u0259 getdikc\u0259 daha \u00e7ox \u0259h\u0259miyy\u0259tli rol oynad\u0131\u011f\u0131n\u0131 bilir\u0259m&#8221;.<\/p>\n","protected":false},"excerpt":{"rendered":"<p>Az\u0259rbaycanda Britaniya t\u0259cr\u00fcb\u0259sini payla\u015fmaq v\u0259 \u0259m\u0259kda\u015fl\u0131q \u00fc\u00e7\u00fcn potensial var. ARANTV.AZ\u00a0 Trend-\u0259 istinad\u0259n bildirir ki,\u00a0bunu B\u00f6y\u00fck Britaniyan\u0131n Az\u0259rbaycandak\u0131 s\u0259firi Ceyms \u015earp tvitter s\u0259hif\u0259sind\u0259 yaz\u0131b. S\u0259fir bildirib ki, B\u00f6y\u00fck Britaniyan\u0131n Beyn\u0259lxalq Ticar\u0259t Departamentinin \u0130xracat \u00fczr\u0259 naziri v\u0259 D\u00f6vl\u0259t Katibinin Parlamentd\u0259ki n\u00fcmay\u0259nd\u0259si Qrehem St\u00fcartla birlikd\u0259 s\u0259firliyin ticar\u0259t \u015f\u00f6b\u0259sinin \u0130KT v\u0259 s\u0259hiyy\u0259 sah\u0259l\u0259ri \u00fczr\u0259 apard\u0131qlar\u0131 bazar ara\u015fd\u0131rmas\u0131n\u0131n n\u0259tic\u0259l\u0259rinin t\u0259qdimat\u0131nda i\u015ftirak edib: &#8220;Bir \u00e7ox sah\u0259l\u0259rd\u0259 oldu\u011fu kimi burada da Britaniya t\u0259cr\u00fcb\u0259sini payla\u015fmaq v\u0259 \u0259m\u0259kda\u015fl\u0131q \u00fc\u00e7\u00fcn potensial var&#8221;. Qeyd ed\u0259k ki, s\u0259firliyin ticar\u0259t \u015f\u00f6b\u0259si PwC t\u0259r\u0259find\u0259n s\u0259hiyy\u0259 sah\u0259sind\u0259 apar\u0131lan bazar ara\u015fd\u0131rmas\u0131 n\u0259tic\u0259l\u0259rinin t\u0259qdimat\u0131n\u0131 t\u0259\u015fkil edib. T\u0259dbird\u0259&hellip;<\/p>\n","protected":false},"author":2,"featured_media":339123,"comment_status":"closed","ping_status":"closed","sticky":false,"template":"","format":"standard","meta":{"om_disable_all_campaigns":false,"_monsterinsights_skip_tracking":false,"_monsterinsights_sitenote_active":false,"_monsterinsights_sitenote_note":"","_monsterinsights_sitenote_category":0},"categories":[4],"tags":[],"aioseo_notices":[],"gutentor_comment":0,"rttpg_featured_image_url":{"full":["https:\/\/arantv.az\/wp-content\/uploads\/2021\/05\/949742.jpg",800,600,false],"landscape":["https:\/\/arantv.az\/wp-content\/uploads\/2021\/05\/949742.jpg",800,600,false],"portraits":["https:\/\/arantv.az\/wp-content\/uploads\/2021\/05\/949742.jpg",800,600,false],"thumbnail":["https:\/\/arantv.az\/wp-content\/uploads\/2021\/05\/949742-500x280.jpg",500,280,true],"medium":["https:\/\/arantv.az\/wp-content\/uploads\/2021\/05\/949742-487x365.jpg",487,365,true],"large":["https:\/\/arantv.az\/wp-content\/uploads\/2021\/05\/949742.jpg",640,480,false],"1536x1536":["https:\/\/arantv.az\/wp-content\/uploads\/2021\/05\/949742.jpg",800,600,false],"2048x2048":["https:\/\/arantv.az\/wp-content\/uploads\/2021\/05\/949742.jpg",800,600,false],"post-thumbnail":["https:\/\/arantv.az\/wp-content\/uploads\/2021\/05\/949742-240x172.jpg",240,172,true],"advps-thumb-one":["https:\/\/arantv.az\/wp-content\/uploads\/2021\/05\/949742.jpg",800,600,false]},"rttpg_author":{"display_name":"V\u00fcsal Rafiqo\u011flu","author_link":"https:\/\/arantv.az\/?author=2"},"rttpg_comment":0,"rttpg_category":"<a href=\"https:\/\/arantv.az\/?cat=4\" rel=\"category\">Siyas\u0259t<\/a>","rttpg_excerpt":"Az\u0259rbaycanda Britaniya t\u0259cr\u00fcb\u0259sini payla\u015fmaq v\u0259 \u0259m\u0259kda\u015fl\u0131q \u00fc\u00e7\u00fcn potensial var. ARANTV.AZ\u00a0 Trend-\u0259 istinad\u0259n bildirir ki,\u00a0bunu B\u00f6y\u00fck Britaniyan\u0131n Az\u0259rbaycandak\u0131 s\u0259firi Ceyms \u015earp tvitter s\u0259hif\u0259sind\u0259 yaz\u0131b. S\u0259fir bildirib ki, B\u00f6y\u00fck Britaniyan\u0131n Beyn\u0259lxalq Ticar\u0259t Departamentinin \u0130xracat \u00fczr\u0259 naziri v\u0259 D\u00f6vl\u0259t Katibinin Parlamentd\u0259ki n\u00fcmay\u0259nd\u0259si Qrehem St\u00fcartla birlikd\u0259 s\u0259firliyin ticar\u0259t \u015f\u00f6b\u0259sinin \u0130KT v\u0259 s\u0259hiyy\u0259 sah\u0259l\u0259ri \u00fczr\u0259 apard\u0131qlar\u0131 bazar ara\u015fd\u0131rmas\u0131n\u0131n n\u0259tic\u0259l\u0259rinin t\u0259qdimat\u0131nda&hellip;","_links":{"self":[{"href":"https:\/\/arantv.az\/index.php?rest_route=\/wp\/v2\/posts\/339122"}],"collection":[{"href":"https:\/\/arantv.az\/index.php?rest_route=\/wp\/v2\/posts"}],"about":[{"href":"https:\/\/arantv.az\/index.php?rest_route=\/wp\/v2\/types\/post"}],"author":[{"embeddable":true,"href":"https:\/\/arantv.az\/index.php?rest_route=\/wp\/v2\/users\/2"}],"replies":[{"embeddable":true,"href":"https:\/\/arantv.az\/index.php?rest_route=%2Fwp%2Fv2%2Fcomments&post=339122"}],"version-history":[{"count":0,"href":"https:\/\/arantv.az\/index.php?rest_route=\/wp\/v2\/posts\/339122\/revisions"}],"wp:featuredmedia":[{"embeddable":true,"href":"https:\/\/arantv.az\/index.php?rest_route=\/wp\/v2\/media\/339123"}],"wp:attachment":[{"href":"https:\/\/arantv.az\/index.php?rest_route=%2Fwp%2Fv2%2Fmedia&parent=339122"}],"wp:term":[{"taxonomy":"category","embeddable":true,"href":"https:\/\/arantv.az\/index.php?rest_route=%2Fwp%2Fv2%2Fcategories&post=339122"},{"taxonomy":"post_tag","embeddable":true,"href":"https:\/\/arantv.az\/index.php?rest_route=%2Fwp%2Fv2%2Ftags&post=339122"}],"curies":[{"name":"wp","href":"https:\/\/api.w.org\/{rel}","templated":true}]}}