{"id":339157,"date":"2021-05-20T14:22:18","date_gmt":"2021-05-20T11:22:18","guid":{"rendered":"https:\/\/arantv.az\/?p=339157"},"modified":"2021-05-20T14:22:18","modified_gmt":"2021-05-20T11:22:18","slug":"iranin-az%c9%99rbaycan-qisqancliginin-arxasindan-boylanan-niyy%c9%99tl%c9%99r-t%c9%99hlil","status":"publish","type":"post","link":"https:\/\/arantv.az\/?p=339157","title":{"rendered":"\u0130ran\u0131n Az\u0259rbaycan q\u0131sqancl\u0131\u011f\u0131n\u0131n arxas\u0131ndan boylanan niyy\u0259tl\u0259r \u2013 T\u018fHL\u0130L"},"content":{"rendered":"<p>Az\u0259rbaycanla Erm\u0259nistan aras\u0131ndak\u0131 s\u0259rh\u0259dl\u0259rin m\u00fc\u0259yy\u0259nl\u0259\u015fdirilm\u0259si fonunda c\u0259r\u0259yan ed\u0259n prosesl\u0259r onu dem\u0259y\u0259 \u0259sas verir ki, haz\u0131rk\u0131 v\u0259ziyy\u0259t m\u00fcharib\u0259d\u0259n \u00f6nc\u0259ki durumdan da k\u00f6vr\u0259k dayaqlar \u00fcz\u0259rind\u0259dir.<\/p>\n<p>M\u0259lumatlara, a\u00e7\u0131qlamalara, x\u0259b\u0259rdarl\u0131qlara z\u0259ncirin h\u0259lq\u0259l\u0259ri kimi n\u0259z\u0259r yetirm\u0259k laz\u0131md\u0131r \u2013 burada bir s\u0131ra maraql\u0131 m\u0259qamlar ortaya \u00e7\u0131x\u0131r v\u0259 ard\u0131c\u0131ll\u0131q bunlar\u0131n bir-biril\u0259 \u0259laq\u0259li oldu\u011funu g\u00f6st\u0259rir.<\/p>\n<p>Erm\u0259nistanla s\u0259rh\u0259dl\u0259rin m\u00fc\u0259yy\u0259nl\u0259\u015fdirildiyi bir zamanda c\u0259nub s\u0259rh\u0259dl\u0259rind\u0259 iranl\u0131 v\u0259t\u0259nda\u015flar\u0131n t\u0259xribat\u0131, Az\u0259rbaycan\u0131n iki s\u0259rh\u0259d\u00e7isinin \u015f\u0259hid olmas\u0131 ilk bax\u0131\u015fda adi s\u0259rh\u0259d pozuculu\u011funun n\u0259tic\u0259si kimi q\u0259l\u0259m\u0259 veril\u0259 bil\u0259r, el\u0259 r\u0259smi versiya da bu fikri tirajlay\u0131r.<\/p>\n<div id=\"AdviadNativeVideo0\" class=\"AdviadNativeVideo\"><\/div>\n<p>Lakin bunun ard\u0131nca \u0130ran parlamentinin Milli t\u0259hl\u00fck\u0259sizlik v\u0259 xarici siyas\u0259t komit\u0259sinin s\u0259dri M\u00f6jtaba Zonnurun Tehran\u0131n regionda s\u0259rh\u0259d d\u0259yi\u015fikliyini v\u0259 s\u0259rh\u0259dl\u0259rind\u0259 h\u0259r hans\u0131 transregional q\u00fcvv\u0259l\u0259rin m\u00f6vcudlu\u011funu q\u0259bul etm\u0259diyini dem\u0259si problemin miqyas\u0131n\u0131n geni\u015f oldu\u011funu g\u00f6st\u0259rir. S\u0259rh\u0259dl\u0259rin delimitasiya v\u0259 demarkasiyas\u0131, ard\u0131nca s\u0259rh\u0259d pozuculu\u011fu, \u0130ran\u0131n ritorikas\u0131nda ikim\u0259nal\u0131 v\u0259 diplomatik ifad\u0259l\u0259rd\u0259n \u00e7ox, birba\u015fa, birm\u0259nal\u0131, d\u00fc\u015fm\u0259nc\u0259sin\u0259 dan\u0131\u015fmas\u0131 diqq\u0259t \u00e7\u0259kir.<\/p>\n<p><strong>B\u0259s Zonnur transregional q\u00fcvv\u0259l\u0259r dey\u0259rk\u0259n n\u0259yi n\u0259z\u0259rd\u0259 tutur?<\/strong><\/p>\n<p>Burada \u00fc\u00e7 versiya \u00f6n\u0259 \u00e7\u0131x\u0131r:<\/p>\n<p>Birincisi, \u0130ran T\u00fcrkiy\u0259nin yeni m\u0259rh\u0259l\u0259d\u0259ki g\u00fcc potensial\u0131n\u0131 d\u0259y\u0259rl\u0259ndirir v\u0259 bunun qar\u015f\u0131s\u0131n\u0131 almaq ist\u0259yir.<\/p>\n<p>\u0130kincisi, regionda ba\u015f ver\u0259nl\u0259r b\u00f6y\u00fck g\u00fccl\u0259rin d\u0259 maraq dair\u0259sind\u0259 \u0259h\u0259miyy\u0259tli d\u0259y\u0259r qazan\u0131b v\u0259 AB\u015e-\u0131n f\u0259aliyy\u0259ti aktiv fazaya ke\u00e7ib.<\/p>\n<p>\u00dc\u00e7\u00fcnc\u00fcs\u00fc, Tehran Az\u0259rbaycan\u0131n da g\u00fccl\u00fc d\u00f6vl\u0259t olmas\u0131n\u0131 h\u0259zm ed\u0259 bilmir v\u0259 regionda ist\u0259r Rusiyan\u0131n, ist\u0259rs\u0259 d\u0259 Va\u015finqtonun maraqlar\u0131 Bak\u0131n\u0131n siyas\u0259ti il\u0259 uzla\u015fd\u0131r\u0131l\u0131r, burada maraqlar balansla\u015fd\u0131r\u0131l\u0131r ki, Tehran bunlar\u0131 narahatl\u0131qla izl\u0259yir.<\/p>\n<p><img src=\"https:\/\/cdn.oxu.az\/uploads\/W1siZiIsIjIwMjEvMDUvMjAvMTEvNDUvMTEvM2M3ZTEyODEtZTNkYS00ODkzLTkyY2ItNzE3N2JiMzE3NDI4L3pvbm5vdXIuanBnIl0sWyJwIiwiZW5jb2RlIiwianBnIiwiLXF1YWxpdHkgODAiXSxbInAiLCJ0aHVtYiIsIjU5MHg1OTBcdTAwM2UiXV0?sha=d9b75cd07ec8e13b\" alt=\"\" \/><\/p>\n<p>Dig\u0259r diqq\u0259t edil\u0259si bir m\u0259qam is\u0259 m\u0259hz \u0130ran\u0131n t\u0259hdid ritorikas\u0131ndan sonra AB\u015e D\u00f6vl\u0259t Departamentinin AB\u015e v\u0259t\u0259nda\u015flar\u0131n\u0131 Az\u0259rbaycana v\u0259 Erm\u0259nistana getm\u0259m\u0259yi t\u00f6vsiy\u0259 etm\u0259si, bunu terror t\u0259hl\u00fck\u0259si il\u0259 \u0259laq\u0259l\u0259ndirm\u0259sidir.<\/p>\n<p>Britaniya da v\u0259t\u0259nda\u015flar\u0131na Erm\u0259nistan\u0131n Tavu\u015f vilay\u0259tin\u0259 getm\u0259m\u0259yi t\u00f6vsiy\u0259 edib.<\/p>\n<p>Bir s\u00f6zl\u0259, hadis\u0259l\u0259rin arxas\u0131ndan b\u00f6y\u00fck geosiyasi maraqlar boyland\u0131\u011f\u0131n\u0131 v\u0259 yaranm\u0131\u015f f\u00fcrs\u0259tl\u0259rd\u0259n maksimum yararlanmaq siyas\u0259tinin oldu\u011fu g\u00f6r\u00fcn\u00fcr.<\/p>\n<p>Ona g\u00f6r\u0259 d\u0259, \u0130ran Q\u0259rbin d\u0259 C\u0259nubi Qafqazdak\u0131 f\u0259aliyy\u0259t dair\u0259sini geni\u015fl\u0259ndirm\u0259sind\u0259n b\u0259rk qorxuya d\u00fc\u015f\u00fcb.<\/p>\n<p>Az\u0259rbaycan\u0131n 2021-ci ild\u0259 iki d\u0259f\u0259 antiterror t\u0259liml\u0259ri ke\u00e7irm\u0259si h\u0259m erm\u0259nil\u0259rin ba\u015f\u0131n\u0131n tamamil\u0259 \u0259zilm\u0259sin\u0259 hesablan\u0131b. Lakin AB\u015e-\u0131n x\u0259b\u0259rdarl\u0131\u011f\u0131 fonunda bunu analiz ets\u0259k, dem\u0259k m\u00fcmk\u00fcnd\u00fcr ki, bu, h\u0259m d\u0259 terror t\u0259hdidl\u0259rin\u0259 qar\u015f\u0131 ciddi m\u0259\u015fql\u0259rdir.<\/p>\n<p>\u0130ran\u0131n narahatl\u0131\u011f\u0131 fonunda is\u0259 bir qrup iranl\u0131 general\u0131n \u0130r\u0259vana s\u0259f\u0259rini diqq\u0259td\u0259n k\u0259narda saxlamaq olmaz.<\/p>\n<p>\u0130ran indi Erm\u0259nistanla m\u00fcnasib\u0259tl\u0259rini m\u00f6hk\u0259ml\u0259tm\u0259y\u0259, bununla da strateji m\u00fctt\u0259fiqlik \u0259laq\u0259l\u0259ri yaratma\u011f\u0131 qar\u015f\u0131s\u0131na m\u0259qs\u0259d qoyub.<\/p>\n<p><strong>B\u00fct\u00fcn bunlardan \u00e7\u0131xar\u0131lan n\u0259tic\u0259l\u0259r:<\/strong><\/p>\n<p><em>1. Az\u0259rbaycan\u0131n g\u00fccl\u0259nm\u0259si \u0130ran kimi qon\u015funu q\u0259z\u0259bl\u0259ndirir<\/em><\/p>\n<p><em>2. Az\u0259rbaycan milli maraqlar\u0131n\u0131 \u00fcst\u00fcn m\u00f6vqey\u0259 \u00e7\u0131xar\u0131r, lakin bundan faydalanmaq ist\u0259y\u0259n g\u00fccl\u0259r var.<\/em><\/p>\n<p><em>3. Az\u0259rbaycan \u00fc\u00e7\u00fcn b\u00fct\u00fcn m\u00fcmk\u00fcn t\u0259hdid v\u0259 t\u0259hl\u00fck\u0259l\u0259rin qar\u015f\u0131s\u0131n\u0131n vaxt\u0131nda al\u0131nmas\u0131n\u0131 prioritetdir.\u00a0<\/em><\/p>\n","protected":false},"excerpt":{"rendered":"<p>Az\u0259rbaycanla Erm\u0259nistan aras\u0131ndak\u0131 s\u0259rh\u0259dl\u0259rin m\u00fc\u0259yy\u0259nl\u0259\u015fdirilm\u0259si fonunda c\u0259r\u0259yan ed\u0259n prosesl\u0259r onu dem\u0259y\u0259 \u0259sas verir ki, haz\u0131rk\u0131 v\u0259ziyy\u0259t m\u00fcharib\u0259d\u0259n \u00f6nc\u0259ki durumdan da k\u00f6vr\u0259k dayaqlar \u00fcz\u0259rind\u0259dir. M\u0259lumatlara, a\u00e7\u0131qlamalara, x\u0259b\u0259rdarl\u0131qlara z\u0259ncirin h\u0259lq\u0259l\u0259ri kimi n\u0259z\u0259r yetirm\u0259k laz\u0131md\u0131r \u2013 burada bir s\u0131ra maraql\u0131 m\u0259qamlar ortaya \u00e7\u0131x\u0131r v\u0259 ard\u0131c\u0131ll\u0131q bunlar\u0131n bir-biril\u0259 \u0259laq\u0259li oldu\u011funu g\u00f6st\u0259rir. Erm\u0259nistanla s\u0259rh\u0259dl\u0259rin m\u00fc\u0259yy\u0259nl\u0259\u015fdirildiyi bir zamanda c\u0259nub s\u0259rh\u0259dl\u0259rind\u0259 iranl\u0131 v\u0259t\u0259nda\u015flar\u0131n t\u0259xribat\u0131, Az\u0259rbaycan\u0131n iki s\u0259rh\u0259d\u00e7isinin \u015f\u0259hid olmas\u0131 ilk bax\u0131\u015fda adi s\u0259rh\u0259d pozuculu\u011funun n\u0259tic\u0259si kimi q\u0259l\u0259m\u0259 veril\u0259 bil\u0259r, el\u0259 r\u0259smi versiya da bu fikri tirajlay\u0131r. Lakin bunun ard\u0131nca \u0130ran parlamentinin Milli t\u0259hl\u00fck\u0259sizlik v\u0259 xarici siyas\u0259t komit\u0259sinin&hellip;<\/p>\n","protected":false},"author":2,"featured_media":339158,"comment_status":"closed","ping_status":"closed","sticky":false,"template":"","format":"standard","meta":{"om_disable_all_campaigns":false,"_monsterinsights_skip_tracking":false,"_monsterinsights_sitenote_active":false,"_monsterinsights_sitenote_note":"","_monsterinsights_sitenote_category":0},"categories":[4],"tags":[],"aioseo_notices":[],"gutentor_comment":0,"rttpg_featured_image_url":{"full":["https:\/\/arantv.az\/wp-content\/uploads\/2021\/05\/1_9PFVwaivtMEPLU0ZjrlIyQ@2x.jpg",620,414,false],"landscape":["https:\/\/arantv.az\/wp-content\/uploads\/2021\/05\/1_9PFVwaivtMEPLU0ZjrlIyQ@2x.jpg",620,414,false],"portraits":["https:\/\/arantv.az\/wp-content\/uploads\/2021\/05\/1_9PFVwaivtMEPLU0ZjrlIyQ@2x.jpg",620,414,false],"thumbnail":["https:\/\/arantv.az\/wp-content\/uploads\/2021\/05\/1_9PFVwaivtMEPLU0ZjrlIyQ@2x-500x280.jpg",500,280,true],"medium":["https:\/\/arantv.az\/wp-content\/uploads\/2021\/05\/1_9PFVwaivtMEPLU0ZjrlIyQ@2x-547x365.jpg",547,365,true],"large":["https:\/\/arantv.az\/wp-content\/uploads\/2021\/05\/1_9PFVwaivtMEPLU0ZjrlIyQ@2x.jpg",620,414,false],"1536x1536":["https:\/\/arantv.az\/wp-content\/uploads\/2021\/05\/1_9PFVwaivtMEPLU0ZjrlIyQ@2x.jpg",620,414,false],"2048x2048":["https:\/\/arantv.az\/wp-content\/uploads\/2021\/05\/1_9PFVwaivtMEPLU0ZjrlIyQ@2x.jpg",620,414,false],"post-thumbnail":["https:\/\/arantv.az\/wp-content\/uploads\/2021\/05\/1_9PFVwaivtMEPLU0ZjrlIyQ@2x-240x172.jpg",240,172,true],"advps-thumb-one":["https:\/\/arantv.az\/wp-content\/uploads\/2021\/05\/1_9PFVwaivtMEPLU0ZjrlIyQ@2x.jpg",620,414,false]},"rttpg_author":{"display_name":"V\u00fcsal Rafiqo\u011flu","author_link":"https:\/\/arantv.az\/?author=2"},"rttpg_comment":0,"rttpg_category":"<a href=\"https:\/\/arantv.az\/?cat=4\" rel=\"category\">Siyas\u0259t<\/a>","rttpg_excerpt":"Az\u0259rbaycanla Erm\u0259nistan aras\u0131ndak\u0131 s\u0259rh\u0259dl\u0259rin m\u00fc\u0259yy\u0259nl\u0259\u015fdirilm\u0259si fonunda c\u0259r\u0259yan ed\u0259n prosesl\u0259r onu dem\u0259y\u0259 \u0259sas verir ki, haz\u0131rk\u0131 v\u0259ziyy\u0259t m\u00fcharib\u0259d\u0259n \u00f6nc\u0259ki durumdan da k\u00f6vr\u0259k dayaqlar \u00fcz\u0259rind\u0259dir. M\u0259lumatlara, a\u00e7\u0131qlamalara, x\u0259b\u0259rdarl\u0131qlara z\u0259ncirin h\u0259lq\u0259l\u0259ri kimi n\u0259z\u0259r yetirm\u0259k laz\u0131md\u0131r \u2013 burada bir s\u0131ra maraql\u0131 m\u0259qamlar ortaya \u00e7\u0131x\u0131r v\u0259 ard\u0131c\u0131ll\u0131q bunlar\u0131n bir-biril\u0259 \u0259laq\u0259li oldu\u011funu g\u00f6st\u0259rir. Erm\u0259nistanla s\u0259rh\u0259dl\u0259rin m\u00fc\u0259yy\u0259nl\u0259\u015fdirildiyi bir zamanda c\u0259nub s\u0259rh\u0259dl\u0259rind\u0259 iranl\u0131&hellip;","_links":{"self":[{"href":"https:\/\/arantv.az\/index.php?rest_route=\/wp\/v2\/posts\/339157"}],"collection":[{"href":"https:\/\/arantv.az\/index.php?rest_route=\/wp\/v2\/posts"}],"about":[{"href":"https:\/\/arantv.az\/index.php?rest_route=\/wp\/v2\/types\/post"}],"author":[{"embeddable":true,"href":"https:\/\/arantv.az\/index.php?rest_route=\/wp\/v2\/users\/2"}],"replies":[{"embeddable":true,"href":"https:\/\/arantv.az\/index.php?rest_route=%2Fwp%2Fv2%2Fcomments&post=339157"}],"version-history":[{"count":0,"href":"https:\/\/arantv.az\/index.php?rest_route=\/wp\/v2\/posts\/339157\/revisions"}],"wp:featuredmedia":[{"embeddable":true,"href":"https:\/\/arantv.az\/index.php?rest_route=\/wp\/v2\/media\/339158"}],"wp:attachment":[{"href":"https:\/\/arantv.az\/index.php?rest_route=%2Fwp%2Fv2%2Fmedia&parent=339157"}],"wp:term":[{"taxonomy":"category","embeddable":true,"href":"https:\/\/arantv.az\/index.php?rest_route=%2Fwp%2Fv2%2Fcategories&post=339157"},{"taxonomy":"post_tag","embeddable":true,"href":"https:\/\/arantv.az\/index.php?rest_route=%2Fwp%2Fv2%2Ftags&post=339157"}],"curies":[{"name":"wp","href":"https:\/\/api.w.org\/{rel}","templated":true}]}}