{"id":33935,"date":"2019-01-22T09:28:17","date_gmt":"2019-01-22T06:28:17","guid":{"rendered":"http:\/\/arantv.az\/?p=33935"},"modified":"2019-01-22T09:28:17","modified_gmt":"2019-01-22T06:28:17","slug":"bakida-kuc%c9%99d%c9%99-s%c9%99hh%c9%99ti-pisl%c9%99s%c9%99n-kisi-x%c9%99st%c9%99xanada-oldu","status":"publish","type":"post","link":"https:\/\/arantv.az\/?p=33935","title":{"rendered":"Bak\u0131da k\u00fc\u00e7\u0259d\u0259 s\u0259hh\u0259ti pisl\u0259\u015f\u0259n ki\u015fi x\u0259st\u0259xanada \u00f6ld\u00fc"},"content":{"rendered":"<p><strong>Bak\u0131da k\u00fc\u00e7\u0259d\u0259 50-55 ya\u015fl\u0131 bir ki\u015finin q\u0259fil hal\u0131 pisl\u0259\u015fib.<\/strong><\/p>\n<p><strong>ARANTV.AZ\u00a0<\/strong> qafqazinfo-ya istinad\u0259n x\u0259b\u0259r verir ki, 50-55 ya\u015fl\u0131 ki\u015fi yanvar\u0131n 21-d\u0259, s\u0259h\u0259r saat 07 rad\u0259l\u0259rind\u0259 Qara Qarayev prospektind\u0259 s\u0259kid\u0259n tap\u0131l\u0131b. O, 3 sayl\u0131 \u015e\u0259h\u0259r Klinik X\u0259st\u0259xanas\u0131na yerl\u0259\u015fdirilib v\u0259 10 d\u0259qiq\u0259 sonra reanimasiyada v\u0259fat edib.<\/p>\n<p>Onun \u0259ll\u0259rind\u0259, ayaqlar\u0131nda, \u00e7iyinl\u0259rind\u0259, sin\u0259sind\u0259, k\u00fcr\u0259yind\u0259 c\u0259za\u00e7\u0259km\u0259 m\u00fc\u0259ssis\u0259si jarqonlar\u0131na aid d\u00f6ym\u0259l\u0259r, h\u0259r iki qolunun i\u00e7 s\u0259thind\u0259 k\u00f6hn\u0259lmi\u015f \u00e7oxsayl\u0131 k\u0259sikl\u0259r a\u015fkar olunub.<\/p>\n<p>\u00dcz\u0259rind\u0259 zorak\u0131 x\u0259sar\u0259tl\u0259r a\u015fkar edilm\u0259yib. \u00d6l\u00fcm\u00fcn s\u0259b\u0259binin m\u00fc\u0259yy\u0259n edilm\u0259si \u00fc\u00e7\u00fcn m\u0259hk\u0259m\u0259-tibbi ekspertizas\u0131 t\u0259yin edilib.<\/p>\n<p>Faktla ba\u011fl\u0131 Sabun\u00e7u Rayon Prokurorlu\u011funda ara\u015fd\u0131rma apar\u0131l\u0131r.<\/p>\n","protected":false},"excerpt":{"rendered":"<p>Bak\u0131da k\u00fc\u00e7\u0259d\u0259 50-55 ya\u015fl\u0131 bir ki\u015finin q\u0259fil hal\u0131 pisl\u0259\u015fib. ARANTV.AZ\u00a0 qafqazinfo-ya istinad\u0259n x\u0259b\u0259r verir ki, 50-55 ya\u015fl\u0131 ki\u015fi yanvar\u0131n 21-d\u0259, s\u0259h\u0259r saat 07 rad\u0259l\u0259rind\u0259 Qara Qarayev prospektind\u0259 s\u0259kid\u0259n tap\u0131l\u0131b. O, 3 sayl\u0131 \u015e\u0259h\u0259r Klinik X\u0259st\u0259xanas\u0131na yerl\u0259\u015fdirilib v\u0259 10 d\u0259qiq\u0259 sonra reanimasiyada v\u0259fat edib. Onun \u0259ll\u0259rind\u0259, ayaqlar\u0131nda, \u00e7iyinl\u0259rind\u0259, sin\u0259sind\u0259, k\u00fcr\u0259yind\u0259 c\u0259za\u00e7\u0259km\u0259 m\u00fc\u0259ssis\u0259si jarqonlar\u0131na aid d\u00f6ym\u0259l\u0259r, h\u0259r iki qolunun i\u00e7 s\u0259thind\u0259 k\u00f6hn\u0259lmi\u015f \u00e7oxsayl\u0131 k\u0259sikl\u0259r a\u015fkar olunub. \u00dcz\u0259rind\u0259 zorak\u0131 x\u0259sar\u0259tl\u0259r a\u015fkar edilm\u0259yib. \u00d6l\u00fcm\u00fcn s\u0259b\u0259binin m\u00fc\u0259yy\u0259n edilm\u0259si \u00fc\u00e7\u00fcn m\u0259hk\u0259m\u0259-tibbi ekspertizas\u0131 t\u0259yin edilib. Faktla ba\u011fl\u0131 Sabun\u00e7u Rayon Prokurorlu\u011funda ara\u015fd\u0131rma apar\u0131l\u0131r.<\/p>\n","protected":false},"author":2,"featured_media":33936,"comment_status":"closed","ping_status":"closed","sticky":false,"template":"","format":"standard","meta":{"om_disable_all_campaigns":false,"_monsterinsights_skip_tracking":false,"_monsterinsights_sitenote_active":false,"_monsterinsights_sitenote_note":"","_monsterinsights_sitenote_category":0},"categories":[5],"tags":[],"aioseo_notices":[],"gutentor_comment":0,"rttpg_featured_image_url":{"full":["https:\/\/arantv.az\/wp-content\/uploads\/2019\/01\/xestexana_0016666-2.jpg",482,361,false],"landscape":["https:\/\/arantv.az\/wp-content\/uploads\/2019\/01\/xestexana_0016666-2.jpg",482,361,false],"portraits":["https:\/\/arantv.az\/wp-content\/uploads\/2019\/01\/xestexana_0016666-2.jpg",482,361,false],"thumbnail":["https:\/\/arantv.az\/wp-content\/uploads\/2019\/01\/xestexana_0016666-2-150x150.jpg",150,150,true],"medium":["https:\/\/arantv.az\/wp-content\/uploads\/2019\/01\/xestexana_0016666-2-300x225.jpg",300,225,true],"large":["https:\/\/arantv.az\/wp-content\/uploads\/2019\/01\/xestexana_0016666-2.jpg",482,361,false],"1536x1536":["https:\/\/arantv.az\/wp-content\/uploads\/2019\/01\/xestexana_0016666-2.jpg",482,361,false],"2048x2048":["https:\/\/arantv.az\/wp-content\/uploads\/2019\/01\/xestexana_0016666-2.jpg",482,361,false],"post-thumbnail":["https:\/\/arantv.az\/wp-content\/uploads\/2019\/01\/xestexana_0016666-2-240x172.jpg",240,172,true],"advps-thumb-one":["https:\/\/arantv.az\/wp-content\/uploads\/2019\/01\/xestexana_0016666-2.jpg",482,361,false]},"rttpg_author":{"display_name":"V\u00fcsal Rafiqo\u011flu","author_link":"https:\/\/arantv.az\/?author=2"},"rttpg_comment":0,"rttpg_category":"<a href=\"https:\/\/arantv.az\/?cat=5\" rel=\"category\">Hadis\u0259<\/a>","rttpg_excerpt":"Bak\u0131da k\u00fc\u00e7\u0259d\u0259 50-55 ya\u015fl\u0131 bir ki\u015finin q\u0259fil hal\u0131 pisl\u0259\u015fib. ARANTV.AZ\u00a0 qafqazinfo-ya istinad\u0259n x\u0259b\u0259r verir ki, 50-55 ya\u015fl\u0131 ki\u015fi yanvar\u0131n 21-d\u0259, s\u0259h\u0259r saat 07 rad\u0259l\u0259rind\u0259 Qara Qarayev prospektind\u0259 s\u0259kid\u0259n tap\u0131l\u0131b. O, 3 sayl\u0131 \u015e\u0259h\u0259r Klinik X\u0259st\u0259xanas\u0131na yerl\u0259\u015fdirilib v\u0259 10 d\u0259qiq\u0259 sonra reanimasiyada v\u0259fat edib. Onun \u0259ll\u0259rind\u0259, ayaqlar\u0131nda, \u00e7iyinl\u0259rind\u0259, sin\u0259sind\u0259, k\u00fcr\u0259yind\u0259 c\u0259za\u00e7\u0259km\u0259 m\u00fc\u0259ssis\u0259si jarqonlar\u0131na aid d\u00f6ym\u0259l\u0259r, h\u0259r&hellip;","_links":{"self":[{"href":"https:\/\/arantv.az\/index.php?rest_route=\/wp\/v2\/posts\/33935"}],"collection":[{"href":"https:\/\/arantv.az\/index.php?rest_route=\/wp\/v2\/posts"}],"about":[{"href":"https:\/\/arantv.az\/index.php?rest_route=\/wp\/v2\/types\/post"}],"author":[{"embeddable":true,"href":"https:\/\/arantv.az\/index.php?rest_route=\/wp\/v2\/users\/2"}],"replies":[{"embeddable":true,"href":"https:\/\/arantv.az\/index.php?rest_route=%2Fwp%2Fv2%2Fcomments&post=33935"}],"version-history":[{"count":0,"href":"https:\/\/arantv.az\/index.php?rest_route=\/wp\/v2\/posts\/33935\/revisions"}],"wp:featuredmedia":[{"embeddable":true,"href":"https:\/\/arantv.az\/index.php?rest_route=\/wp\/v2\/media\/33936"}],"wp:attachment":[{"href":"https:\/\/arantv.az\/index.php?rest_route=%2Fwp%2Fv2%2Fmedia&parent=33935"}],"wp:term":[{"taxonomy":"category","embeddable":true,"href":"https:\/\/arantv.az\/index.php?rest_route=%2Fwp%2Fv2%2Fcategories&post=33935"},{"taxonomy":"post_tag","embeddable":true,"href":"https:\/\/arantv.az\/index.php?rest_route=%2Fwp%2Fv2%2Ftags&post=33935"}],"curies":[{"name":"wp","href":"https:\/\/api.w.org\/{rel}","templated":true}]}}