{"id":33944,"date":"2019-01-22T09:34:24","date_gmt":"2019-01-22T06:34:24","guid":{"rendered":"http:\/\/arantv.az\/?p=33944"},"modified":"2019-01-22T09:34:24","modified_gmt":"2019-01-22T06:34:24","slug":"strasburqda-avropa-surasi-parlament-assambleyasinin-qis-sessiyasi-baslayib","status":"publish","type":"post","link":"https:\/\/arantv.az\/?p=33944","title":{"rendered":"Strasburqda Avropa \u015euras\u0131 Parlament Assambleyas\u0131n\u0131n q\u0131\u015f sessiyas\u0131 ba\u015flay\u0131b"},"content":{"rendered":"<p><strong>ARANTV.AZ<\/strong> x\u0259b\u0259r verir ki, Strasburqda Avropa \u015euras\u0131 Parlament Assambleyas\u0131n\u0131n q\u0131\u015f sessiyas\u0131 ba\u015flay\u0131b. Sessiyada b\u00fct\u00fcn Avropa \u00fc\u00e7\u00fcn m\u00fch\u00fcm \u0259h\u0259miyy\u0259t k\u0259sb ed\u0259n bir s\u0131ra m\u0259s\u0259l\u0259l\u0259rin m\u00fczakir\u0259si n\u0259z\u0259rd\u0259 tutulub.<\/p>\n<p>\u0130clas\u0131n \u0259vlind\u0259 Assambleya \u00fczvl\u0259ri qurumun n\u00f6vb\u0259ti r\u0259hb\u0259rini m\u00fc\u0259yy\u0259n etm\u0259k \u00fc\u00e7\u00fcn s\u0259s verdil\u0259r. \u0130sve\u00e7 Parlamentinin \u00fczv\u00fc Lilian Mauri-Paskie yenid\u0259n Avropa \u015euras\u0131 Parlament Assambleyas\u0131n\u0131n prezidenti se\u00e7ildi. Q\u0131\u015f sessiyas\u0131n\u0131n ilk g\u00fcn\u00fcnd\u0259ki m\u00fczakir\u0259l\u0259rd\u0259 h\u0259m\u00e7inin Erm\u0259nistanda dekabr\u0131n 9-da ke\u00e7irilmi\u015f n\u00f6vb\u0259d\u0259nk\u0259nar parlament se\u00e7kil\u0259ri il\u0259 ba\u011fl\u0131 m\u0259ruz\u0259 dinl\u0259nildi. M\u0259ruz\u0259d\u0259n m\u0259lum oldu ki, Avropa \u015euras\u0131 Parlament Assambleyas\u0131 ikili staandartlara d\u0131rnaqaras\u0131 sadiqliyini davam etdirir. Pol\u015fal\u0131 parlamentari Aleksander Po\u00e7ey haz\u0131rlad\u0131\u011f\u0131 m\u0259ruz\u0259d\u0259 Erm\u0259nistandak\u0131 n\u00f6vb\u0259d\u0259nk\u0259nar se\u00e7kil\u0259rd\u0259 qeyd\u0259 al\u0131nan bir s\u0131ra qanun pozuntular\u0131ndan soz a\u00e7sa da s\u0259sverm\u0259d\u0259ki total saxtakarl\u0131q, se\u00e7ici h\u00fcquqlar\u0131n\u0131n m\u0259hdudla\u015fd\u0131r\u0131lmas\u0131, s\u0259sverm\u0259 m\u0259nt\u0259q\u0259l\u0259rind\u0259 polis zorak\u0131l\u0131\u011f\u0131 kimi faktlar\u0131n \u00fcz\u0259rind\u0259n s\u00fckutla ke\u00e7di. \u018fks\u0259riyy\u0259ti cinay\u0259t t\u0259rkibli olan bu pozuntular diqq\u0259td\u0259n k\u0259narda qald\u0131. Se\u00e7icil\u0259rin yar\u0131s\u0131ndan da az\u0131n\u0131n &#8211; c\u0259mi 48,6 faizinin s\u0259sverm\u0259d\u0259 i\u015ftirak etm\u0259si v\u0259 bu minvalla Pa\u015finyan hakimiyy\u0259tin\u0259 inams\u0131zl\u0131q n\u00fcmayi\u015f etdirm\u0259si d\u0259 n\u0259d\u0259ns\u0259 m\u0259ruz\u0259d\u0259 \u00f6z \u0259ksini tapmad\u0131.\u00a0 Avropal\u0131 parlamentaril\u0259r \u00f6zl\u0259ri d\u0259 etiraf edir ki, qurumun Erm\u0259nistandak\u0131 ciddi h\u00fcquq pozuntular\u0131 haqq\u0131nda susmas\u0131, Az\u0259rbaycanla ba\u011fl\u0131 is\u0259 \u0259n x\u0131rda m\u0259s\u0259l\u0259l\u0259rin \u015fi\u015firdilib m\u00fczakir\u0259y\u0259 \u00e7\u0131xard\u0131lmas\u0131 he\u00e7 bir m\u0259ntiqi izaha s\u0131\u011f\u0131m\u0131r.<\/p>\n<p>Erm\u0259nistandak\u0131 parlament se\u00e7kil\u0259rind\u0259ki ciddi qanun pozuntular\u0131 ilk n\u00f6vb\u0259d\u0259 el\u0259 Avropa \u015euras\u0131 Parlament Assambleyas\u0131n\u0131 narahat etm\u0259li idi. Ax\u0131 Erm\u0259nistan parlamentin\u0259 saxta yolla se\u00e7ilmi\u015f deputatlar\u0131n bir qismi Assambleyaya da mandat qazan\u0131b. \u00d6z xalq\u0131n\u0131n etimad\u0131n\u0131 qazana bilm\u0259y\u0259n bu saxtakarlara, b\u00fct\u00fcn Qit\u0259 \u00fc\u00e7\u00fcn m\u00fch\u00fcm q\u0259rarlar\u0131n q\u0259bul edilm\u0259sind\u0259 i\u015ftirak h\u00fcququnu nec\u0259 etibar etm\u0259k olar?!<\/p>\n","protected":false},"excerpt":{"rendered":"<p>ARANTV.AZ x\u0259b\u0259r verir ki, Strasburqda Avropa \u015euras\u0131 Parlament Assambleyas\u0131n\u0131n q\u0131\u015f sessiyas\u0131 ba\u015flay\u0131b. Sessiyada b\u00fct\u00fcn Avropa \u00fc\u00e7\u00fcn m\u00fch\u00fcm \u0259h\u0259miyy\u0259t k\u0259sb ed\u0259n bir s\u0131ra m\u0259s\u0259l\u0259l\u0259rin m\u00fczakir\u0259si n\u0259z\u0259rd\u0259 tutulub. \u0130clas\u0131n \u0259vlind\u0259 Assambleya \u00fczvl\u0259ri qurumun n\u00f6vb\u0259ti r\u0259hb\u0259rini m\u00fc\u0259yy\u0259n etm\u0259k \u00fc\u00e7\u00fcn s\u0259s verdil\u0259r. \u0130sve\u00e7 Parlamentinin \u00fczv\u00fc Lilian Mauri-Paskie yenid\u0259n Avropa \u015euras\u0131 Parlament Assambleyas\u0131n\u0131n prezidenti se\u00e7ildi. Q\u0131\u015f sessiyas\u0131n\u0131n ilk g\u00fcn\u00fcnd\u0259ki m\u00fczakir\u0259l\u0259rd\u0259 h\u0259m\u00e7inin Erm\u0259nistanda dekabr\u0131n 9-da ke\u00e7irilmi\u015f n\u00f6vb\u0259d\u0259nk\u0259nar parlament se\u00e7kil\u0259ri il\u0259 ba\u011fl\u0131 m\u0259ruz\u0259 dinl\u0259nildi. M\u0259ruz\u0259d\u0259n m\u0259lum oldu ki, Avropa \u015euras\u0131 Parlament Assambleyas\u0131 ikili staandartlara d\u0131rnaqaras\u0131 sadiqliyini davam etdirir. Pol\u015fal\u0131 parlamentari Aleksander Po\u00e7ey haz\u0131rlad\u0131\u011f\u0131 m\u0259ruz\u0259d\u0259 Erm\u0259nistandak\u0131 n\u00f6vb\u0259d\u0259nk\u0259nar se\u00e7kil\u0259rd\u0259&hellip;<\/p>\n","protected":false},"author":2,"featured_media":33945,"comment_status":"closed","ping_status":"closed","sticky":false,"template":"","format":"standard","meta":{"om_disable_all_campaigns":false,"_monsterinsights_skip_tracking":false,"_monsterinsights_sitenote_active":false,"_monsterinsights_sitenote_note":"","_monsterinsights_sitenote_category":0},"categories":[4],"tags":[],"aioseo_notices":[],"gutentor_comment":0,"rttpg_featured_image_url":{"full":["https:\/\/arantv.az\/wp-content\/uploads\/2019\/01\/b0j13986pnej2ij6cl2ponm5o1aspa-me.jpg",660,440,false],"landscape":["https:\/\/arantv.az\/wp-content\/uploads\/2019\/01\/b0j13986pnej2ij6cl2ponm5o1aspa-me.jpg",660,440,false],"portraits":["https:\/\/arantv.az\/wp-content\/uploads\/2019\/01\/b0j13986pnej2ij6cl2ponm5o1aspa-me.jpg",660,440,false],"thumbnail":["https:\/\/arantv.az\/wp-content\/uploads\/2019\/01\/b0j13986pnej2ij6cl2ponm5o1aspa-me-150x150.jpg",150,150,true],"medium":["https:\/\/arantv.az\/wp-content\/uploads\/2019\/01\/b0j13986pnej2ij6cl2ponm5o1aspa-me-300x200.jpg",300,200,true],"large":["https:\/\/arantv.az\/wp-content\/uploads\/2019\/01\/b0j13986pnej2ij6cl2ponm5o1aspa-me.jpg",640,427,false],"1536x1536":["https:\/\/arantv.az\/wp-content\/uploads\/2019\/01\/b0j13986pnej2ij6cl2ponm5o1aspa-me.jpg",660,440,false],"2048x2048":["https:\/\/arantv.az\/wp-content\/uploads\/2019\/01\/b0j13986pnej2ij6cl2ponm5o1aspa-me.jpg",660,440,false],"post-thumbnail":["https:\/\/arantv.az\/wp-content\/uploads\/2019\/01\/b0j13986pnej2ij6cl2ponm5o1aspa-me-240x172.jpg",240,172,true],"advps-thumb-one":["https:\/\/arantv.az\/wp-content\/uploads\/2019\/01\/b0j13986pnej2ij6cl2ponm5o1aspa-me.jpg",660,440,false]},"rttpg_author":{"display_name":"V\u00fcsal Rafiqo\u011flu","author_link":"https:\/\/arantv.az\/?author=2"},"rttpg_comment":0,"rttpg_category":"<a href=\"https:\/\/arantv.az\/?cat=4\" rel=\"category\">Siyas\u0259t<\/a>","rttpg_excerpt":"ARANTV.AZ x\u0259b\u0259r verir ki, Strasburqda Avropa \u015euras\u0131 Parlament Assambleyas\u0131n\u0131n q\u0131\u015f sessiyas\u0131 ba\u015flay\u0131b. Sessiyada b\u00fct\u00fcn Avropa \u00fc\u00e7\u00fcn m\u00fch\u00fcm \u0259h\u0259miyy\u0259t k\u0259sb ed\u0259n bir s\u0131ra m\u0259s\u0259l\u0259l\u0259rin m\u00fczakir\u0259si n\u0259z\u0259rd\u0259 tutulub. \u0130clas\u0131n \u0259vlind\u0259 Assambleya \u00fczvl\u0259ri qurumun n\u00f6vb\u0259ti r\u0259hb\u0259rini m\u00fc\u0259yy\u0259n etm\u0259k \u00fc\u00e7\u00fcn s\u0259s verdil\u0259r. \u0130sve\u00e7 Parlamentinin \u00fczv\u00fc Lilian Mauri-Paskie yenid\u0259n Avropa \u015euras\u0131 Parlament Assambleyas\u0131n\u0131n prezidenti se\u00e7ildi. Q\u0131\u015f sessiyas\u0131n\u0131n ilk g\u00fcn\u00fcnd\u0259ki m\u00fczakir\u0259l\u0259rd\u0259&hellip;","_links":{"self":[{"href":"https:\/\/arantv.az\/index.php?rest_route=\/wp\/v2\/posts\/33944"}],"collection":[{"href":"https:\/\/arantv.az\/index.php?rest_route=\/wp\/v2\/posts"}],"about":[{"href":"https:\/\/arantv.az\/index.php?rest_route=\/wp\/v2\/types\/post"}],"author":[{"embeddable":true,"href":"https:\/\/arantv.az\/index.php?rest_route=\/wp\/v2\/users\/2"}],"replies":[{"embeddable":true,"href":"https:\/\/arantv.az\/index.php?rest_route=%2Fwp%2Fv2%2Fcomments&post=33944"}],"version-history":[{"count":0,"href":"https:\/\/arantv.az\/index.php?rest_route=\/wp\/v2\/posts\/33944\/revisions"}],"wp:featuredmedia":[{"embeddable":true,"href":"https:\/\/arantv.az\/index.php?rest_route=\/wp\/v2\/media\/33945"}],"wp:attachment":[{"href":"https:\/\/arantv.az\/index.php?rest_route=%2Fwp%2Fv2%2Fmedia&parent=33944"}],"wp:term":[{"taxonomy":"category","embeddable":true,"href":"https:\/\/arantv.az\/index.php?rest_route=%2Fwp%2Fv2%2Fcategories&post=33944"},{"taxonomy":"post_tag","embeddable":true,"href":"https:\/\/arantv.az\/index.php?rest_route=%2Fwp%2Fv2%2Ftags&post=33944"}],"curies":[{"name":"wp","href":"https:\/\/api.w.org\/{rel}","templated":true}]}}