{"id":33947,"date":"2019-01-22T09:35:45","date_gmt":"2019-01-22T06:35:45","guid":{"rendered":"http:\/\/arantv.az\/?p=33947"},"modified":"2019-01-22T09:35:45","modified_gmt":"2019-01-22T06:35:45","slug":"20-yanvar-s%c9%99hidl%c9%99rinin-xatir%c9%99si-berlind%c9%99-anilib","status":"publish","type":"post","link":"https:\/\/arantv.az\/?p=33947","title":{"rendered":"20 Yanvar \u015f\u0259hidl\u0259rinin xatir\u0259si Berlind\u0259 an\u0131l\u0131b"},"content":{"rendered":"<p><strong>ARANTV.AZ<\/strong> x\u0259b\u0259r verir ki, 20 Yanvar faci\u0259si yaln\u0131z xalq\u0131m\u0131za qar\u015f\u0131 deyil, \u00fcmumilikd\u0259 b\u0259\u015f\u0259riyy\u0259t\u0259 qar\u015f\u0131 t\u00f6r\u0259dil\u0259n cinay\u0259tdir. Bu bar\u0259d\u0259<strong>\u00a0<\/strong>Berlind\u0259 20 Yanvar faci\u0259sinin 29-cu ild\u00f6n\u00fcm\u00fc il\u0259 ba\u011fl\u0131 ke\u00e7iril\u0259n t\u0259dbird\u0259 bildirilib.<\/p>\n<p>Berlinin Humboldt Universitetind\u0259 Az\u0259rbaycan Tarixi Kafedras\u0131n\u0131n t\u0259\u015fkilat\u00e7\u0131l\u0131\u011f\u0131 v\u0259 Az\u0259rbaycan\u0131n Almaniyadak\u0131 S\u0259firliyinin d\u0259st\u0259yi il\u0259 20 Yanvar faci\u0259sinin 29-cu ild\u00f6n\u00fcm\u00fcn\u0259 h\u0259sr olunmu\u015f t\u0259dbir \u015f\u0259hidl\u0259rin xatir\u0259sini yad etm\u0259kl\u0259 ba\u015flad\u0131. 20 Yanvar gec\u0259si Sovet r\u0259hb\u0259rliyinin Bak\u0131 \u015f\u0259h\u0259rind\u0259 dinc insanlara qar\u015f\u0131 g\u00f6nd\u0259rdiyi h\u0259rbi birl\u0259\u015fm\u0259l\u0259r m\u00fclki \u0259halini amans\u0131zcas\u0131na q\u0259tl\u0259 yetirib. Bu bar\u0259d\u0259 dan\u0131\u015fan Berlinin Humboldt Universitetinin \u201cAz\u0259rbaycan tarixi\u201d kafedras\u0131n\u0131n r\u0259hb\u0259ri Eva-Maria Aux o hadis\u0259l\u0259r haqq\u0131nda m\u0259lumat verdi, Sovet h\u0259rb ma\u015f\u0131n\u0131n Bak\u0131da t\u00f6r\u0259tdiyi cinay\u0259tl\u0259rd\u0259n dan\u0131\u015fd\u0131.<\/p>\n<p>Az\u0259rbaycan\u0131n Almaniyadak\u0131 s\u0259firi Ramin H\u0259s\u0259nov 1990-c\u0131 il yanvar\u0131n 20-d\u0259 Az\u0259rbaycanda ba\u015f ver\u0259n prosesl\u0259rd\u0259n dan\u0131\u015fd\u0131, \u00f6lk\u0259miz\u0259 qar\u015f\u0131 \u0259razi iddialar\u0131 ir\u0259li s\u00fcr\u0259n Erm\u0259nistan\u0131n t\u0259cav\u00fczkar h\u0259r\u0259k\u0259tl\u0259rind\u0259n v\u0259 ke\u00e7mi\u015f SSR\u0130 r\u0259hb\u0259rliyinin onlara havadarl\u0131\u011f\u0131ndan hidd\u0259tl\u0259n\u0259n, Bak\u0131n\u0131n k\u00fc\u00e7\u0259l\u0259rin\u0259 v\u0259 meydanlar\u0131na \u00e7\u0131xaraq buna \u00f6z q\u0259ti etiraz\u0131n\u0131 bildir\u0259n xalqa qar\u015f\u0131 Sovet ordusunun d\u00f6y\u00fc\u015f hiss\u0259l\u0259rinin yeridilm\u0259sinin Az\u0259rbaycanda misli g\u00f6r\u00fcnm\u0259mi\u015f faci\u0259y\u0259 g\u0259tirib \u00e7\u0131xard\u0131\u011f\u0131n\u0131 vur\u011fulad\u0131. Qeyd edildi ki, 20 Yanvar faci\u0259sin\u0259 ilk d\u0259f\u0259 h\u00fcquqi-siyasi qiym\u0259ti \u00fcmummilli lider Heyd\u0259r \u018fliyev verib.<\/p>\n<p>T\u0259dbirin sonunda\u00a0 \u201c20 yanvar\u201d hadis\u0259l\u0259rin\u0259 h\u0259sr olunan film n\u00fcmayi\u015f olundu,\u00a0 foto\u015f\u0259kill\u0259rd\u0259n ibar\u0259t s\u0259rgi il\u0259 tan\u0131\u015fl\u0131q oldu.<\/p>\n","protected":false},"excerpt":{"rendered":"<p>ARANTV.AZ x\u0259b\u0259r verir ki, 20 Yanvar faci\u0259si yaln\u0131z xalq\u0131m\u0131za qar\u015f\u0131 deyil, \u00fcmumilikd\u0259 b\u0259\u015f\u0259riyy\u0259t\u0259 qar\u015f\u0131 t\u00f6r\u0259dil\u0259n cinay\u0259tdir. Bu bar\u0259d\u0259\u00a0Berlind\u0259 20 Yanvar faci\u0259sinin 29-cu ild\u00f6n\u00fcm\u00fc il\u0259 ba\u011fl\u0131 ke\u00e7iril\u0259n t\u0259dbird\u0259 bildirilib. Berlinin Humboldt Universitetind\u0259 Az\u0259rbaycan Tarixi Kafedras\u0131n\u0131n t\u0259\u015fkilat\u00e7\u0131l\u0131\u011f\u0131 v\u0259 Az\u0259rbaycan\u0131n Almaniyadak\u0131 S\u0259firliyinin d\u0259st\u0259yi il\u0259 20 Yanvar faci\u0259sinin 29-cu ild\u00f6n\u00fcm\u00fcn\u0259 h\u0259sr olunmu\u015f t\u0259dbir \u015f\u0259hidl\u0259rin xatir\u0259sini yad etm\u0259kl\u0259 ba\u015flad\u0131. 20 Yanvar gec\u0259si Sovet r\u0259hb\u0259rliyinin Bak\u0131 \u015f\u0259h\u0259rind\u0259 dinc insanlara qar\u015f\u0131 g\u00f6nd\u0259rdiyi h\u0259rbi birl\u0259\u015fm\u0259l\u0259r m\u00fclki \u0259halini amans\u0131zcas\u0131na q\u0259tl\u0259 yetirib. Bu bar\u0259d\u0259 dan\u0131\u015fan Berlinin Humboldt Universitetinin \u201cAz\u0259rbaycan tarixi\u201d kafedras\u0131n\u0131n r\u0259hb\u0259ri Eva-Maria Aux o hadis\u0259l\u0259r haqq\u0131nda m\u0259lumat verdi, Sovet&hellip;<\/p>\n","protected":false},"author":2,"featured_media":33948,"comment_status":"closed","ping_status":"closed","sticky":false,"template":"","format":"standard","meta":{"om_disable_all_campaigns":false,"_monsterinsights_skip_tracking":false,"_monsterinsights_sitenote_active":false,"_monsterinsights_sitenote_note":"","_monsterinsights_sitenote_category":0},"categories":[1],"tags":[],"aioseo_notices":[],"gutentor_comment":0,"rttpg_featured_image_url":{"full":["https:\/\/arantv.az\/wp-content\/uploads\/2019\/01\/b0j13986pnej2ij6cl2ponm5o1ber.jpg",675,477,false],"landscape":["https:\/\/arantv.az\/wp-content\/uploads\/2019\/01\/b0j13986pnej2ij6cl2ponm5o1ber.jpg",675,477,false],"portraits":["https:\/\/arantv.az\/wp-content\/uploads\/2019\/01\/b0j13986pnej2ij6cl2ponm5o1ber.jpg",675,477,false],"thumbnail":["https:\/\/arantv.az\/wp-content\/uploads\/2019\/01\/b0j13986pnej2ij6cl2ponm5o1ber-150x150.jpg",150,150,true],"medium":["https:\/\/arantv.az\/wp-content\/uploads\/2019\/01\/b0j13986pnej2ij6cl2ponm5o1ber-300x212.jpg",300,212,true],"large":["https:\/\/arantv.az\/wp-content\/uploads\/2019\/01\/b0j13986pnej2ij6cl2ponm5o1ber.jpg",640,452,false],"1536x1536":["https:\/\/arantv.az\/wp-content\/uploads\/2019\/01\/b0j13986pnej2ij6cl2ponm5o1ber.jpg",675,477,false],"2048x2048":["https:\/\/arantv.az\/wp-content\/uploads\/2019\/01\/b0j13986pnej2ij6cl2ponm5o1ber.jpg",675,477,false],"post-thumbnail":["https:\/\/arantv.az\/wp-content\/uploads\/2019\/01\/b0j13986pnej2ij6cl2ponm5o1ber-240x172.jpg",240,172,true],"advps-thumb-one":["https:\/\/arantv.az\/wp-content\/uploads\/2019\/01\/b0j13986pnej2ij6cl2ponm5o1ber.jpg",675,477,false]},"rttpg_author":{"display_name":"V\u00fcsal Rafiqo\u011flu","author_link":"https:\/\/arantv.az\/?author=2"},"rttpg_comment":0,"rttpg_category":"<a href=\"https:\/\/arantv.az\/?cat=1\" rel=\"category\">C\u0259miyy\u0259t<\/a>","rttpg_excerpt":"ARANTV.AZ x\u0259b\u0259r verir ki, 20 Yanvar faci\u0259si yaln\u0131z xalq\u0131m\u0131za qar\u015f\u0131 deyil, \u00fcmumilikd\u0259 b\u0259\u015f\u0259riyy\u0259t\u0259 qar\u015f\u0131 t\u00f6r\u0259dil\u0259n cinay\u0259tdir. Bu bar\u0259d\u0259\u00a0Berlind\u0259 20 Yanvar faci\u0259sinin 29-cu ild\u00f6n\u00fcm\u00fc il\u0259 ba\u011fl\u0131 ke\u00e7iril\u0259n t\u0259dbird\u0259 bildirilib. Berlinin Humboldt Universitetind\u0259 Az\u0259rbaycan Tarixi Kafedras\u0131n\u0131n t\u0259\u015fkilat\u00e7\u0131l\u0131\u011f\u0131 v\u0259 Az\u0259rbaycan\u0131n Almaniyadak\u0131 S\u0259firliyinin d\u0259st\u0259yi il\u0259 20 Yanvar faci\u0259sinin 29-cu ild\u00f6n\u00fcm\u00fcn\u0259 h\u0259sr olunmu\u015f t\u0259dbir \u015f\u0259hidl\u0259rin xatir\u0259sini yad etm\u0259kl\u0259 ba\u015flad\u0131. 20&hellip;","_links":{"self":[{"href":"https:\/\/arantv.az\/index.php?rest_route=\/wp\/v2\/posts\/33947"}],"collection":[{"href":"https:\/\/arantv.az\/index.php?rest_route=\/wp\/v2\/posts"}],"about":[{"href":"https:\/\/arantv.az\/index.php?rest_route=\/wp\/v2\/types\/post"}],"author":[{"embeddable":true,"href":"https:\/\/arantv.az\/index.php?rest_route=\/wp\/v2\/users\/2"}],"replies":[{"embeddable":true,"href":"https:\/\/arantv.az\/index.php?rest_route=%2Fwp%2Fv2%2Fcomments&post=33947"}],"version-history":[{"count":0,"href":"https:\/\/arantv.az\/index.php?rest_route=\/wp\/v2\/posts\/33947\/revisions"}],"wp:featuredmedia":[{"embeddable":true,"href":"https:\/\/arantv.az\/index.php?rest_route=\/wp\/v2\/media\/33948"}],"wp:attachment":[{"href":"https:\/\/arantv.az\/index.php?rest_route=%2Fwp%2Fv2%2Fmedia&parent=33947"}],"wp:term":[{"taxonomy":"category","embeddable":true,"href":"https:\/\/arantv.az\/index.php?rest_route=%2Fwp%2Fv2%2Fcategories&post=33947"},{"taxonomy":"post_tag","embeddable":true,"href":"https:\/\/arantv.az\/index.php?rest_route=%2Fwp%2Fv2%2Ftags&post=33947"}],"curies":[{"name":"wp","href":"https:\/\/api.w.org\/{rel}","templated":true}]}}