{"id":33950,"date":"2019-01-22T09:37:34","date_gmt":"2019-01-22T06:37:34","guid":{"rendered":"http:\/\/arantv.az\/?p=33950"},"modified":"2019-01-22T09:37:34","modified_gmt":"2019-01-22T06:37:34","slug":"prezident-ilham-%c9%99liyev-m%c9%99hkum-mehman-huseynovun-isinin-obyektiv-v%c9%99-%c9%99dal%c9%99tli-arasdirilmasi-il%c9%99-bagli-tapsiriq-verib","status":"publish","type":"post","link":"https:\/\/arantv.az\/?p=33950","title":{"rendered":"Prezident \u0130lham \u018fliyev m\u0259hkum Mehman H\u00fcseynovun i\u015finin obyektiv v\u0259 \u0259dal\u0259tli ara\u015fd\u0131r\u0131lmas\u0131 il\u0259 ba\u011fl\u0131 tap\u015f\u0131r\u0131q verib"},"content":{"rendered":"<p><strong>ARANTV.AZ<\/strong> x\u0259b\u0259r verir ki, Prezident \u0130lham \u018fliyev m\u0259hkum Mehman H\u00fcseynovun i\u015finin obyektiv v\u0259 \u0259dal\u0259tli ara\u015fd\u0131r\u0131lmas\u0131 il\u0259 ba\u011fl\u0131 tap\u015f\u0131r\u0131q verib. Prezidentin h\u00fcquq m\u00fchafiz\u0259 orqanlar\u0131 il\u0259 i\u015f v\u0259 h\u0259rbi m\u0259s\u0259l\u0259l\u0259r \u00fczr\u0259 k\u00f6m\u0259k\u00e7isi Fuad \u018fl\u0259sg\u0259rov bildirib ki, d\u00f6vl\u0259t ba\u015f\u00e7\u0131s\u0131 m\u0259hkumun g\u0259nc olmas\u0131n\u0131, art\u0131q iki il\u0259 yax\u0131n c\u0259za \u00e7\u0259kdiyini, ail\u0259 v\u0259ziyy\u0259tini v\u0259 atas\u0131n\u0131n ya\u015fl\u0131 oldu\u011funu n\u0259z\u0259r\u0259 alaraq, Mehman H\u00fcseynovun i\u015find\u0259 humanizm prinsipinin \u00f6n\u0259 \u00e7\u0259kilm\u0259sini, ara\u015fd\u0131rman\u0131n obyektiv v\u0259 \u0259dal\u0259tli olmas\u0131 \u00fc\u00e7\u00fcn qanunla n\u0259z\u0259rd\u0259 tutulmu\u015f b\u00fct\u00fcn z\u0259ruri t\u0259dbirl\u0259rin g\u00f6r\u00fclm\u0259sini Ba\u015f prokurora t\u00f6vsiy\u0259 edib.<\/p>\n<p>M\u0259hkum Mehman H\u00fcseynov yanvar\u0131n 20-d\u0259 Az\u0259rbaycan Prezidentin\u0259 m\u00fcraci\u0259t edib. M\u00fcraci\u0259td\u0259 o, bar\u0259sind\u0259 apar\u0131lan istintaq\u0131n obyektivliyinin t\u0259min edilm\u0259si v\u0259 \u0259dal\u0259tli q\u0259rar q\u0259bul olunmas\u0131 \u00fc\u00e7\u00fcn Az\u0259rbaycan Prezidentinin m\u00fcdaxil\u0259 etm\u0259sini xahi\u015f edib. Bu bar\u0259d\u0259 a\u00e7\u0131qlama ver\u0259n Prezidentin h\u00fcquq m\u00fchafiz\u0259 orqanlar\u0131 il\u0259 i\u015f v\u0259 h\u0259rbi m\u0259s\u0259l\u0259l\u0259r \u00fczr\u0259 k\u00f6m\u0259k\u00e7isi Fuad \u018fl\u0259sg\u0259rov bildirib ki, bundan \u00f6nc\u0259, yanvar\u0131n 18-d\u0259 Mehman H\u00fcseynovun m\u0259s\u0259l\u0259si il\u0259 \u0259laq\u0259dar bir qrup h\u00fcquq m\u00fcdafi\u0259\u00e7isi d\u0259 d\u00f6vl\u0259t ba\u015f\u00e7\u0131s\u0131na m\u00fcraci\u0259t \u00fcnvanlay\u0131b. H\u00fcquq m\u00fcdafi\u0259\u00e7il\u0259ri ba\u015f vermi\u015f insidentl\u0259 \u0259laq\u0259dar s\u00fcni \u015f\u0259kild\u0259 ajiotaj yarad\u0131ld\u0131\u011f\u0131n\u0131, yalan m\u0259lumatlar\u0131n yay\u0131ld\u0131\u011f\u0131n\u0131, yanl\u0131\u015f ictimai r\u0259y formala\u015fd\u0131rma\u011fa c\u0259hdl\u0259r edildiyini qeyd edib, Az\u0259rbaycan Prezidentinin y\u00fcks\u0259k humanizm prinsipin\u0259 daim sadiqliyini x\u00fcsusi vur\u011fulayaraq, Mehman H\u00fcseynovun bar\u0259sind\u0259 d\u0259 m\u0259rh\u0259m\u0259t g\u00f6st\u0259rilm\u0259sini xahi\u015f edibl\u0259r. M\u00fcraci\u0259tl\u0259r Az\u0259rbaycan Prezidentinin diqq\u0259tin\u0259 \u00e7atd\u0131r\u0131l\u0131b v\u0259 d\u00f6vl\u0259t ba\u015f\u00e7\u0131s\u0131 bu m\u00fcraci\u0259tl\u0259r\u0259 d\u0259rhal reaksiya verib. Prezident\u00a0 \u0130lham \u018fliyev m\u0259hkumun g\u0259nc olmas\u0131n\u0131, art\u0131q iki il\u0259 yax\u0131n c\u0259za \u00e7\u0259kdiyini, ail\u0259 v\u0259ziyy\u0259tini v\u0259 atas\u0131n\u0131n ya\u015fl\u0131 oldu\u011funu n\u0259z\u0259r\u0259 alaraq, Mehman H\u00fcseynovun i\u015find\u0259 humanizm prinsipinin \u00f6n\u0259 \u00e7\u0259kilm\u0259sini, ara\u015fd\u0131rman\u0131n obyektiv v\u0259 \u0259dal\u0259tli olmas\u0131 \u00fc\u00e7\u00fcn qanunla n\u0259z\u0259rd\u0259 tutulmu\u015f b\u00fct\u00fcn z\u0259ruri t\u0259dbirl\u0259rin g\u00f6r\u00fclm\u0259sini Ba\u015f prokurora t\u00f6vsiy\u0259 edib. D\u00f6vl\u0259t ba\u015f\u00e7\u0131s\u0131 eyni zamanda, hadis\u0259nin i\u015ftirak\u00e7\u0131lar\u0131n\u0131 bar\u0131\u015f\u0131\u011fa do\u011fru add\u0131mlar atma\u011fa d\u0259v\u0259t edib. Fuad \u018fl\u0259sg\u0259rov deyib ki, Mehman H\u00fcseynovla ba\u011fl\u0131 \u0259vv\u0259ll\u0259r d\u0259 humanist yana\u015fman\u0131n \u015fahidi olmu\u015fuq. Bel\u0259 ki, o, c\u0259za \u00e7\u0259kdiyi m\u00fcdd\u0259td\u0259 a\u011f\u0131r x\u0259st\u0259likd\u0259n sonra v\u0259fat ed\u0259n anas\u0131n\u0131n yas m\u0259rasimind\u0259 i\u015ftirak etm\u0259y\u0259 burax\u0131l\u0131b. Az\u0259rbaycan Prezidenti h\u0259r zaman bu c\u00fcr m\u00fcraci\u0259tl\u0259r\u0259 h\u0259ssasl\u0131qla yana\u015f\u0131r, \u00f6z f\u0259aliyy\u0259tind\u0259 daim \u0259dal\u0259t v\u0259 humanizm prinsipl\u0259rini r\u0259hb\u0259r tutur v\u0259 b\u00fct\u00fcn d\u00f6vl\u0259t m\u0259murlar\u0131ndan da eyni yana\u015fman\u0131 t\u0259l\u0259b edir. H\u0259min siyas\u0259tin t\u0259zah\u00fcr\u00fc kimi onlarla amnistiya aktlar\u0131n\u0131, \u0259fv haqq\u0131nda s\u0259r\u0259ncamlar\u0131 g\u00f6st\u0259rm\u0259k olar. C\u0259za siyas\u0259tinin humanistl\u0259\u015fdirilm\u0259si il\u0259 ba\u011fl\u0131 Prezidentin son t\u0259\u015f\u0259bb\u00fcsl\u0259ri minl\u0259rl\u0259 m\u0259hkumun azadl\u0131\u011fa \u00e7\u0131xmas\u0131na z\u0259min yarad\u0131b.<\/p>\n","protected":false},"excerpt":{"rendered":"<p>ARANTV.AZ x\u0259b\u0259r verir ki, Prezident \u0130lham \u018fliyev m\u0259hkum Mehman H\u00fcseynovun i\u015finin obyektiv v\u0259 \u0259dal\u0259tli ara\u015fd\u0131r\u0131lmas\u0131 il\u0259 ba\u011fl\u0131 tap\u015f\u0131r\u0131q verib. Prezidentin h\u00fcquq m\u00fchafiz\u0259 orqanlar\u0131 il\u0259 i\u015f v\u0259 h\u0259rbi m\u0259s\u0259l\u0259l\u0259r \u00fczr\u0259 k\u00f6m\u0259k\u00e7isi Fuad \u018fl\u0259sg\u0259rov bildirib ki, d\u00f6vl\u0259t ba\u015f\u00e7\u0131s\u0131 m\u0259hkumun g\u0259nc olmas\u0131n\u0131, art\u0131q iki il\u0259 yax\u0131n c\u0259za \u00e7\u0259kdiyini, ail\u0259 v\u0259ziyy\u0259tini v\u0259 atas\u0131n\u0131n ya\u015fl\u0131 oldu\u011funu n\u0259z\u0259r\u0259 alaraq, Mehman H\u00fcseynovun i\u015find\u0259 humanizm prinsipinin \u00f6n\u0259 \u00e7\u0259kilm\u0259sini, ara\u015fd\u0131rman\u0131n obyektiv v\u0259 \u0259dal\u0259tli olmas\u0131 \u00fc\u00e7\u00fcn qanunla n\u0259z\u0259rd\u0259 tutulmu\u015f b\u00fct\u00fcn z\u0259ruri t\u0259dbirl\u0259rin g\u00f6r\u00fclm\u0259sini Ba\u015f prokurora t\u00f6vsiy\u0259 edib. M\u0259hkum Mehman H\u00fcseynov yanvar\u0131n 20-d\u0259 Az\u0259rbaycan Prezidentin\u0259 m\u00fcraci\u0259t edib. M\u00fcraci\u0259td\u0259 o, bar\u0259sind\u0259 apar\u0131lan&hellip;<\/p>\n","protected":false},"author":2,"featured_media":33951,"comment_status":"closed","ping_status":"closed","sticky":false,"template":"","format":"standard","meta":{"om_disable_all_campaigns":false,"_monsterinsights_skip_tracking":false,"_monsterinsights_sitenote_active":false,"_monsterinsights_sitenote_note":"","_monsterinsights_sitenote_category":0},"categories":[1],"tags":[],"aioseo_notices":[],"gutentor_comment":0,"rttpg_featured_image_url":{"full":["https:\/\/arantv.az\/wp-content\/uploads\/2019\/01\/b0j13986pnej2ij6cl2ponm5o1fuad.jpg",883,541,false],"landscape":["https:\/\/arantv.az\/wp-content\/uploads\/2019\/01\/b0j13986pnej2ij6cl2ponm5o1fuad.jpg",883,541,false],"portraits":["https:\/\/arantv.az\/wp-content\/uploads\/2019\/01\/b0j13986pnej2ij6cl2ponm5o1fuad.jpg",883,541,false],"thumbnail":["https:\/\/arantv.az\/wp-content\/uploads\/2019\/01\/b0j13986pnej2ij6cl2ponm5o1fuad-150x150.jpg",150,150,true],"medium":["https:\/\/arantv.az\/wp-content\/uploads\/2019\/01\/b0j13986pnej2ij6cl2ponm5o1fuad-300x184.jpg",300,184,true],"large":["https:\/\/arantv.az\/wp-content\/uploads\/2019\/01\/b0j13986pnej2ij6cl2ponm5o1fuad.jpg",640,392,false],"1536x1536":["https:\/\/arantv.az\/wp-content\/uploads\/2019\/01\/b0j13986pnej2ij6cl2ponm5o1fuad.jpg",883,541,false],"2048x2048":["https:\/\/arantv.az\/wp-content\/uploads\/2019\/01\/b0j13986pnej2ij6cl2ponm5o1fuad.jpg",883,541,false],"post-thumbnail":["https:\/\/arantv.az\/wp-content\/uploads\/2019\/01\/b0j13986pnej2ij6cl2ponm5o1fuad-240x172.jpg",240,172,true],"advps-thumb-one":["https:\/\/arantv.az\/wp-content\/uploads\/2019\/01\/b0j13986pnej2ij6cl2ponm5o1fuad.jpg",883,541,false]},"rttpg_author":{"display_name":"V\u00fcsal Rafiqo\u011flu","author_link":"https:\/\/arantv.az\/?author=2"},"rttpg_comment":0,"rttpg_category":"<a href=\"https:\/\/arantv.az\/?cat=1\" rel=\"category\">C\u0259miyy\u0259t<\/a>","rttpg_excerpt":"ARANTV.AZ x\u0259b\u0259r verir ki, Prezident \u0130lham \u018fliyev m\u0259hkum Mehman H\u00fcseynovun i\u015finin obyektiv v\u0259 \u0259dal\u0259tli ara\u015fd\u0131r\u0131lmas\u0131 il\u0259 ba\u011fl\u0131 tap\u015f\u0131r\u0131q verib. Prezidentin h\u00fcquq m\u00fchafiz\u0259 orqanlar\u0131 il\u0259 i\u015f v\u0259 h\u0259rbi m\u0259s\u0259l\u0259l\u0259r \u00fczr\u0259 k\u00f6m\u0259k\u00e7isi Fuad \u018fl\u0259sg\u0259rov bildirib ki, d\u00f6vl\u0259t ba\u015f\u00e7\u0131s\u0131 m\u0259hkumun g\u0259nc olmas\u0131n\u0131, art\u0131q iki il\u0259 yax\u0131n c\u0259za \u00e7\u0259kdiyini, ail\u0259 v\u0259ziyy\u0259tini v\u0259 atas\u0131n\u0131n ya\u015fl\u0131 oldu\u011funu n\u0259z\u0259r\u0259 alaraq, Mehman H\u00fcseynovun&hellip;","_links":{"self":[{"href":"https:\/\/arantv.az\/index.php?rest_route=\/wp\/v2\/posts\/33950"}],"collection":[{"href":"https:\/\/arantv.az\/index.php?rest_route=\/wp\/v2\/posts"}],"about":[{"href":"https:\/\/arantv.az\/index.php?rest_route=\/wp\/v2\/types\/post"}],"author":[{"embeddable":true,"href":"https:\/\/arantv.az\/index.php?rest_route=\/wp\/v2\/users\/2"}],"replies":[{"embeddable":true,"href":"https:\/\/arantv.az\/index.php?rest_route=%2Fwp%2Fv2%2Fcomments&post=33950"}],"version-history":[{"count":0,"href":"https:\/\/arantv.az\/index.php?rest_route=\/wp\/v2\/posts\/33950\/revisions"}],"wp:featuredmedia":[{"embeddable":true,"href":"https:\/\/arantv.az\/index.php?rest_route=\/wp\/v2\/media\/33951"}],"wp:attachment":[{"href":"https:\/\/arantv.az\/index.php?rest_route=%2Fwp%2Fv2%2Fmedia&parent=33950"}],"wp:term":[{"taxonomy":"category","embeddable":true,"href":"https:\/\/arantv.az\/index.php?rest_route=%2Fwp%2Fv2%2Fcategories&post=33950"},{"taxonomy":"post_tag","embeddable":true,"href":"https:\/\/arantv.az\/index.php?rest_route=%2Fwp%2Fv2%2Ftags&post=33950"}],"curies":[{"name":"wp","href":"https:\/\/api.w.org\/{rel}","templated":true}]}}