{"id":339956,"date":"2021-05-24T12:38:39","date_gmt":"2021-05-24T09:38:39","guid":{"rendered":"http:\/\/arantv.az\/?p=339956"},"modified":"2021-05-24T12:38:39","modified_gmt":"2021-05-24T09:38:39","slug":"ii-elizabetd%c9%99n-ilham-%c9%99liyev%c9%99-t%c9%99brik-m%c9%99ktubu","status":"publish","type":"post","link":"https:\/\/arantv.az\/?p=339956","title":{"rendered":"II Elizabetd\u0259n \u0130lham \u018fliyev\u0259 t\u0259brik m\u0259ktubu"},"content":{"rendered":"<p>B\u00f6y\u00fck Britaniya v\u0259 \u015eimali \u0130rlandiyan\u0131n Krali\u00e7as\u0131 II Elizabet Az\u0259rbaycan Prezidenti \u0130lham \u018fliyev\u0259 t\u0259brik m\u0259ktubu g\u00f6nd\u0259rib.<\/p>\n<p><strong>ARANTV.AZ<\/strong> x\u0259b\u0259r verir ki, m\u0259ktubda deyilir:<\/p>\n<div id=\"AdviadNativeVideo0\" class=\"AdviadNativeVideo\"><\/div>\n<p>\u201cMilli bayram\u0131n\u0131z &#8211; Respublika G\u00fcn\u00fc m\u00fcnasib\u0259til\u0259 Az\u0259rbaycan xalq\u0131na v\u0259 Zati-aliniz\u0259 t\u0259brikl\u0259rimi, \u0259n xo\u015f arzular\u0131m\u0131 \u00e7atd\u0131rmaqdan b\u00f6y\u00fck m\u0259mnunluq duyuram.<\/p>\n<p>Ke\u00e7irdiyimiz bu \u00e7\u0259tin ild\u0259n sonra qlobal s\u0259hiyy\u0259nin \u00fczl\u0259\u015fdiyi mane\u0259l\u0259ri d\u0259f ed\u0259c\u0259yimiz\u0259 v\u0259 g\u0259l\u0259c\u0259kd\u0259 daha g\u00f6z\u0259l g\u00fcnl\u0259r ya\u015fayaca\u011f\u0131m\u0131za olan \u00fcmidimi ifad\u0259 etm\u0259k ist\u0259yir\u0259m\u201d.AZ\u018fRTAC<\/p>\n","protected":false},"excerpt":{"rendered":"<p>B\u00f6y\u00fck Britaniya v\u0259 \u015eimali \u0130rlandiyan\u0131n Krali\u00e7as\u0131 II Elizabet Az\u0259rbaycan Prezidenti \u0130lham \u018fliyev\u0259 t\u0259brik m\u0259ktubu g\u00f6nd\u0259rib. ARANTV.AZ x\u0259b\u0259r verir ki, m\u0259ktubda deyilir: \u201cMilli bayram\u0131n\u0131z &#8211; Respublika G\u00fcn\u00fc m\u00fcnasib\u0259til\u0259 Az\u0259rbaycan xalq\u0131na v\u0259 Zati-aliniz\u0259 t\u0259brikl\u0259rimi, \u0259n xo\u015f arzular\u0131m\u0131 \u00e7atd\u0131rmaqdan b\u00f6y\u00fck m\u0259mnunluq duyuram. Ke\u00e7irdiyimiz bu \u00e7\u0259tin ild\u0259n sonra qlobal s\u0259hiyy\u0259nin \u00fczl\u0259\u015fdiyi mane\u0259l\u0259ri d\u0259f ed\u0259c\u0259yimiz\u0259 v\u0259 g\u0259l\u0259c\u0259kd\u0259 daha g\u00f6z\u0259l g\u00fcnl\u0259r ya\u015fayaca\u011f\u0131m\u0131za olan \u00fcmidimi ifad\u0259 etm\u0259k ist\u0259yir\u0259m\u201d.AZ\u018fRTAC<\/p>\n","protected":false},"author":2,"featured_media":339957,"comment_status":"closed","ping_status":"closed","sticky":false,"template":"","format":"standard","meta":{"om_disable_all_campaigns":false,"_monsterinsights_skip_tracking":false,"_monsterinsights_sitenote_active":false,"_monsterinsights_sitenote_note":"","_monsterinsights_sitenote_category":0},"categories":[4],"tags":[],"aioseo_notices":[],"gutentor_comment":0,"rttpg_featured_image_url":{"full":["https:\/\/arantv.az\/wp-content\/uploads\/2021\/05\/1603454485-1603460055-7.jpg",620,413,false],"landscape":["https:\/\/arantv.az\/wp-content\/uploads\/2021\/05\/1603454485-1603460055-7.jpg",620,413,false],"portraits":["https:\/\/arantv.az\/wp-content\/uploads\/2021\/05\/1603454485-1603460055-7.jpg",620,413,false],"thumbnail":["https:\/\/arantv.az\/wp-content\/uploads\/2021\/05\/1603454485-1603460055-7-500x280.jpg",500,280,true],"medium":["https:\/\/arantv.az\/wp-content\/uploads\/2021\/05\/1603454485-1603460055-7-548x365.jpg",548,365,true],"large":["https:\/\/arantv.az\/wp-content\/uploads\/2021\/05\/1603454485-1603460055-7.jpg",620,413,false],"1536x1536":["https:\/\/arantv.az\/wp-content\/uploads\/2021\/05\/1603454485-1603460055-7.jpg",620,413,false],"2048x2048":["https:\/\/arantv.az\/wp-content\/uploads\/2021\/05\/1603454485-1603460055-7.jpg",620,413,false],"post-thumbnail":["https:\/\/arantv.az\/wp-content\/uploads\/2021\/05\/1603454485-1603460055-7-240x172.jpg",240,172,true],"advps-thumb-one":["https:\/\/arantv.az\/wp-content\/uploads\/2021\/05\/1603454485-1603460055-7.jpg",620,413,false]},"rttpg_author":{"display_name":"V\u00fcsal Rafiqo\u011flu","author_link":"https:\/\/arantv.az\/?author=2"},"rttpg_comment":0,"rttpg_category":"<a href=\"https:\/\/arantv.az\/?cat=4\" rel=\"category\">Siyas\u0259t<\/a>","rttpg_excerpt":"B\u00f6y\u00fck Britaniya v\u0259 \u015eimali \u0130rlandiyan\u0131n Krali\u00e7as\u0131 II Elizabet Az\u0259rbaycan Prezidenti \u0130lham \u018fliyev\u0259 t\u0259brik m\u0259ktubu g\u00f6nd\u0259rib. ARANTV.AZ x\u0259b\u0259r verir ki, m\u0259ktubda deyilir: \u201cMilli bayram\u0131n\u0131z &#8211; Respublika G\u00fcn\u00fc m\u00fcnasib\u0259til\u0259 Az\u0259rbaycan xalq\u0131na v\u0259 Zati-aliniz\u0259 t\u0259brikl\u0259rimi, \u0259n xo\u015f arzular\u0131m\u0131 \u00e7atd\u0131rmaqdan b\u00f6y\u00fck m\u0259mnunluq duyuram. Ke\u00e7irdiyimiz bu \u00e7\u0259tin ild\u0259n sonra qlobal s\u0259hiyy\u0259nin \u00fczl\u0259\u015fdiyi mane\u0259l\u0259ri d\u0259f ed\u0259c\u0259yimiz\u0259 v\u0259 g\u0259l\u0259c\u0259kd\u0259 daha g\u00f6z\u0259l g\u00fcnl\u0259r&hellip;","_links":{"self":[{"href":"https:\/\/arantv.az\/index.php?rest_route=\/wp\/v2\/posts\/339956"}],"collection":[{"href":"https:\/\/arantv.az\/index.php?rest_route=\/wp\/v2\/posts"}],"about":[{"href":"https:\/\/arantv.az\/index.php?rest_route=\/wp\/v2\/types\/post"}],"author":[{"embeddable":true,"href":"https:\/\/arantv.az\/index.php?rest_route=\/wp\/v2\/users\/2"}],"replies":[{"embeddable":true,"href":"https:\/\/arantv.az\/index.php?rest_route=%2Fwp%2Fv2%2Fcomments&post=339956"}],"version-history":[{"count":0,"href":"https:\/\/arantv.az\/index.php?rest_route=\/wp\/v2\/posts\/339956\/revisions"}],"wp:featuredmedia":[{"embeddable":true,"href":"https:\/\/arantv.az\/index.php?rest_route=\/wp\/v2\/media\/339957"}],"wp:attachment":[{"href":"https:\/\/arantv.az\/index.php?rest_route=%2Fwp%2Fv2%2Fmedia&parent=339956"}],"wp:term":[{"taxonomy":"category","embeddable":true,"href":"https:\/\/arantv.az\/index.php?rest_route=%2Fwp%2Fv2%2Fcategories&post=339956"},{"taxonomy":"post_tag","embeddable":true,"href":"https:\/\/arantv.az\/index.php?rest_route=%2Fwp%2Fv2%2Ftags&post=339956"}],"curies":[{"name":"wp","href":"https:\/\/api.w.org\/{rel}","templated":true}]}}