{"id":339962,"date":"2021-05-24T12:39:56","date_gmt":"2021-05-24T09:39:56","guid":{"rendered":"http:\/\/arantv.az\/?p=339962"},"modified":"2021-05-24T12:39:56","modified_gmt":"2021-05-24T09:39:56","slug":"si-cinpin-ilham-%c9%99liyev%c9%99-sizinl%c9%99-birg%c9%99-s%c9%99yl%c9%99r-gost%c9%99rm%c9%99y%c9%99-haziram","status":"publish","type":"post","link":"https:\/\/arantv.az\/?p=339962","title":{"rendered":"Si Cinpin \u0130lham \u018fliyev\u0259: \u201cSizinl\u0259 birg\u0259 s\u0259yl\u0259r g\u00f6st\u0259rm\u0259y\u0259 haz\u0131ram\u201d"},"content":{"rendered":"<p>\u00c7in Xalq Respublikas\u0131n\u0131n S\u0259dri Si Cinpin Az\u0259rbaycan Prezidenti \u0130lham \u018fliyev\u0259 t\u0259brik m\u0259ktubu g\u00f6nd\u0259rib.<\/p>\n<p><strong>ARANTV.AZ<\/strong> x\u0259b\u0259r verir ki, m\u0259ktubda deyilir:<\/p>\n<div id=\"AdviadNativeVideo0\" class=\"AdviadNativeVideo\"><\/div>\n<p>\u201cMilli bayram\u0131n\u0131z &#8211; Respublika G\u00fcn\u00fc m\u00fcnasib\u0259til\u0259 \u00c7in Xalq Respublikas\u0131n\u0131n h\u00f6kum\u0259ti v\u0259 xalq\u0131 ad\u0131ndan, \u015f\u0259xs\u0259n \u00f6z ad\u0131mdan Siz\u0259 v\u0259 dost Az\u0259rbaycan xalq\u0131na s\u0259mimi t\u0259brikl\u0259rimi, \u0259n xo\u015f arzular\u0131m\u0131 \u00e7atd\u0131rmaqdan \u015f\u0259r\u0259f duyuram.<\/p>\n<p>Haz\u0131rda \u00c7in-Az\u0259rbaycan m\u00fcnasib\u0259tl\u0259rind\u0259 f\u0259al inki\u015faf dinamikas\u0131 m\u00fc\u015fahid\u0259 olunur. \u00d6lk\u0259l\u0259rimiz h\u0259r iki t\u0259r\u0259fin \u0259sas maraqlar\u0131na aid m\u0259s\u0259l\u0259l\u0259rd\u0259 bir-birini d\u0259st\u0259kl\u0259yir. \u201cBir k\u0259m\u0259r, bir yol\u201d m\u00fc\u015ft\u0259r\u0259k layih\u0259si \u00fczr\u0259 \u00f6lk\u0259l\u0259rimizin \u0259m\u0259kda\u015fl\u0131\u011f\u0131 d\u0259rinl\u0259\u015fm\u0259kd\u0259 davam edir, COVID-19 pandemiyas\u0131na qar\u015f\u0131 birg\u0259 m\u00fcbariz\u0259d\u0259 n\u0259z\u0259r\u0259\u00e7arpacaq n\u0259tic\u0259l\u0259r \u0259ld\u0259 olunub. M\u0259n \u00c7in-Az\u0259rbaycan m\u00fcnasib\u0259tl\u0259rinin inki\u015faf\u0131na x\u00fcsusi \u0259h\u0259miyy\u0259t verir\u0259m, \u00f6lk\u0259l\u0259rimizin v\u0259 xalqlar\u0131m\u0131z\u0131n rifah\u0131 namin\u0259 ikit\u0259r\u0259fli dostluq v\u0259 \u0259m\u0259kda\u015fl\u0131q m\u00fcnasib\u0259tl\u0259rinin daha da inki\u015faf etdirilm\u0259si \u00fc\u00e7\u00fcn Sizinl\u0259 birg\u0259 s\u0259yl\u0259r g\u00f6st\u0259rm\u0259y\u0259 haz\u0131ram.<\/p>\n<p>Siz\u0259 m\u00f6hk\u0259m cansa\u011fl\u0131\u011f\u0131 v\u0259 b\u00fct\u00fcn i\u015fl\u0259rinizd\u0259 u\u011furlar, dost Az\u0259rbaycana v\u0259 onun xalq\u0131na firavanl\u0131q, xo\u015fb\u0259xtlik arzu edir\u0259m\u201d.AZ\u018fRTAC<\/p>\n","protected":false},"excerpt":{"rendered":"<p>\u00c7in Xalq Respublikas\u0131n\u0131n S\u0259dri Si Cinpin Az\u0259rbaycan Prezidenti \u0130lham \u018fliyev\u0259 t\u0259brik m\u0259ktubu g\u00f6nd\u0259rib. ARANTV.AZ x\u0259b\u0259r verir ki, m\u0259ktubda deyilir: \u201cMilli bayram\u0131n\u0131z &#8211; Respublika G\u00fcn\u00fc m\u00fcnasib\u0259til\u0259 \u00c7in Xalq Respublikas\u0131n\u0131n h\u00f6kum\u0259ti v\u0259 xalq\u0131 ad\u0131ndan, \u015f\u0259xs\u0259n \u00f6z ad\u0131mdan Siz\u0259 v\u0259 dost Az\u0259rbaycan xalq\u0131na s\u0259mimi t\u0259brikl\u0259rimi, \u0259n xo\u015f arzular\u0131m\u0131 \u00e7atd\u0131rmaqdan \u015f\u0259r\u0259f duyuram. Haz\u0131rda \u00c7in-Az\u0259rbaycan m\u00fcnasib\u0259tl\u0259rind\u0259 f\u0259al inki\u015faf dinamikas\u0131 m\u00fc\u015fahid\u0259 olunur. \u00d6lk\u0259l\u0259rimiz h\u0259r iki t\u0259r\u0259fin \u0259sas maraqlar\u0131na aid m\u0259s\u0259l\u0259l\u0259rd\u0259 bir-birini d\u0259st\u0259kl\u0259yir. \u201cBir k\u0259m\u0259r, bir yol\u201d m\u00fc\u015ft\u0259r\u0259k layih\u0259si \u00fczr\u0259 \u00f6lk\u0259l\u0259rimizin \u0259m\u0259kda\u015fl\u0131\u011f\u0131 d\u0259rinl\u0259\u015fm\u0259kd\u0259 davam edir, COVID-19 pandemiyas\u0131na qar\u015f\u0131 birg\u0259 m\u00fcbariz\u0259d\u0259 n\u0259z\u0259r\u0259\u00e7arpacaq n\u0259tic\u0259l\u0259r \u0259ld\u0259 olunub. M\u0259n \u00c7in-Az\u0259rbaycan m\u00fcnasib\u0259tl\u0259rinin&hellip;<\/p>\n","protected":false},"author":2,"featured_media":339963,"comment_status":"closed","ping_status":"closed","sticky":false,"template":"","format":"standard","meta":{"om_disable_all_campaigns":false,"_monsterinsights_skip_tracking":false,"_monsterinsights_sitenote_active":false,"_monsterinsights_sitenote_note":"","_monsterinsights_sitenote_category":0},"categories":[4],"tags":[],"aioseo_notices":[],"gutentor_comment":0,"rttpg_featured_image_url":{"full":["https:\/\/arantv.az\/wp-content\/uploads\/2021\/05\/1594814467-1.jpg",620,413,false],"landscape":["https:\/\/arantv.az\/wp-content\/uploads\/2021\/05\/1594814467-1.jpg",620,413,false],"portraits":["https:\/\/arantv.az\/wp-content\/uploads\/2021\/05\/1594814467-1.jpg",620,413,false],"thumbnail":["https:\/\/arantv.az\/wp-content\/uploads\/2021\/05\/1594814467-1-500x280.jpg",500,280,true],"medium":["https:\/\/arantv.az\/wp-content\/uploads\/2021\/05\/1594814467-1-548x365.jpg",548,365,true],"large":["https:\/\/arantv.az\/wp-content\/uploads\/2021\/05\/1594814467-1.jpg",620,413,false],"1536x1536":["https:\/\/arantv.az\/wp-content\/uploads\/2021\/05\/1594814467-1.jpg",620,413,false],"2048x2048":["https:\/\/arantv.az\/wp-content\/uploads\/2021\/05\/1594814467-1.jpg",620,413,false],"post-thumbnail":["https:\/\/arantv.az\/wp-content\/uploads\/2021\/05\/1594814467-1-240x172.jpg",240,172,true],"advps-thumb-one":["https:\/\/arantv.az\/wp-content\/uploads\/2021\/05\/1594814467-1.jpg",620,413,false]},"rttpg_author":{"display_name":"V\u00fcsal Rafiqo\u011flu","author_link":"https:\/\/arantv.az\/?author=2"},"rttpg_comment":0,"rttpg_category":"<a href=\"https:\/\/arantv.az\/?cat=4\" rel=\"category\">Siyas\u0259t<\/a>","rttpg_excerpt":"\u00c7in Xalq Respublikas\u0131n\u0131n S\u0259dri Si Cinpin Az\u0259rbaycan Prezidenti \u0130lham \u018fliyev\u0259 t\u0259brik m\u0259ktubu g\u00f6nd\u0259rib. ARANTV.AZ x\u0259b\u0259r verir ki, m\u0259ktubda deyilir: \u201cMilli bayram\u0131n\u0131z &#8211; Respublika G\u00fcn\u00fc m\u00fcnasib\u0259til\u0259 \u00c7in Xalq Respublikas\u0131n\u0131n h\u00f6kum\u0259ti v\u0259 xalq\u0131 ad\u0131ndan, \u015f\u0259xs\u0259n \u00f6z ad\u0131mdan Siz\u0259 v\u0259 dost Az\u0259rbaycan xalq\u0131na s\u0259mimi t\u0259brikl\u0259rimi, \u0259n xo\u015f arzular\u0131m\u0131 \u00e7atd\u0131rmaqdan \u015f\u0259r\u0259f duyuram. Haz\u0131rda \u00c7in-Az\u0259rbaycan m\u00fcnasib\u0259tl\u0259rind\u0259 f\u0259al inki\u015faf dinamikas\u0131 m\u00fc\u015fahid\u0259&hellip;","_links":{"self":[{"href":"https:\/\/arantv.az\/index.php?rest_route=\/wp\/v2\/posts\/339962"}],"collection":[{"href":"https:\/\/arantv.az\/index.php?rest_route=\/wp\/v2\/posts"}],"about":[{"href":"https:\/\/arantv.az\/index.php?rest_route=\/wp\/v2\/types\/post"}],"author":[{"embeddable":true,"href":"https:\/\/arantv.az\/index.php?rest_route=\/wp\/v2\/users\/2"}],"replies":[{"embeddable":true,"href":"https:\/\/arantv.az\/index.php?rest_route=%2Fwp%2Fv2%2Fcomments&post=339962"}],"version-history":[{"count":0,"href":"https:\/\/arantv.az\/index.php?rest_route=\/wp\/v2\/posts\/339962\/revisions"}],"wp:featuredmedia":[{"embeddable":true,"href":"https:\/\/arantv.az\/index.php?rest_route=\/wp\/v2\/media\/339963"}],"wp:attachment":[{"href":"https:\/\/arantv.az\/index.php?rest_route=%2Fwp%2Fv2%2Fmedia&parent=339962"}],"wp:term":[{"taxonomy":"category","embeddable":true,"href":"https:\/\/arantv.az\/index.php?rest_route=%2Fwp%2Fv2%2Fcategories&post=339962"},{"taxonomy":"post_tag","embeddable":true,"href":"https:\/\/arantv.az\/index.php?rest_route=%2Fwp%2Fv2%2Ftags&post=339962"}],"curies":[{"name":"wp","href":"https:\/\/api.w.org\/{rel}","templated":true}]}}