{"id":339965,"date":"2021-05-24T12:40:35","date_gmt":"2021-05-24T09:40:35","guid":{"rendered":"http:\/\/arantv.az\/?p=339965"},"modified":"2021-05-24T12:40:35","modified_gmt":"2021-05-24T09:40:35","slug":"ilham-%c9%99liyev-v%c9%99-mehriban-%c9%99liyeva-tahir-salahovun-d%c9%99fn-m%c9%99rasimin%c9%99-%c9%99klil-gond%c9%99rib-foto","status":"publish","type":"post","link":"https:\/\/arantv.az\/?p=339965","title":{"rendered":"\u0130lham \u018fliyev v\u0259 Mehriban \u018fliyeva Tahir Salahovun d\u0259fn m\u0259rasimin\u0259 \u0259klil g\u00f6nd\u0259rib &#8211; FOTO"},"content":{"rendered":"<p>Prezident \u0130lham \u018fliyev v\u0259 Az\u0259rbaycan\u0131n Birinci vitse-prezidenti Mehriban \u018fliyeva Xalq r\u0259ssam\u0131 Tahir Salahovun d\u0259fn m\u0259rasimin\u0259 \u0259klil g\u00f6nd\u0259rib.<\/p>\n<p>\u018fklil m\u0259rhumun I F\u0259xri xiyabanda m\u0259zar\u0131 \u00fcz\u0259rin\u0259 qoyulub.<\/p>\n<div id=\"AdviadNativeVideo0\" class=\"AdviadNativeVideo\"><\/div>\n<p>Qeyd ed\u0259k ki, Xalq r\u0259ssam\u0131 T.Salahov may\u0131n 21-d\u0259 Almaniyada m\u00fcalic\u0259 ald\u0131\u011f\u0131 x\u0259st\u0259xanada 92 ya\u015f\u0131nda v\u0259fat edib.<\/p>\n<p>&nbsp;<\/p>\n<div class=\"gallery\">\n<div class=\"gallery-i\"><img src=\"https:\/\/cdn.oxu.az\/uploads\/W1siZiIsIjIwMjEvMDUvMjQvMTMvMzMvMDgvYzMzM2U5MTgtOTU4MS00NWYyLTg0NzYtOTFjZjgxOThkMWE0LzE5MTIwNzQxMl8yOTIxMjU0NjU4MTMwMzY4XzU0ODgwMDMxMTg1MDQwMjkwMjZfbi5qcGciXSxbInAiLCJlbmNvZGUiLCJqcGciLCItcXVhbGl0eSA4MCJdLFsicCIsInRodW1iIiwiNTkweDU5MFx1MDAzZSJdXQ?sha=bd5efbb05be00139\" alt=\"\" \/><\/div>\n<\/div>\n","protected":false},"excerpt":{"rendered":"<p>Prezident \u0130lham \u018fliyev v\u0259 Az\u0259rbaycan\u0131n Birinci vitse-prezidenti Mehriban \u018fliyeva Xalq r\u0259ssam\u0131 Tahir Salahovun d\u0259fn m\u0259rasimin\u0259 \u0259klil g\u00f6nd\u0259rib. \u018fklil m\u0259rhumun I F\u0259xri xiyabanda m\u0259zar\u0131 \u00fcz\u0259rin\u0259 qoyulub. Qeyd ed\u0259k ki, Xalq r\u0259ssam\u0131 T.Salahov may\u0131n 21-d\u0259 Almaniyada m\u00fcalic\u0259 ald\u0131\u011f\u0131 x\u0259st\u0259xanada 92 ya\u015f\u0131nda v\u0259fat edib. &nbsp;<\/p>\n","protected":false},"author":2,"featured_media":339966,"comment_status":"closed","ping_status":"closed","sticky":false,"template":"","format":"standard","meta":{"om_disable_all_campaigns":false,"_monsterinsights_skip_tracking":false,"_monsterinsights_sitenote_active":false,"_monsterinsights_sitenote_note":"","_monsterinsights_sitenote_category":0},"categories":[4],"tags":[],"aioseo_notices":[],"gutentor_comment":0,"rttpg_featured_image_url":{"full":["https:\/\/arantv.az\/wp-content\/uploads\/2021\/05\/unnamed-5.jpg",512,367,false],"landscape":["https:\/\/arantv.az\/wp-content\/uploads\/2021\/05\/unnamed-5.jpg",512,367,false],"portraits":["https:\/\/arantv.az\/wp-content\/uploads\/2021\/05\/unnamed-5.jpg",512,367,false],"thumbnail":["https:\/\/arantv.az\/wp-content\/uploads\/2021\/05\/unnamed-5-500x280.jpg",500,280,true],"medium":["https:\/\/arantv.az\/wp-content\/uploads\/2021\/05\/unnamed-5-509x365.jpg",509,365,true],"large":["https:\/\/arantv.az\/wp-content\/uploads\/2021\/05\/unnamed-5.jpg",512,367,false],"1536x1536":["https:\/\/arantv.az\/wp-content\/uploads\/2021\/05\/unnamed-5.jpg",512,367,false],"2048x2048":["https:\/\/arantv.az\/wp-content\/uploads\/2021\/05\/unnamed-5.jpg",512,367,false],"post-thumbnail":["https:\/\/arantv.az\/wp-content\/uploads\/2021\/05\/unnamed-5-240x172.jpg",240,172,true],"advps-thumb-one":["https:\/\/arantv.az\/wp-content\/uploads\/2021\/05\/unnamed-5.jpg",512,367,false]},"rttpg_author":{"display_name":"V\u00fcsal Rafiqo\u011flu","author_link":"https:\/\/arantv.az\/?author=2"},"rttpg_comment":0,"rttpg_category":"<a href=\"https:\/\/arantv.az\/?cat=4\" rel=\"category\">Siyas\u0259t<\/a>","rttpg_excerpt":"Prezident \u0130lham \u018fliyev v\u0259 Az\u0259rbaycan\u0131n Birinci vitse-prezidenti Mehriban \u018fliyeva Xalq r\u0259ssam\u0131 Tahir Salahovun d\u0259fn m\u0259rasimin\u0259 \u0259klil g\u00f6nd\u0259rib. \u018fklil m\u0259rhumun I F\u0259xri xiyabanda m\u0259zar\u0131 \u00fcz\u0259rin\u0259 qoyulub. Qeyd ed\u0259k ki, Xalq r\u0259ssam\u0131 T.Salahov may\u0131n 21-d\u0259 Almaniyada m\u00fcalic\u0259 ald\u0131\u011f\u0131 x\u0259st\u0259xanada 92 ya\u015f\u0131nda v\u0259fat edib. &nbsp;","_links":{"self":[{"href":"https:\/\/arantv.az\/index.php?rest_route=\/wp\/v2\/posts\/339965"}],"collection":[{"href":"https:\/\/arantv.az\/index.php?rest_route=\/wp\/v2\/posts"}],"about":[{"href":"https:\/\/arantv.az\/index.php?rest_route=\/wp\/v2\/types\/post"}],"author":[{"embeddable":true,"href":"https:\/\/arantv.az\/index.php?rest_route=\/wp\/v2\/users\/2"}],"replies":[{"embeddable":true,"href":"https:\/\/arantv.az\/index.php?rest_route=%2Fwp%2Fv2%2Fcomments&post=339965"}],"version-history":[{"count":0,"href":"https:\/\/arantv.az\/index.php?rest_route=\/wp\/v2\/posts\/339965\/revisions"}],"wp:featuredmedia":[{"embeddable":true,"href":"https:\/\/arantv.az\/index.php?rest_route=\/wp\/v2\/media\/339966"}],"wp:attachment":[{"href":"https:\/\/arantv.az\/index.php?rest_route=%2Fwp%2Fv2%2Fmedia&parent=339965"}],"wp:term":[{"taxonomy":"category","embeddable":true,"href":"https:\/\/arantv.az\/index.php?rest_route=%2Fwp%2Fv2%2Fcategories&post=339965"},{"taxonomy":"post_tag","embeddable":true,"href":"https:\/\/arantv.az\/index.php?rest_route=%2Fwp%2Fv2%2Ftags&post=339965"}],"curies":[{"name":"wp","href":"https:\/\/api.w.org\/{rel}","templated":true}]}}