{"id":339972,"date":"2021-05-24T12:55:20","date_gmt":"2021-05-24T09:55:20","guid":{"rendered":"http:\/\/arantv.az\/?p=339972"},"modified":"2021-05-24T12:55:20","modified_gmt":"2021-05-24T09:55:20","slug":"s%c9%99udiyy%c9%99-kralindan-ilham-%c9%99liyev%c9%99-t%c9%99brik-m%c9%99ktubu","status":"publish","type":"post","link":"https:\/\/arantv.az\/?p=339972","title":{"rendered":"S\u0259udiyy\u0259 kral\u0131ndan \u0130lham \u018fliyev\u0259 t\u0259brik m\u0259ktubu"},"content":{"rendered":"<p>\u0130ki M\u00fcq\u0259dd\u0259s Oca\u011f\u0131n Xadimi, S\u0259udiyy\u0259 \u018fr\u0259bistan\u0131n\u0131n Kral\u0131 Salman bin \u018fbd\u00fcl\u0259ziz Al S\u0259ud Az\u0259rbaycan Prezidenti \u0130lham \u018fliyev\u0259 t\u0259brik m\u0259ktubu g\u00f6nd\u0259rib.<\/p>\n<div id=\"AdviadNativeVideo0\" class=\"AdviadNativeVideo\"><\/div>\n<p><strong>ARANTV.AZ<\/strong> x\u0259b\u0259r verir ki, m\u0259ktubda deyilir:<\/p>\n<p>\u201cMilli bayram\u0131n\u0131z &#8211; Respublika G\u00fcn\u00fc m\u00fcnasib\u0259til\u0259 Zati-aliniz\u0259 \u0259n s\u0259mimi t\u0259brikl\u0259rimizi \u00e7atd\u0131r\u0131r\u0131q. Siz\u0259 cansa\u011fl\u0131\u011f\u0131 v\u0259 xo\u015fb\u0259xtlik, qarda\u015f Az\u0259rbaycan Respublikas\u0131 h\u00f6kum\u0259tin\u0259 v\u0259 xalq\u0131na davaml\u0131 inki\u015faf v\u0259 rifah arzu edirik\u201d.AZ\u018fRTAC<\/p>\n","protected":false},"excerpt":{"rendered":"<p>\u0130ki M\u00fcq\u0259dd\u0259s Oca\u011f\u0131n Xadimi, S\u0259udiyy\u0259 \u018fr\u0259bistan\u0131n\u0131n Kral\u0131 Salman bin \u018fbd\u00fcl\u0259ziz Al S\u0259ud Az\u0259rbaycan Prezidenti \u0130lham \u018fliyev\u0259 t\u0259brik m\u0259ktubu g\u00f6nd\u0259rib. ARANTV.AZ x\u0259b\u0259r verir ki, m\u0259ktubda deyilir: \u201cMilli bayram\u0131n\u0131z &#8211; Respublika G\u00fcn\u00fc m\u00fcnasib\u0259til\u0259 Zati-aliniz\u0259 \u0259n s\u0259mimi t\u0259brikl\u0259rimizi \u00e7atd\u0131r\u0131r\u0131q. Siz\u0259 cansa\u011fl\u0131\u011f\u0131 v\u0259 xo\u015fb\u0259xtlik, qarda\u015f Az\u0259rbaycan Respublikas\u0131 h\u00f6kum\u0259tin\u0259 v\u0259 xalq\u0131na davaml\u0131 inki\u015faf v\u0259 rifah arzu edirik\u201d.AZ\u018fRTAC<\/p>\n","protected":false},"author":2,"featured_media":339973,"comment_status":"closed","ping_status":"closed","sticky":false,"template":"","format":"standard","meta":{"om_disable_all_campaigns":false,"_monsterinsights_skip_tracking":false,"_monsterinsights_sitenote_active":false,"_monsterinsights_sitenote_note":"","_monsterinsights_sitenote_category":0},"categories":[4],"tags":[],"aioseo_notices":[],"gutentor_comment":0,"rttpg_featured_image_url":{"full":["https:\/\/arantv.az\/wp-content\/uploads\/2021\/05\/5f6d8ff335219-gULchYvXo-d2mLp.jpg",620,433,false],"landscape":["https:\/\/arantv.az\/wp-content\/uploads\/2021\/05\/5f6d8ff335219-gULchYvXo-d2mLp.jpg",620,433,false],"portraits":["https:\/\/arantv.az\/wp-content\/uploads\/2021\/05\/5f6d8ff335219-gULchYvXo-d2mLp.jpg",620,433,false],"thumbnail":["https:\/\/arantv.az\/wp-content\/uploads\/2021\/05\/5f6d8ff335219-gULchYvXo-d2mLp-500x280.jpg",500,280,true],"medium":["https:\/\/arantv.az\/wp-content\/uploads\/2021\/05\/5f6d8ff335219-gULchYvXo-d2mLp-523x365.jpg",523,365,true],"large":["https:\/\/arantv.az\/wp-content\/uploads\/2021\/05\/5f6d8ff335219-gULchYvXo-d2mLp.jpg",620,433,false],"1536x1536":["https:\/\/arantv.az\/wp-content\/uploads\/2021\/05\/5f6d8ff335219-gULchYvXo-d2mLp.jpg",620,433,false],"2048x2048":["https:\/\/arantv.az\/wp-content\/uploads\/2021\/05\/5f6d8ff335219-gULchYvXo-d2mLp.jpg",620,433,false],"post-thumbnail":["https:\/\/arantv.az\/wp-content\/uploads\/2021\/05\/5f6d8ff335219-gULchYvXo-d2mLp-240x172.jpg",240,172,true],"advps-thumb-one":["https:\/\/arantv.az\/wp-content\/uploads\/2021\/05\/5f6d8ff335219-gULchYvXo-d2mLp.jpg",620,433,false]},"rttpg_author":{"display_name":"V\u00fcsal Rafiqo\u011flu","author_link":"https:\/\/arantv.az\/?author=2"},"rttpg_comment":0,"rttpg_category":"<a href=\"https:\/\/arantv.az\/?cat=4\" rel=\"category\">Siyas\u0259t<\/a>","rttpg_excerpt":"\u0130ki M\u00fcq\u0259dd\u0259s Oca\u011f\u0131n Xadimi, S\u0259udiyy\u0259 \u018fr\u0259bistan\u0131n\u0131n Kral\u0131 Salman bin \u018fbd\u00fcl\u0259ziz Al S\u0259ud Az\u0259rbaycan Prezidenti \u0130lham \u018fliyev\u0259 t\u0259brik m\u0259ktubu g\u00f6nd\u0259rib. ARANTV.AZ x\u0259b\u0259r verir ki, m\u0259ktubda deyilir: \u201cMilli bayram\u0131n\u0131z &#8211; Respublika G\u00fcn\u00fc m\u00fcnasib\u0259til\u0259 Zati-aliniz\u0259 \u0259n s\u0259mimi t\u0259brikl\u0259rimizi \u00e7atd\u0131r\u0131r\u0131q. Siz\u0259 cansa\u011fl\u0131\u011f\u0131 v\u0259 xo\u015fb\u0259xtlik, qarda\u015f Az\u0259rbaycan Respublikas\u0131 h\u00f6kum\u0259tin\u0259 v\u0259 xalq\u0131na davaml\u0131 inki\u015faf v\u0259 rifah arzu edirik\u201d.AZ\u018fRTAC","_links":{"self":[{"href":"https:\/\/arantv.az\/index.php?rest_route=\/wp\/v2\/posts\/339972"}],"collection":[{"href":"https:\/\/arantv.az\/index.php?rest_route=\/wp\/v2\/posts"}],"about":[{"href":"https:\/\/arantv.az\/index.php?rest_route=\/wp\/v2\/types\/post"}],"author":[{"embeddable":true,"href":"https:\/\/arantv.az\/index.php?rest_route=\/wp\/v2\/users\/2"}],"replies":[{"embeddable":true,"href":"https:\/\/arantv.az\/index.php?rest_route=%2Fwp%2Fv2%2Fcomments&post=339972"}],"version-history":[{"count":0,"href":"https:\/\/arantv.az\/index.php?rest_route=\/wp\/v2\/posts\/339972\/revisions"}],"wp:featuredmedia":[{"embeddable":true,"href":"https:\/\/arantv.az\/index.php?rest_route=\/wp\/v2\/media\/339973"}],"wp:attachment":[{"href":"https:\/\/arantv.az\/index.php?rest_route=%2Fwp%2Fv2%2Fmedia&parent=339972"}],"wp:term":[{"taxonomy":"category","embeddable":true,"href":"https:\/\/arantv.az\/index.php?rest_route=%2Fwp%2Fv2%2Fcategories&post=339972"},{"taxonomy":"post_tag","embeddable":true,"href":"https:\/\/arantv.az\/index.php?rest_route=%2Fwp%2Fv2%2Ftags&post=339972"}],"curies":[{"name":"wp","href":"https:\/\/api.w.org\/{rel}","templated":true}]}}