{"id":339978,"date":"2021-05-24T12:57:22","date_gmt":"2021-05-24T09:57:22","guid":{"rendered":"http:\/\/arantv.az\/?p=339978"},"modified":"2021-05-24T12:57:22","modified_gmt":"2021-05-24T09:57:22","slug":"v%c9%99kil-q%c9%99za-tor%c9%99d%c9%99r%c9%99k-insan-olumun%c9%99-s%c9%99b%c9%99b-olub","status":"publish","type":"post","link":"https:\/\/arantv.az\/?p=339978","title":{"rendered":"V\u0259kil q\u0259za t\u00f6r\u0259d\u0259r\u0259k insan \u00f6l\u00fcm\u00fcn\u0259 s\u0259b\u0259b olub"},"content":{"rendered":"<p>Bak\u0131 A\u011f\u0131r Cinay\u0259tl\u0259r M\u0259hk\u0259m\u0259sind\u0259 \u00f6l\u00fcml\u0259 n\u0259tic\u0259l\u0259n\u0259n q\u0259za t\u00f6r\u0259tm\u0259kd\u0259 ittiham olunan v\u0259kil V\u00fcsal Mirz\u0259yevin m\u0259hk\u0259m\u0259 ara\u015fd\u0131rmas\u0131 davam edir.<\/p>\n<p><strong>ARANTV.AZ<\/strong> qafqazinfo-ya istinad\u0259n x\u0259b\u0259r verir ki, onun cinay\u0259t i\u015fi \u00fczr\u0259 m\u0259hk\u0259m\u0259 prosesin\u0259 hakim Mahmud A\u011falarovun s\u0259drliyi il\u0259 bax\u0131l\u0131r.<\/p>\n<p>Bu g\u00fcn ke\u00e7iril\u0259n iclasda V\u0259kill\u0259r Kollegiyas\u0131n\u0131n \u00fczv\u00fc V.Mirz\u0259yevin yeni v\u0259kill\u0259 m\u00fcqavil\u0259 imzalad\u0131\u011f\u0131 b\u0259lli olub. Bu s\u0259b\u0259bd\u0259n bug\u00fcnk\u00fc iclas t\u0259xir\u0259 sal\u0131n\u0131b.<\/p>\n<p>\u0130ttihama g\u00f6r\u0259, q\u0259za zaman\u0131 v\u0259kil V.Mirz\u0259yevin s\u00fcr\u00fcc\u00fcl\u00fck v\u0259siq\u0259sinin m\u00fcdd\u0259ti ba\u015fa \u00e7at\u0131bm\u0131\u015f.<\/p>\n","protected":false},"excerpt":{"rendered":"<p>Bak\u0131 A\u011f\u0131r Cinay\u0259tl\u0259r M\u0259hk\u0259m\u0259sind\u0259 \u00f6l\u00fcml\u0259 n\u0259tic\u0259l\u0259n\u0259n q\u0259za t\u00f6r\u0259tm\u0259kd\u0259 ittiham olunan v\u0259kil V\u00fcsal Mirz\u0259yevin m\u0259hk\u0259m\u0259 ara\u015fd\u0131rmas\u0131 davam edir. ARANTV.AZ qafqazinfo-ya istinad\u0259n x\u0259b\u0259r verir ki, onun cinay\u0259t i\u015fi \u00fczr\u0259 m\u0259hk\u0259m\u0259 prosesin\u0259 hakim Mahmud A\u011falarovun s\u0259drliyi il\u0259 bax\u0131l\u0131r. Bu g\u00fcn ke\u00e7iril\u0259n iclasda V\u0259kill\u0259r Kollegiyas\u0131n\u0131n \u00fczv\u00fc V.Mirz\u0259yevin yeni v\u0259kill\u0259 m\u00fcqavil\u0259 imzalad\u0131\u011f\u0131 b\u0259lli olub. Bu s\u0259b\u0259bd\u0259n bug\u00fcnk\u00fc iclas t\u0259xir\u0259 sal\u0131n\u0131b. \u0130ttihama g\u00f6r\u0259, q\u0259za zaman\u0131 v\u0259kil V.Mirz\u0259yevin s\u00fcr\u00fcc\u00fcl\u00fck v\u0259siq\u0259sinin m\u00fcdd\u0259ti ba\u015fa \u00e7at\u0131bm\u0131\u015f.<\/p>\n","protected":false},"author":2,"featured_media":339979,"comment_status":"closed","ping_status":"closed","sticky":false,"template":"","format":"standard","meta":{"om_disable_all_campaigns":false,"_monsterinsights_skip_tracking":false,"_monsterinsights_sitenote_active":false,"_monsterinsights_sitenote_note":"","_monsterinsights_sitenote_category":0},"categories":[5],"tags":[],"aioseo_notices":[],"gutentor_comment":0,"rttpg_featured_image_url":{"full":["https:\/\/arantv.az\/wp-content\/uploads\/2021\/05\/950757.jpg",800,600,false],"landscape":["https:\/\/arantv.az\/wp-content\/uploads\/2021\/05\/950757.jpg",800,600,false],"portraits":["https:\/\/arantv.az\/wp-content\/uploads\/2021\/05\/950757.jpg",800,600,false],"thumbnail":["https:\/\/arantv.az\/wp-content\/uploads\/2021\/05\/950757-500x280.jpg",500,280,true],"medium":["https:\/\/arantv.az\/wp-content\/uploads\/2021\/05\/950757-487x365.jpg",487,365,true],"large":["https:\/\/arantv.az\/wp-content\/uploads\/2021\/05\/950757.jpg",640,480,false],"1536x1536":["https:\/\/arantv.az\/wp-content\/uploads\/2021\/05\/950757.jpg",800,600,false],"2048x2048":["https:\/\/arantv.az\/wp-content\/uploads\/2021\/05\/950757.jpg",800,600,false],"post-thumbnail":["https:\/\/arantv.az\/wp-content\/uploads\/2021\/05\/950757-240x172.jpg",240,172,true],"advps-thumb-one":["https:\/\/arantv.az\/wp-content\/uploads\/2021\/05\/950757.jpg",800,600,false]},"rttpg_author":{"display_name":"V\u00fcsal Rafiqo\u011flu","author_link":"https:\/\/arantv.az\/?author=2"},"rttpg_comment":0,"rttpg_category":"<a href=\"https:\/\/arantv.az\/?cat=5\" rel=\"category\">Hadis\u0259<\/a>","rttpg_excerpt":"Bak\u0131 A\u011f\u0131r Cinay\u0259tl\u0259r M\u0259hk\u0259m\u0259sind\u0259 \u00f6l\u00fcml\u0259 n\u0259tic\u0259l\u0259n\u0259n q\u0259za t\u00f6r\u0259tm\u0259kd\u0259 ittiham olunan v\u0259kil V\u00fcsal Mirz\u0259yevin m\u0259hk\u0259m\u0259 ara\u015fd\u0131rmas\u0131 davam edir. ARANTV.AZ qafqazinfo-ya istinad\u0259n x\u0259b\u0259r verir ki, onun cinay\u0259t i\u015fi \u00fczr\u0259 m\u0259hk\u0259m\u0259 prosesin\u0259 hakim Mahmud A\u011falarovun s\u0259drliyi il\u0259 bax\u0131l\u0131r. Bu g\u00fcn ke\u00e7iril\u0259n iclasda V\u0259kill\u0259r Kollegiyas\u0131n\u0131n \u00fczv\u00fc V.Mirz\u0259yevin yeni v\u0259kill\u0259 m\u00fcqavil\u0259 imzalad\u0131\u011f\u0131 b\u0259lli olub. Bu s\u0259b\u0259bd\u0259n bug\u00fcnk\u00fc iclas t\u0259xir\u0259 sal\u0131n\u0131b.&hellip;","_links":{"self":[{"href":"https:\/\/arantv.az\/index.php?rest_route=\/wp\/v2\/posts\/339978"}],"collection":[{"href":"https:\/\/arantv.az\/index.php?rest_route=\/wp\/v2\/posts"}],"about":[{"href":"https:\/\/arantv.az\/index.php?rest_route=\/wp\/v2\/types\/post"}],"author":[{"embeddable":true,"href":"https:\/\/arantv.az\/index.php?rest_route=\/wp\/v2\/users\/2"}],"replies":[{"embeddable":true,"href":"https:\/\/arantv.az\/index.php?rest_route=%2Fwp%2Fv2%2Fcomments&post=339978"}],"version-history":[{"count":0,"href":"https:\/\/arantv.az\/index.php?rest_route=\/wp\/v2\/posts\/339978\/revisions"}],"wp:featuredmedia":[{"embeddable":true,"href":"https:\/\/arantv.az\/index.php?rest_route=\/wp\/v2\/media\/339979"}],"wp:attachment":[{"href":"https:\/\/arantv.az\/index.php?rest_route=%2Fwp%2Fv2%2Fmedia&parent=339978"}],"wp:term":[{"taxonomy":"category","embeddable":true,"href":"https:\/\/arantv.az\/index.php?rest_route=%2Fwp%2Fv2%2Fcategories&post=339978"},{"taxonomy":"post_tag","embeddable":true,"href":"https:\/\/arantv.az\/index.php?rest_route=%2Fwp%2Fv2%2Ftags&post=339978"}],"curies":[{"name":"wp","href":"https:\/\/api.w.org\/{rel}","templated":true}]}}