{"id":339981,"date":"2021-05-24T12:58:18","date_gmt":"2021-05-24T09:58:18","guid":{"rendered":"http:\/\/arantv.az\/?p=339981"},"modified":"2021-05-24T12:58:18","modified_gmt":"2021-05-24T09:58:18","slug":"s%c9%99udiyy%c9%99-%c9%99r%c9%99bistaninin-krali-v%c9%99-v%c9%99li%c9%99hdi-prezident-ilham-%c9%99liyevi-t%c9%99brik-edib","status":"publish","type":"post","link":"https:\/\/arantv.az\/?p=339981","title":{"rendered":"S\u0259udiyy\u0259 \u018fr\u0259bistan\u0131n\u0131n kral\u0131 v\u0259 v\u0259li\u0259hdi Prezident \u0130lham \u018fliyevi t\u0259brik edib"},"content":{"rendered":"<p>\u0130ki M\u00fcq\u0259dd\u0259s Oca\u011f\u0131n Xadimi, S\u0259udiyy\u0259 \u018fr\u0259bistan\u0131n\u0131n Kral\u0131 Salman bin \u018fbd\u00fcl\u0259ziz Al S\u0259ud\u00a0Az\u0259rbaycan Respublikas\u0131n\u0131n Prezidenti \u0130lham \u018fliyev\u0259 t\u0259brik \u00fcnvanlay\u0131b.<\/p>\n<p><strong>ARANTV.AZ<\/strong>\u00a0 <a href=\"http:\/\/azertag.az\/\" target=\"_blank\" rel=\"noopener\">AZ\u018fRTAC<\/a>-a istinad\u0259n bildirir ki,\u00a0t\u0259brikd\u0259 deyilir: &#8220;\u018fs-s\u0259lamu \u0259leykum v\u0259 r\u0259hm\u0259tullahi v\u0259 b\u0259r\u0259k\u0259tuhu.<\/p>\n<p>Zati-alil\u0259ri, Qarda\u015f\u0131m \u0130lham Heyd\u0259r o\u011flu \u018fliyev.<\/p>\n<p>Milli bayram\u0131n\u0131z &#8211; Respublika G\u00fcn\u00fc m\u00fcnasib\u0259til\u0259 Zati-aliniz\u0259 \u0259n s\u0259mimi t\u0259brikl\u0259rimizi \u00e7atd\u0131r\u0131r\u0131q. Siz\u0259 cansa\u011fl\u0131\u011f\u0131 v\u0259 xo\u015fb\u0259xtlik, qarda\u015f Az\u0259rbaycan Respublikas\u0131 h\u00f6kum\u0259tin\u0259 v\u0259 xalq\u0131na davaml\u0131 inki\u015faf v\u0259 rifah arzu edirik.<\/p>\n<p>Zati-aliniz\u0259 h\u00f6rm\u0259t v\u0259 ehtiramla,<\/p>\n<p>Qarda\u015f\u0131n\u0131z<\/p>\n<p>Salman bin \u018fbd\u00fcl\u0259ziz Al S\u0259ud<\/p>\n<p>\u0130ki M\u00fcq\u0259dd\u0259s Oca\u011f\u0131n Xadimi,<\/p>\n<p>S\u0259udiyy\u0259 \u018fr\u0259bistan\u0131n\u0131n Kral\u0131&#8221;.<\/p>\n","protected":false},"excerpt":{"rendered":"<p>\u0130ki M\u00fcq\u0259dd\u0259s Oca\u011f\u0131n Xadimi, S\u0259udiyy\u0259 \u018fr\u0259bistan\u0131n\u0131n Kral\u0131 Salman bin \u018fbd\u00fcl\u0259ziz Al S\u0259ud\u00a0Az\u0259rbaycan Respublikas\u0131n\u0131n Prezidenti \u0130lham \u018fliyev\u0259 t\u0259brik \u00fcnvanlay\u0131b. ARANTV.AZ\u00a0 AZ\u018fRTAC-a istinad\u0259n bildirir ki,\u00a0t\u0259brikd\u0259 deyilir: &#8220;\u018fs-s\u0259lamu \u0259leykum v\u0259 r\u0259hm\u0259tullahi v\u0259 b\u0259r\u0259k\u0259tuhu. Zati-alil\u0259ri, Qarda\u015f\u0131m \u0130lham Heyd\u0259r o\u011flu \u018fliyev. Milli bayram\u0131n\u0131z &#8211; Respublika G\u00fcn\u00fc m\u00fcnasib\u0259til\u0259 Zati-aliniz\u0259 \u0259n s\u0259mimi t\u0259brikl\u0259rimizi \u00e7atd\u0131r\u0131r\u0131q. Siz\u0259 cansa\u011fl\u0131\u011f\u0131 v\u0259 xo\u015fb\u0259xtlik, qarda\u015f Az\u0259rbaycan Respublikas\u0131 h\u00f6kum\u0259tin\u0259 v\u0259 xalq\u0131na davaml\u0131 inki\u015faf v\u0259 rifah arzu edirik. Zati-aliniz\u0259 h\u00f6rm\u0259t v\u0259 ehtiramla, Qarda\u015f\u0131n\u0131z Salman bin \u018fbd\u00fcl\u0259ziz Al S\u0259ud \u0130ki M\u00fcq\u0259dd\u0259s Oca\u011f\u0131n Xadimi, S\u0259udiyy\u0259 \u018fr\u0259bistan\u0131n\u0131n Kral\u0131&#8221;.<\/p>\n","protected":false},"author":2,"featured_media":339982,"comment_status":"closed","ping_status":"closed","sticky":false,"template":"","format":"standard","meta":{"om_disable_all_campaigns":false,"_monsterinsights_skip_tracking":false,"_monsterinsights_sitenote_active":false,"_monsterinsights_sitenote_note":"","_monsterinsights_sitenote_category":0},"categories":[4],"tags":[],"aioseo_notices":[],"gutentor_comment":0,"rttpg_featured_image_url":{"full":["https:\/\/arantv.az\/wp-content\/uploads\/2021\/05\/950758.jpg",800,600,false],"landscape":["https:\/\/arantv.az\/wp-content\/uploads\/2021\/05\/950758.jpg",800,600,false],"portraits":["https:\/\/arantv.az\/wp-content\/uploads\/2021\/05\/950758.jpg",800,600,false],"thumbnail":["https:\/\/arantv.az\/wp-content\/uploads\/2021\/05\/950758-500x280.jpg",500,280,true],"medium":["https:\/\/arantv.az\/wp-content\/uploads\/2021\/05\/950758-487x365.jpg",487,365,true],"large":["https:\/\/arantv.az\/wp-content\/uploads\/2021\/05\/950758.jpg",640,480,false],"1536x1536":["https:\/\/arantv.az\/wp-content\/uploads\/2021\/05\/950758.jpg",800,600,false],"2048x2048":["https:\/\/arantv.az\/wp-content\/uploads\/2021\/05\/950758.jpg",800,600,false],"post-thumbnail":["https:\/\/arantv.az\/wp-content\/uploads\/2021\/05\/950758-240x172.jpg",240,172,true],"advps-thumb-one":["https:\/\/arantv.az\/wp-content\/uploads\/2021\/05\/950758.jpg",800,600,false]},"rttpg_author":{"display_name":"V\u00fcsal Rafiqo\u011flu","author_link":"https:\/\/arantv.az\/?author=2"},"rttpg_comment":0,"rttpg_category":"<a href=\"https:\/\/arantv.az\/?cat=4\" rel=\"category\">Siyas\u0259t<\/a>","rttpg_excerpt":"\u0130ki M\u00fcq\u0259dd\u0259s Oca\u011f\u0131n Xadimi, S\u0259udiyy\u0259 \u018fr\u0259bistan\u0131n\u0131n Kral\u0131 Salman bin \u018fbd\u00fcl\u0259ziz Al S\u0259ud\u00a0Az\u0259rbaycan Respublikas\u0131n\u0131n Prezidenti \u0130lham \u018fliyev\u0259 t\u0259brik \u00fcnvanlay\u0131b. ARANTV.AZ\u00a0 AZ\u018fRTAC-a istinad\u0259n bildirir ki,\u00a0t\u0259brikd\u0259 deyilir: &#8220;\u018fs-s\u0259lamu \u0259leykum v\u0259 r\u0259hm\u0259tullahi v\u0259 b\u0259r\u0259k\u0259tuhu. Zati-alil\u0259ri, Qarda\u015f\u0131m \u0130lham Heyd\u0259r o\u011flu \u018fliyev. Milli bayram\u0131n\u0131z &#8211; Respublika G\u00fcn\u00fc m\u00fcnasib\u0259til\u0259 Zati-aliniz\u0259 \u0259n s\u0259mimi t\u0259brikl\u0259rimizi \u00e7atd\u0131r\u0131r\u0131q. Siz\u0259 cansa\u011fl\u0131\u011f\u0131 v\u0259 xo\u015fb\u0259xtlik, qarda\u015f Az\u0259rbaycan Respublikas\u0131 h\u00f6kum\u0259tin\u0259&hellip;","_links":{"self":[{"href":"https:\/\/arantv.az\/index.php?rest_route=\/wp\/v2\/posts\/339981"}],"collection":[{"href":"https:\/\/arantv.az\/index.php?rest_route=\/wp\/v2\/posts"}],"about":[{"href":"https:\/\/arantv.az\/index.php?rest_route=\/wp\/v2\/types\/post"}],"author":[{"embeddable":true,"href":"https:\/\/arantv.az\/index.php?rest_route=\/wp\/v2\/users\/2"}],"replies":[{"embeddable":true,"href":"https:\/\/arantv.az\/index.php?rest_route=%2Fwp%2Fv2%2Fcomments&post=339981"}],"version-history":[{"count":0,"href":"https:\/\/arantv.az\/index.php?rest_route=\/wp\/v2\/posts\/339981\/revisions"}],"wp:featuredmedia":[{"embeddable":true,"href":"https:\/\/arantv.az\/index.php?rest_route=\/wp\/v2\/media\/339982"}],"wp:attachment":[{"href":"https:\/\/arantv.az\/index.php?rest_route=%2Fwp%2Fv2%2Fmedia&parent=339981"}],"wp:term":[{"taxonomy":"category","embeddable":true,"href":"https:\/\/arantv.az\/index.php?rest_route=%2Fwp%2Fv2%2Fcategories&post=339981"},{"taxonomy":"post_tag","embeddable":true,"href":"https:\/\/arantv.az\/index.php?rest_route=%2Fwp%2Fv2%2Ftags&post=339981"}],"curies":[{"name":"wp","href":"https:\/\/api.w.org\/{rel}","templated":true}]}}