{"id":339984,"date":"2021-05-24T12:59:04","date_gmt":"2021-05-24T09:59:04","guid":{"rendered":"http:\/\/arantv.az\/?p=339984"},"modified":"2021-05-24T12:59:04","modified_gmt":"2021-05-24T09:59:04","slug":"susa-m%c9%99d%c9%99niyy%c9%99t-v%c9%99-turizm-m%c9%99kanina-cevril%c9%99c%c9%99k-nazir","status":"publish","type":"post","link":"https:\/\/arantv.az\/?p=339984","title":{"rendered":"\u015eu\u015fa m\u0259d\u0259niyy\u0259t v\u0259 turizm m\u0259kan\u0131na \u00e7evril\u0259c\u0259k &#8211; Nazir"},"content":{"rendered":"<p><strong>\u015eu\u015fan\u0131n Az\u0259rbaycan\u0131n m\u0259d\u0259niyy\u0259t paytaxt\u0131 elan edilm\u0259si il\u0259 ba\u011fl\u0131 g\u00f6r\u00fcl\u0259c\u0259k i\u015fl\u0259r\u0259 dair f\u0259aliyy\u0259t plan\u0131 haz\u0131rlan\u0131r.<\/strong><\/p>\n<p><strong>ARANTV.AZ<\/strong>\u00a0 <a href=\"https:\/\/az.trend.az\/\" target=\"_blank\" rel=\"noopener\">Trend<\/a>-\u0259 istinad\u0259n bildirir ki,\u00a0bunu jurnalistl\u0259r\u0259 a\u00e7\u0131qlamas\u0131nda m\u0259d\u0259niyy\u0259t naziri Anar K\u0259rimov deyib.<\/p>\n<p>A.K\u0259rimov bildirib ki, \u0259n birinci m\u0259s\u0259l\u0259 m\u0259d\u0259ni-tarixi abid\u0259l\u0259rinin b\u0259rpas\u0131 i\u015fl\u0259ridir: &#8220;Bundan ba\u015flamal\u0131y\u0131q. Eyni zamanda infrastrukturun b\u0259rpas\u0131 i\u015fl\u0259ri \u00f6n\u0259mlidir. T\u0259bii ki, daha sonrak\u0131 m\u0259s\u0259l\u0259 \u0259halinin oraya qay\u0131tmas\u0131 v\u0259 ad\u0259t-\u0259n\u0259n\u0259l\u0259rimizin davam etdirilm\u0259sidir.<\/p>\n<p>\u00dcmumiyy\u0259tl\u0259 fikirl\u0259\u015firik ki, \u015eu\u015fan\u0131 bir m\u0259d\u0259niyy\u0259t v\u0259 turizm m\u0259kan\u0131na \u00e7evir\u0259k&#8221;.<\/p>\n","protected":false},"excerpt":{"rendered":"<p>\u015eu\u015fan\u0131n Az\u0259rbaycan\u0131n m\u0259d\u0259niyy\u0259t paytaxt\u0131 elan edilm\u0259si il\u0259 ba\u011fl\u0131 g\u00f6r\u00fcl\u0259c\u0259k i\u015fl\u0259r\u0259 dair f\u0259aliyy\u0259t plan\u0131 haz\u0131rlan\u0131r. ARANTV.AZ\u00a0 Trend-\u0259 istinad\u0259n bildirir ki,\u00a0bunu jurnalistl\u0259r\u0259 a\u00e7\u0131qlamas\u0131nda m\u0259d\u0259niyy\u0259t naziri Anar K\u0259rimov deyib. A.K\u0259rimov bildirib ki, \u0259n birinci m\u0259s\u0259l\u0259 m\u0259d\u0259ni-tarixi abid\u0259l\u0259rinin b\u0259rpas\u0131 i\u015fl\u0259ridir: &#8220;Bundan ba\u015flamal\u0131y\u0131q. Eyni zamanda infrastrukturun b\u0259rpas\u0131 i\u015fl\u0259ri \u00f6n\u0259mlidir. T\u0259bii ki, daha sonrak\u0131 m\u0259s\u0259l\u0259 \u0259halinin oraya qay\u0131tmas\u0131 v\u0259 ad\u0259t-\u0259n\u0259n\u0259l\u0259rimizin davam etdirilm\u0259sidir. \u00dcmumiyy\u0259tl\u0259 fikirl\u0259\u015firik ki, \u015eu\u015fan\u0131 bir m\u0259d\u0259niyy\u0259t v\u0259 turizm m\u0259kan\u0131na \u00e7evir\u0259k&#8221;.<\/p>\n","protected":false},"author":2,"featured_media":339985,"comment_status":"closed","ping_status":"closed","sticky":false,"template":"","format":"standard","meta":{"om_disable_all_campaigns":false,"_monsterinsights_skip_tracking":false,"_monsterinsights_sitenote_active":false,"_monsterinsights_sitenote_note":"","_monsterinsights_sitenote_category":0},"categories":[26],"tags":[],"aioseo_notices":[],"gutentor_comment":0,"rttpg_featured_image_url":{"full":["https:\/\/arantv.az\/wp-content\/uploads\/2021\/05\/950755.jpg",800,600,false],"landscape":["https:\/\/arantv.az\/wp-content\/uploads\/2021\/05\/950755.jpg",800,600,false],"portraits":["https:\/\/arantv.az\/wp-content\/uploads\/2021\/05\/950755.jpg",800,600,false],"thumbnail":["https:\/\/arantv.az\/wp-content\/uploads\/2021\/05\/950755-500x280.jpg",500,280,true],"medium":["https:\/\/arantv.az\/wp-content\/uploads\/2021\/05\/950755-487x365.jpg",487,365,true],"large":["https:\/\/arantv.az\/wp-content\/uploads\/2021\/05\/950755.jpg",640,480,false],"1536x1536":["https:\/\/arantv.az\/wp-content\/uploads\/2021\/05\/950755.jpg",800,600,false],"2048x2048":["https:\/\/arantv.az\/wp-content\/uploads\/2021\/05\/950755.jpg",800,600,false],"post-thumbnail":["https:\/\/arantv.az\/wp-content\/uploads\/2021\/05\/950755-240x172.jpg",240,172,true],"advps-thumb-one":["https:\/\/arantv.az\/wp-content\/uploads\/2021\/05\/950755.jpg",800,600,false]},"rttpg_author":{"display_name":"V\u00fcsal Rafiqo\u011flu","author_link":"https:\/\/arantv.az\/?author=2"},"rttpg_comment":0,"rttpg_category":"<a href=\"https:\/\/arantv.az\/?cat=26\" rel=\"category\">Sosial<\/a>","rttpg_excerpt":"\u015eu\u015fan\u0131n Az\u0259rbaycan\u0131n m\u0259d\u0259niyy\u0259t paytaxt\u0131 elan edilm\u0259si il\u0259 ba\u011fl\u0131 g\u00f6r\u00fcl\u0259c\u0259k i\u015fl\u0259r\u0259 dair f\u0259aliyy\u0259t plan\u0131 haz\u0131rlan\u0131r. ARANTV.AZ\u00a0 Trend-\u0259 istinad\u0259n bildirir ki,\u00a0bunu jurnalistl\u0259r\u0259 a\u00e7\u0131qlamas\u0131nda m\u0259d\u0259niyy\u0259t naziri Anar K\u0259rimov deyib. A.K\u0259rimov bildirib ki, \u0259n birinci m\u0259s\u0259l\u0259 m\u0259d\u0259ni-tarixi abid\u0259l\u0259rinin b\u0259rpas\u0131 i\u015fl\u0259ridir: &#8220;Bundan ba\u015flamal\u0131y\u0131q. Eyni zamanda infrastrukturun b\u0259rpas\u0131 i\u015fl\u0259ri \u00f6n\u0259mlidir. T\u0259bii ki, daha sonrak\u0131 m\u0259s\u0259l\u0259 \u0259halinin oraya qay\u0131tmas\u0131 v\u0259 ad\u0259t-\u0259n\u0259n\u0259l\u0259rimizin davam&hellip;","_links":{"self":[{"href":"https:\/\/arantv.az\/index.php?rest_route=\/wp\/v2\/posts\/339984"}],"collection":[{"href":"https:\/\/arantv.az\/index.php?rest_route=\/wp\/v2\/posts"}],"about":[{"href":"https:\/\/arantv.az\/index.php?rest_route=\/wp\/v2\/types\/post"}],"author":[{"embeddable":true,"href":"https:\/\/arantv.az\/index.php?rest_route=\/wp\/v2\/users\/2"}],"replies":[{"embeddable":true,"href":"https:\/\/arantv.az\/index.php?rest_route=%2Fwp%2Fv2%2Fcomments&post=339984"}],"version-history":[{"count":0,"href":"https:\/\/arantv.az\/index.php?rest_route=\/wp\/v2\/posts\/339984\/revisions"}],"wp:featuredmedia":[{"embeddable":true,"href":"https:\/\/arantv.az\/index.php?rest_route=\/wp\/v2\/media\/339985"}],"wp:attachment":[{"href":"https:\/\/arantv.az\/index.php?rest_route=%2Fwp%2Fv2%2Fmedia&parent=339984"}],"wp:term":[{"taxonomy":"category","embeddable":true,"href":"https:\/\/arantv.az\/index.php?rest_route=%2Fwp%2Fv2%2Fcategories&post=339984"},{"taxonomy":"post_tag","embeddable":true,"href":"https:\/\/arantv.az\/index.php?rest_route=%2Fwp%2Fv2%2Ftags&post=339984"}],"curies":[{"name":"wp","href":"https:\/\/api.w.org\/{rel}","templated":true}]}}