{"id":339990,"date":"2021-05-24T13:01:47","date_gmt":"2021-05-24T10:01:47","guid":{"rendered":"http:\/\/arantv.az\/?p=339990"},"modified":"2021-05-24T13:01:47","modified_gmt":"2021-05-24T10:01:47","slug":"kolumbiyada-hokum%c9%99t-%c9%99leyhin%c9%99-etirazlar-davam-edir","status":"publish","type":"post","link":"https:\/\/arantv.az\/?p=339990","title":{"rendered":"Kolumbiyada h\u00f6kum\u0259t \u0259leyhin\u0259 etirazlar davam edir"},"content":{"rendered":"<p>Kolumbiyada k\u00fctl\u0259vi antih\u00f6kum\u0259t etirazlar\u0131 25 g\u00fcnd\u00fcr ki, davam edir.<\/p>\n<p><strong>ARANTV.AZ<\/strong> qafqazinfo-ya istinad\u0259n x\u0259b\u0259r verir ki, minl\u0259rl\u0259 n\u00fcmayi\u015f\u00e7i \u00f6lk\u0259nin paytaxt\u0131 Boqota il\u0259 yana\u015f\u0131 Medelin, Kali, Bukaramanqa v\u0259 Valye del Kauka \u015f\u0259h\u0259rl\u0259rind\u0259 k\u00fc\u00e7\u0259l\u0259r\u0259 \u00e7\u0131x\u0131b.<\/p>\n<p>Medelind\u0259 n\u00fcmayi\u015fl\u0259r g\u00fcnd\u00fcz vaxt\u0131 dinc \u015f\u0259kild\u0259 ba\u015f tutsa da, ax\u015fam saatlar\u0131nda i\u011fti\u015fa\u015flar ya\u015fan\u0131b. Bir qrup maskal\u0131 \u015f\u0259xs ticar\u0259t m\u0259rk\u0259zini qar\u0259t etm\u0259y\u0259 \u00e7al\u0131\u015f\u0131b. Polis etiraz\u00e7\u0131lara qar\u015f\u0131 g\u00f6zya\u015fard\u0131c\u0131 qazdan istifad\u0259 edib. 3 m\u00fchafiz\u0259\u00e7i daxil olmaqla 9 n\u0259f\u0259r yaralan\u0131b.<\/p>\n<p>Kalid\u0259 n\u00fcmayi\u015f\u00e7il\u0259r \u0259sas yollar\u0131 ba\u011flay\u0131blar. Polisl\u0259 qar\u015f\u0131durmalar ya\u015fan\u0131b. Etiraz\u00e7\u0131lar t\u0259hl\u00fck\u0259sizlik q\u00fcvv\u0259l\u0259rin\u0259 da\u015f v\u0259 molotof kokteyli at\u0131blar. Polis g\u00f6zya\u015fard\u0131c\u0131 qazdan istifad\u0259 edib. \u0130\u011fti\u015fa\u015flarda 1 n\u00fcmayi\u015f\u00e7i h\u0259lak olub, 6 n\u0259f\u0259r x\u0259sar\u0259t al\u0131b.<\/p>\n<p>Kolumbiyadak\u0131 &#8220;Voces del Sur&#8221; ofisi (Lat\u0131n Amerikas\u0131ndak\u0131 media qurumlar\u0131n\u0131n h\u00fcquqlar\u0131nda dair ara\u015fd\u0131rma m\u0259rk\u0259zi) bu g\u00fcn\u0259 q\u0259d\u0259r polisin g\u00fcc t\u0259tbiq etm\u0259si n\u0259tic\u0259sind\u0259 16 jurnalistin yaraland\u0131\u011f\u0131n\u0131 a\u00e7\u0131qlay\u0131b.<\/p>\n<p>Qeyd ed\u0259k ki, Kolumbiyada vergi islahatlar\u0131na qar\u015f\u0131 etirazlar 28 apreld\u0259 ba\u015flay\u0131b.<\/p>\n<p>QHT-nin verdiyi m\u0259lumata g\u00f6r\u0259, qiyamlar zaman\u0131 bir aya yax\u0131n m\u00fcdd\u0259td\u0259 42 n\u00fcmayi\u015f\u00e7i h\u0259lak olub, 2 905 n\u0259f\u0259r polis zorak\u0131l\u0131\u011f\u0131na, 21 n\u0259f\u0259r cinsi t\u0259cav\u00fcz\u0259 m\u0259ruz qal\u0131b.<\/p>\n<p>1264 n\u00fcmayi\u015f\u00e7i n\u0259zar\u0259t\u0259 al\u0131n\u0131b, 1049 polis v\u0259 1040 m\u00fclki \u015f\u0259xs yaralan\u0131b.<\/p>\n","protected":false},"excerpt":{"rendered":"<p>Kolumbiyada k\u00fctl\u0259vi antih\u00f6kum\u0259t etirazlar\u0131 25 g\u00fcnd\u00fcr ki, davam edir. ARANTV.AZ qafqazinfo-ya istinad\u0259n x\u0259b\u0259r verir ki, minl\u0259rl\u0259 n\u00fcmayi\u015f\u00e7i \u00f6lk\u0259nin paytaxt\u0131 Boqota il\u0259 yana\u015f\u0131 Medelin, Kali, Bukaramanqa v\u0259 Valye del Kauka \u015f\u0259h\u0259rl\u0259rind\u0259 k\u00fc\u00e7\u0259l\u0259r\u0259 \u00e7\u0131x\u0131b. Medelind\u0259 n\u00fcmayi\u015fl\u0259r g\u00fcnd\u00fcz vaxt\u0131 dinc \u015f\u0259kild\u0259 ba\u015f tutsa da, ax\u015fam saatlar\u0131nda i\u011fti\u015fa\u015flar ya\u015fan\u0131b. Bir qrup maskal\u0131 \u015f\u0259xs ticar\u0259t m\u0259rk\u0259zini qar\u0259t etm\u0259y\u0259 \u00e7al\u0131\u015f\u0131b. Polis etiraz\u00e7\u0131lara qar\u015f\u0131 g\u00f6zya\u015fard\u0131c\u0131 qazdan istifad\u0259 edib. 3 m\u00fchafiz\u0259\u00e7i daxil olmaqla 9 n\u0259f\u0259r yaralan\u0131b. Kalid\u0259 n\u00fcmayi\u015f\u00e7il\u0259r \u0259sas yollar\u0131 ba\u011flay\u0131blar. Polisl\u0259 qar\u015f\u0131durmalar ya\u015fan\u0131b. Etiraz\u00e7\u0131lar t\u0259hl\u00fck\u0259sizlik q\u00fcvv\u0259l\u0259rin\u0259 da\u015f v\u0259 molotof kokteyli at\u0131blar. Polis g\u00f6zya\u015fard\u0131c\u0131 qazdan istifad\u0259 edib. \u0130\u011fti\u015fa\u015flarda&hellip;<\/p>\n","protected":false},"author":2,"featured_media":339991,"comment_status":"closed","ping_status":"closed","sticky":false,"template":"","format":"standard","meta":{"om_disable_all_campaigns":false,"_monsterinsights_skip_tracking":false,"_monsterinsights_sitenote_active":false,"_monsterinsights_sitenote_note":"","_monsterinsights_sitenote_category":0},"categories":[7],"tags":[],"aioseo_notices":[],"gutentor_comment":0,"rttpg_featured_image_url":{"full":["https:\/\/arantv.az\/wp-content\/uploads\/2021\/05\/950694.jpg",800,600,false],"landscape":["https:\/\/arantv.az\/wp-content\/uploads\/2021\/05\/950694.jpg",800,600,false],"portraits":["https:\/\/arantv.az\/wp-content\/uploads\/2021\/05\/950694.jpg",800,600,false],"thumbnail":["https:\/\/arantv.az\/wp-content\/uploads\/2021\/05\/950694-500x280.jpg",500,280,true],"medium":["https:\/\/arantv.az\/wp-content\/uploads\/2021\/05\/950694-487x365.jpg",487,365,true],"large":["https:\/\/arantv.az\/wp-content\/uploads\/2021\/05\/950694.jpg",640,480,false],"1536x1536":["https:\/\/arantv.az\/wp-content\/uploads\/2021\/05\/950694.jpg",800,600,false],"2048x2048":["https:\/\/arantv.az\/wp-content\/uploads\/2021\/05\/950694.jpg",800,600,false],"post-thumbnail":["https:\/\/arantv.az\/wp-content\/uploads\/2021\/05\/950694-240x172.jpg",240,172,true],"advps-thumb-one":["https:\/\/arantv.az\/wp-content\/uploads\/2021\/05\/950694.jpg",800,600,false]},"rttpg_author":{"display_name":"V\u00fcsal Rafiqo\u011flu","author_link":"https:\/\/arantv.az\/?author=2"},"rttpg_comment":0,"rttpg_category":"<a href=\"https:\/\/arantv.az\/?cat=7\" rel=\"category\">D\u00fcnya<\/a>","rttpg_excerpt":"Kolumbiyada k\u00fctl\u0259vi antih\u00f6kum\u0259t etirazlar\u0131 25 g\u00fcnd\u00fcr ki, davam edir. ARANTV.AZ qafqazinfo-ya istinad\u0259n x\u0259b\u0259r verir ki, minl\u0259rl\u0259 n\u00fcmayi\u015f\u00e7i \u00f6lk\u0259nin paytaxt\u0131 Boqota il\u0259 yana\u015f\u0131 Medelin, Kali, Bukaramanqa v\u0259 Valye del Kauka \u015f\u0259h\u0259rl\u0259rind\u0259 k\u00fc\u00e7\u0259l\u0259r\u0259 \u00e7\u0131x\u0131b. Medelind\u0259 n\u00fcmayi\u015fl\u0259r g\u00fcnd\u00fcz vaxt\u0131 dinc \u015f\u0259kild\u0259 ba\u015f tutsa da, ax\u015fam saatlar\u0131nda i\u011fti\u015fa\u015flar ya\u015fan\u0131b. Bir qrup maskal\u0131 \u015f\u0259xs ticar\u0259t m\u0259rk\u0259zini qar\u0259t etm\u0259y\u0259 \u00e7al\u0131\u015f\u0131b. Polis&hellip;","_links":{"self":[{"href":"https:\/\/arantv.az\/index.php?rest_route=\/wp\/v2\/posts\/339990"}],"collection":[{"href":"https:\/\/arantv.az\/index.php?rest_route=\/wp\/v2\/posts"}],"about":[{"href":"https:\/\/arantv.az\/index.php?rest_route=\/wp\/v2\/types\/post"}],"author":[{"embeddable":true,"href":"https:\/\/arantv.az\/index.php?rest_route=\/wp\/v2\/users\/2"}],"replies":[{"embeddable":true,"href":"https:\/\/arantv.az\/index.php?rest_route=%2Fwp%2Fv2%2Fcomments&post=339990"}],"version-history":[{"count":0,"href":"https:\/\/arantv.az\/index.php?rest_route=\/wp\/v2\/posts\/339990\/revisions"}],"wp:featuredmedia":[{"embeddable":true,"href":"https:\/\/arantv.az\/index.php?rest_route=\/wp\/v2\/media\/339991"}],"wp:attachment":[{"href":"https:\/\/arantv.az\/index.php?rest_route=%2Fwp%2Fv2%2Fmedia&parent=339990"}],"wp:term":[{"taxonomy":"category","embeddable":true,"href":"https:\/\/arantv.az\/index.php?rest_route=%2Fwp%2Fv2%2Fcategories&post=339990"},{"taxonomy":"post_tag","embeddable":true,"href":"https:\/\/arantv.az\/index.php?rest_route=%2Fwp%2Fv2%2Ftags&post=339990"}],"curies":[{"name":"wp","href":"https:\/\/api.w.org\/{rel}","templated":true}]}}