{"id":339993,"date":"2021-05-24T13:03:29","date_gmt":"2021-05-24T10:03:29","guid":{"rendered":"http:\/\/arantv.az\/?p=339993"},"modified":"2021-05-24T13:03:29","modified_gmt":"2021-05-24T10:03:29","slug":"sergey-strokan-ktmt-nin-erm%c9%99nistanin-muraci%c9%99tin%c9%99-reaksiyasini-cox-yaxsi-bilirsiniz","status":"publish","type":"post","link":"https:\/\/arantv.az\/?p=339993","title":{"rendered":"Sergey Strokan: \u201cKTMT-nin Erm\u0259nistan\u0131n m\u00fcraci\u0259tin\u0259 reaksiyas\u0131n\u0131 \u00e7ox yax\u015f\u0131 bilirsiniz\u201d"},"content":{"rendered":"<p>Sosial \u015f\u0259b\u0259k\u0259l\u0259r, \u201cTelegram\u201d kanallar\u0131 v\u0259 K\u0130V Rusiya xarici i\u015fl\u0259r naziri Sergey Lavrovun bir ne\u00e7\u0259 il \u0259vv\u0259l verdiyi a\u00e7\u0131qlamas\u0131n\u0131 yenid\u0259n g\u00fcnd\u0259m\u0259 g\u0259tirdi. O zaman Rusiya Federasiyas\u0131n\u0131n t\u00fcrkdilli \u00f6lk\u0259l\u0259rl\u0259 daha s\u0131x \u0259m\u0259kda\u015fl\u0131q etm\u0259k ist\u0259yi v\u0259 T\u00fcrkdilli D\u00f6vl\u0259tl\u0259rin \u018fm\u0259kda\u015fl\u0131q \u015euras\u0131na (T\u00fcrk \u015euras\u0131) qo\u015fulma\u011f\u0131\u00a0n\u0259z\u0259rd\u0259n ke\u00e7irm\u0259k imkanlar\u0131 bar\u0259d\u0259 m\u0259s\u0259l\u0259 var idi.<\/p>\n<p>Erm\u0259nistanda eyni zamanda, Qazax\u0131stan\u0131n Az\u0259rbaycan t\u0259r\u0259fini bu yax\u0131nlarda A\u0130B (Avrasiya \u0130qtisadi Birliyi) \u00f6lk\u0259l\u0259rinin h\u00f6kum\u0259tl\u0259raras\u0131 \u015euras\u0131n\u0131n iclas\u0131nda i\u015ftirak etm\u0259y\u0259 d\u0259v\u0259t etdiyini d\u0259 xat\u0131rlad\u0131blar (yen\u0259 d\u0259 Erm\u0259nistanda g\u00f6st\u0259rm\u0259yi \u00e7ox sevdikl\u0259ri t\u00fcrk faktoru). \u018flb\u0259td\u0259 ki, \u0130r\u0259van buna qar\u015f\u0131 \u00e7\u0131x\u0131b v\u0259 fikir birliyi olmad\u0131\u011f\u0131 \u00fc\u00e7\u00fcn Az\u0259rbaycan n\u00fcmay\u0259nd\u0259 hey\u0259ti t\u0259dbirin ke\u00e7irildiyi Kazana getm\u0259yib.<\/p>\n<p>M\u0259\u015fhur rusiyal\u0131 siyasi \u015f\u0259rh\u00e7i Sergey Strokan\u00a0<a href=\"https:\/\/caliber.az\/post\/sergei-strokan-vy-prekrasno-znaete-o-reakcii-odkb-na-obrashhenie-armenii-9323?fbclid=IwAR1JP34UChfgG5xmr28-IpbI5QuxZAsQcAOprW8ReVLjyyTTUJD-yrVHtiA\" target=\"_blank\" rel=\"noopener\"><strong>Caliber.Az<\/strong><\/a>-a verdiyi m\u00fcsahib\u0259sind\u0259 deyib ki, \u00f6lk\u0259l\u0259rimiz (Rusiya v\u0259 Az\u0259rbaycan-red.) h\u0259m \u015e\u0259rq\u0259, h\u0259m d\u0259 Q\u0259rb\u0259 y\u00f6n\u0259lmi\u015f \u00e7oxvektorlu siyas\u0259t y\u00fcr\u00fcd\u00fcr:<\/p>\n<p>\u201cS\u00f6hb\u0259t T\u00fcrkdilli D\u00f6vl\u0259tl\u0259rin \u018fm\u0259kda\u015fl\u0131q \u015euras\u0131ndan gedirs\u0259, onda bu art\u0131q \u00f6z\u00fcn\u00fc tan\u0131tm\u0131\u015f qurumdur, Rusiya is\u0259 bayraqlar\u0131n\u0131 hara m\u00fcmk\u00fcnd\u00fcrs\u0259 yerl\u0259\u015fdirm\u0259y\u0259\u00a0\u00e7al\u0131\u015f\u0131r. Rusiyan\u0131n T\u00fcrk \u015euras\u0131nda i\u015ftirak\u0131 \u00fc\u00e7\u00fcn he\u00e7 bir \u0259ks g\u00f6st\u0259ri\u015f g\u00f6rm\u00fcr\u0259m. Rusiyada t\u00fcrkdilli \u0259hali ya\u015fay\u0131r, strateji t\u0259r\u0259fda\u015flar\u0131m\u0131z, Qazax\u0131stan \u00f6z\u00fc, T\u00fcrk \u015euras\u0131ndad\u0131r. B\u0259s Rusiya niy\u0259 x\u00fcsus\u0259n \u00e7oxt\u0259r\u0259fli \u0259m\u0259kda\u015fl\u0131q ideyalar\u0131n\u0131n h\u0259yata ke\u00e7irilm\u0259sin\u0259, ortaq m\u0259d\u0259ni k\u00f6kl\u0259rin m\u00f6hk\u0259ml\u0259nm\u0259sin\u0259 v\u0259 inteqrasiya prosesl\u0259rinin inki\u015faf\u0131na t\u00f6hf\u0259 ver\u0259c\u0259yi qurumda\u00a0olmas\u0131n?\u201d.<\/p>\n<p>\u201cBiz yax\u015f\u0131 bilirik ki, erm\u0259ni c\u0259miyy\u0259ti, sosial \u015f\u0259b\u0259k\u0259l\u0259r h\u0259dd\u0259n art\u0131q h\u0259y\u0259canl\u0131, q\u0131c\u0131ql\u0131d\u0131r. Buna reaksiya verm\u0259y\u0259 d\u0259ym\u0259z, bununla uza\u011fa ged\u0259 bilm\u0259y\u0259c\u0259yik. \u0130ndi maraql\u0131 bir vaxt g\u0259lib, \u0259n\u0259n\u0259vi birlikl\u0259r, ittifaqlar, ke\u00e7mi\u015f\u0259 \u00e7evrilir. Y\u0259ni, tez-tez bir t\u0259r\u0259fda\u015f\u0131n\u00a0ka\u011f\u0131z \u00fcz\u0259rind\u0259 olan\u00a0m\u00fctt\u0259fiqd\u0259n daha \u0259h\u0259miyy\u0259tli ola bil\u0259c\u0259yi v\u0259ziyy\u0259tl\u0259rl\u0259 qar\u015f\u0131la\u015f\u0131r\u0131q. \u00d6lk\u0259l\u0259rin h\u0259qiq\u0259t\u0259n bir-biri \u00fc\u00e7\u00fcn n\u0259 dem\u0259k oldu\u011funu ara\u015fd\u0131rmal\u0131y\u0131q\u201d, &#8211; dey\u0259 Sergey Strokan bildirib.<\/p>\n<p>H\u0259ms\u00f6hb\u0259timiz KTMT-nin bu yax\u0131nlarda Erm\u0259nistan\u0131n bu quruma m\u00fcraci\u0259tin\u0259 reaksiya verdiyini\u00a0n\u00fcmun\u0259 g\u0259tirib:<\/p>\n<p>\u201cErm\u0259nistan\u0131n ba\u015f naziri v\u0259zif\u0259sin icra ed\u0259n Nikol Pa\u015finyan kollektiv t\u0259hl\u00fck\u0259sizlik m\u00fcqavil\u0259sinin ikinci madd\u0259si \u00fc\u00e7\u00fcn m\u00fcraci\u0259t etdi, amma bunun reaksiyas\u0131n\u0131n n\u0259 oldu\u011funu \u00e7ox yax\u015f\u0131 bilirsiniz. KTMT a\u00e7\u0131q \u015f\u0259kild\u0259 bildirdi ki, he\u00e7 bir h\u0259rbi-siyasi q\u0259rardan s\u00f6hb\u0259t ged\u0259 bilm\u0259z, yaln\u0131z siyasi-diplomatik yol var\u201d.<\/p>\n","protected":false},"excerpt":{"rendered":"<p>Sosial \u015f\u0259b\u0259k\u0259l\u0259r, \u201cTelegram\u201d kanallar\u0131 v\u0259 K\u0130V Rusiya xarici i\u015fl\u0259r naziri Sergey Lavrovun bir ne\u00e7\u0259 il \u0259vv\u0259l verdiyi a\u00e7\u0131qlamas\u0131n\u0131 yenid\u0259n g\u00fcnd\u0259m\u0259 g\u0259tirdi. O zaman Rusiya Federasiyas\u0131n\u0131n t\u00fcrkdilli \u00f6lk\u0259l\u0259rl\u0259 daha s\u0131x \u0259m\u0259kda\u015fl\u0131q etm\u0259k ist\u0259yi v\u0259 T\u00fcrkdilli D\u00f6vl\u0259tl\u0259rin \u018fm\u0259kda\u015fl\u0131q \u015euras\u0131na (T\u00fcrk \u015euras\u0131) qo\u015fulma\u011f\u0131\u00a0n\u0259z\u0259rd\u0259n ke\u00e7irm\u0259k imkanlar\u0131 bar\u0259d\u0259 m\u0259s\u0259l\u0259 var idi. Erm\u0259nistanda eyni zamanda, Qazax\u0131stan\u0131n Az\u0259rbaycan t\u0259r\u0259fini bu yax\u0131nlarda A\u0130B (Avrasiya \u0130qtisadi Birliyi) \u00f6lk\u0259l\u0259rinin h\u00f6kum\u0259tl\u0259raras\u0131 \u015euras\u0131n\u0131n iclas\u0131nda i\u015ftirak etm\u0259y\u0259 d\u0259v\u0259t etdiyini d\u0259 xat\u0131rlad\u0131blar (yen\u0259 d\u0259 Erm\u0259nistanda g\u00f6st\u0259rm\u0259yi \u00e7ox sevdikl\u0259ri t\u00fcrk faktoru). \u018flb\u0259td\u0259 ki, \u0130r\u0259van buna qar\u015f\u0131 \u00e7\u0131x\u0131b v\u0259 fikir birliyi olmad\u0131\u011f\u0131 \u00fc\u00e7\u00fcn Az\u0259rbaycan n\u00fcmay\u0259nd\u0259 hey\u0259ti&hellip;<\/p>\n","protected":false},"author":2,"featured_media":339994,"comment_status":"closed","ping_status":"closed","sticky":false,"template":"","format":"standard","meta":{"om_disable_all_campaigns":false,"_monsterinsights_skip_tracking":false,"_monsterinsights_sitenote_active":false,"_monsterinsights_sitenote_note":"","_monsterinsights_sitenote_category":0},"categories":[4],"tags":[],"aioseo_notices":[],"gutentor_comment":0,"rttpg_featured_image_url":{"full":["https:\/\/arantv.az\/wp-content\/uploads\/2021\/05\/FCF7BE1A-977B-47EA-8630-E4B50D1E71FE.jpg",620,326,false],"landscape":["https:\/\/arantv.az\/wp-content\/uploads\/2021\/05\/FCF7BE1A-977B-47EA-8630-E4B50D1E71FE.jpg",620,326,false],"portraits":["https:\/\/arantv.az\/wp-content\/uploads\/2021\/05\/FCF7BE1A-977B-47EA-8630-E4B50D1E71FE.jpg",620,326,false],"thumbnail":["https:\/\/arantv.az\/wp-content\/uploads\/2021\/05\/FCF7BE1A-977B-47EA-8630-E4B50D1E71FE-500x280.jpg",500,280,true],"medium":["https:\/\/arantv.az\/wp-content\/uploads\/2021\/05\/FCF7BE1A-977B-47EA-8630-E4B50D1E71FE.jpg",620,326,false],"large":["https:\/\/arantv.az\/wp-content\/uploads\/2021\/05\/FCF7BE1A-977B-47EA-8630-E4B50D1E71FE.jpg",620,326,false],"1536x1536":["https:\/\/arantv.az\/wp-content\/uploads\/2021\/05\/FCF7BE1A-977B-47EA-8630-E4B50D1E71FE.jpg",620,326,false],"2048x2048":["https:\/\/arantv.az\/wp-content\/uploads\/2021\/05\/FCF7BE1A-977B-47EA-8630-E4B50D1E71FE.jpg",620,326,false],"post-thumbnail":["https:\/\/arantv.az\/wp-content\/uploads\/2021\/05\/FCF7BE1A-977B-47EA-8630-E4B50D1E71FE-240x172.jpg",240,172,true],"advps-thumb-one":["https:\/\/arantv.az\/wp-content\/uploads\/2021\/05\/FCF7BE1A-977B-47EA-8630-E4B50D1E71FE.jpg",620,326,false]},"rttpg_author":{"display_name":"V\u00fcsal Rafiqo\u011flu","author_link":"https:\/\/arantv.az\/?author=2"},"rttpg_comment":0,"rttpg_category":"<a href=\"https:\/\/arantv.az\/?cat=4\" rel=\"category\">Siyas\u0259t<\/a>","rttpg_excerpt":"Sosial \u015f\u0259b\u0259k\u0259l\u0259r, \u201cTelegram\u201d kanallar\u0131 v\u0259 K\u0130V Rusiya xarici i\u015fl\u0259r naziri Sergey Lavrovun bir ne\u00e7\u0259 il \u0259vv\u0259l verdiyi a\u00e7\u0131qlamas\u0131n\u0131 yenid\u0259n g\u00fcnd\u0259m\u0259 g\u0259tirdi. O zaman Rusiya Federasiyas\u0131n\u0131n t\u00fcrkdilli \u00f6lk\u0259l\u0259rl\u0259 daha s\u0131x \u0259m\u0259kda\u015fl\u0131q etm\u0259k ist\u0259yi v\u0259 T\u00fcrkdilli D\u00f6vl\u0259tl\u0259rin \u018fm\u0259kda\u015fl\u0131q \u015euras\u0131na (T\u00fcrk \u015euras\u0131) qo\u015fulma\u011f\u0131\u00a0n\u0259z\u0259rd\u0259n ke\u00e7irm\u0259k imkanlar\u0131 bar\u0259d\u0259 m\u0259s\u0259l\u0259 var idi. Erm\u0259nistanda eyni zamanda, Qazax\u0131stan\u0131n Az\u0259rbaycan t\u0259r\u0259fini bu yax\u0131nlarda A\u0130B&hellip;","_links":{"self":[{"href":"https:\/\/arantv.az\/index.php?rest_route=\/wp\/v2\/posts\/339993"}],"collection":[{"href":"https:\/\/arantv.az\/index.php?rest_route=\/wp\/v2\/posts"}],"about":[{"href":"https:\/\/arantv.az\/index.php?rest_route=\/wp\/v2\/types\/post"}],"author":[{"embeddable":true,"href":"https:\/\/arantv.az\/index.php?rest_route=\/wp\/v2\/users\/2"}],"replies":[{"embeddable":true,"href":"https:\/\/arantv.az\/index.php?rest_route=%2Fwp%2Fv2%2Fcomments&post=339993"}],"version-history":[{"count":0,"href":"https:\/\/arantv.az\/index.php?rest_route=\/wp\/v2\/posts\/339993\/revisions"}],"wp:featuredmedia":[{"embeddable":true,"href":"https:\/\/arantv.az\/index.php?rest_route=\/wp\/v2\/media\/339994"}],"wp:attachment":[{"href":"https:\/\/arantv.az\/index.php?rest_route=%2Fwp%2Fv2%2Fmedia&parent=339993"}],"wp:term":[{"taxonomy":"category","embeddable":true,"href":"https:\/\/arantv.az\/index.php?rest_route=%2Fwp%2Fv2%2Fcategories&post=339993"},{"taxonomy":"post_tag","embeddable":true,"href":"https:\/\/arantv.az\/index.php?rest_route=%2Fwp%2Fv2%2Ftags&post=339993"}],"curies":[{"name":"wp","href":"https:\/\/api.w.org\/{rel}","templated":true}]}}