{"id":339999,"date":"2021-05-24T13:09:28","date_gmt":"2021-05-24T10:09:28","guid":{"rendered":"http:\/\/arantv.az\/?p=339999"},"modified":"2021-05-24T13:09:28","modified_gmt":"2021-05-24T10:09:28","slug":"hansi-karantin-qadagalari-l%c9%99gv-olunacaq-aciqlama","status":"publish","type":"post","link":"https:\/\/arantv.az\/?p=339999","title":{"rendered":"Hans\u0131 karantin qada\u011falar\u0131 L\u018f\u011eV OLUNACAQ?- A\u00c7IQLAMA"},"content":{"rendered":"<p>Az\u0259rbaycanda koronavirusa yoluxanlarla ba\u011fl\u0131 v\u0259ziyy\u0259t m\u00fcsb\u0259t\u0259 do\u011fru gedir. H\u0259m yoluxanlar\u0131n say\u0131 azal\u0131r, h\u0259m d\u0259 virusdan sa\u011falanlar\u0131n say\u0131 xeyli art\u0131b.\u0130yunun 1-d\u0259 \u00f6lk\u0259d\u0259 x\u00fcsusi karantin rejiminin m\u00fcdd\u0259ti ba\u015fa \u00e7at\u0131r. \u0130nsanlar\u0131 maraqland\u0131ran m\u0259s\u0259l\u0259l\u0259rd\u0259n biri d\u0259 iyunun 1-d\u0259n sonra hans\u0131 m\u0259hdudiyy\u0259tl\u0259rin l\u0259\u011fv edilm\u0259sidir.<\/p>\n<p>M\u00f6vzu il\u0259 ba\u011fl\u0131 tibb elml\u0259ri doktoru, professor Adil Qeybulla Sonxeber.az-a a\u00e7\u0131qlama verib:<\/p>\n<p>&#8220;Epidemioloji v\u0259ziyy\u0259td\u0259n as\u0131l\u0131 olaraq karantin qaydalar\u0131n\u0131n yum\u015fald\u0131lmas\u0131 v\u0259 yaxud s\u0259rtl\u0259\u015fdirilm\u0259si h\u0259yata ke\u00e7irilir. Haz\u0131rda yaranm\u0131\u015f situasiya karantin qaydalar\u0131n\u0131n s\u0259rtl\u0259\u015fdirilm\u0259sini yox yum\u015fald\u0131lmas\u0131n\u0131 t\u0259l\u0259b edir.<\/p>\n<p>Hesab edir\u0259m ki, karantin qaydalar\u0131n\u0131n yum\u015fald\u0131lmas\u0131 prosesind\u0259 ilk \u00f6nc\u0259 a\u00e7\u0131q havada maska tax\u0131lmas\u0131 qada\u011fas\u0131 aradan g\u00f6t\u00fcr\u00fclm\u0259lidir. Sonrak\u0131 m\u0259rh\u0259l\u0259d\u0259 is\u0259 idman zallar\u0131n\u0131n a\u00e7\u0131lmas\u0131, o c\u00fcml\u0259d\u0259n, toylar\u0131n v\u0259 dig\u0259r k\u00fctl\u0259vi t\u0259dbirl\u0259rin m\u00fc\u0259yy\u0259n bir formatda h\u0259yata ke\u00e7irilm\u0259si m\u0259s\u0259l\u0259si durur.<\/p>\n<p>G\u00f6r\u00fcn\u0259n odur ki, biz art\u0131q yava\u015f-yava\u015f kollektiv immunitet\u0259 yax\u0131nla\u015f\u0131r\u0131q&#8221;.<\/p>\n","protected":false},"excerpt":{"rendered":"<p>Az\u0259rbaycanda koronavirusa yoluxanlarla ba\u011fl\u0131 v\u0259ziyy\u0259t m\u00fcsb\u0259t\u0259 do\u011fru gedir. H\u0259m yoluxanlar\u0131n say\u0131 azal\u0131r, h\u0259m d\u0259 virusdan sa\u011falanlar\u0131n say\u0131 xeyli art\u0131b.\u0130yunun 1-d\u0259 \u00f6lk\u0259d\u0259 x\u00fcsusi karantin rejiminin m\u00fcdd\u0259ti ba\u015fa \u00e7at\u0131r. \u0130nsanlar\u0131 maraqland\u0131ran m\u0259s\u0259l\u0259l\u0259rd\u0259n biri d\u0259 iyunun 1-d\u0259n sonra hans\u0131 m\u0259hdudiyy\u0259tl\u0259rin l\u0259\u011fv edilm\u0259sidir. M\u00f6vzu il\u0259 ba\u011fl\u0131 tibb elml\u0259ri doktoru, professor Adil Qeybulla Sonxeber.az-a a\u00e7\u0131qlama verib: &#8220;Epidemioloji v\u0259ziyy\u0259td\u0259n as\u0131l\u0131 olaraq karantin qaydalar\u0131n\u0131n yum\u015fald\u0131lmas\u0131 v\u0259 yaxud s\u0259rtl\u0259\u015fdirilm\u0259si h\u0259yata ke\u00e7irilir. Haz\u0131rda yaranm\u0131\u015f situasiya karantin qaydalar\u0131n\u0131n s\u0259rtl\u0259\u015fdirilm\u0259sini yox yum\u015fald\u0131lmas\u0131n\u0131 t\u0259l\u0259b edir. Hesab edir\u0259m ki, karantin qaydalar\u0131n\u0131n yum\u015fald\u0131lmas\u0131 prosesind\u0259 ilk \u00f6nc\u0259 a\u00e7\u0131q havada maska tax\u0131lmas\u0131 qada\u011fas\u0131 aradan g\u00f6t\u00fcr\u00fclm\u0259lidir. Sonrak\u0131&hellip;<\/p>\n","protected":false},"author":2,"featured_media":340000,"comment_status":"closed","ping_status":"closed","sticky":false,"template":"","format":"standard","meta":{"om_disable_all_campaigns":false,"_monsterinsights_skip_tracking":false,"_monsterinsights_sitenote_active":false,"_monsterinsights_sitenote_note":"","_monsterinsights_sitenote_category":0},"categories":[26],"tags":[],"aioseo_notices":[],"gutentor_comment":0,"rttpg_featured_image_url":{"full":["https:\/\/arantv.az\/wp-content\/uploads\/2021\/05\/sert_karantin_21621850615.jpg",549,366,false],"landscape":["https:\/\/arantv.az\/wp-content\/uploads\/2021\/05\/sert_karantin_21621850615.jpg",549,366,false],"portraits":["https:\/\/arantv.az\/wp-content\/uploads\/2021\/05\/sert_karantin_21621850615.jpg",549,366,false],"thumbnail":["https:\/\/arantv.az\/wp-content\/uploads\/2021\/05\/sert_karantin_21621850615-500x280.jpg",500,280,true],"medium":["https:\/\/arantv.az\/wp-content\/uploads\/2021\/05\/sert_karantin_21621850615.jpg",548,365,false],"large":["https:\/\/arantv.az\/wp-content\/uploads\/2021\/05\/sert_karantin_21621850615.jpg",549,366,false],"1536x1536":["https:\/\/arantv.az\/wp-content\/uploads\/2021\/05\/sert_karantin_21621850615.jpg",549,366,false],"2048x2048":["https:\/\/arantv.az\/wp-content\/uploads\/2021\/05\/sert_karantin_21621850615.jpg",549,366,false],"post-thumbnail":["https:\/\/arantv.az\/wp-content\/uploads\/2021\/05\/sert_karantin_21621850615-240x172.jpg",240,172,true],"advps-thumb-one":["https:\/\/arantv.az\/wp-content\/uploads\/2021\/05\/sert_karantin_21621850615.jpg",549,366,false]},"rttpg_author":{"display_name":"V\u00fcsal Rafiqo\u011flu","author_link":"https:\/\/arantv.az\/?author=2"},"rttpg_comment":0,"rttpg_category":"<a href=\"https:\/\/arantv.az\/?cat=26\" rel=\"category\">Sosial<\/a>","rttpg_excerpt":"Az\u0259rbaycanda koronavirusa yoluxanlarla ba\u011fl\u0131 v\u0259ziyy\u0259t m\u00fcsb\u0259t\u0259 do\u011fru gedir. H\u0259m yoluxanlar\u0131n say\u0131 azal\u0131r, h\u0259m d\u0259 virusdan sa\u011falanlar\u0131n say\u0131 xeyli art\u0131b.\u0130yunun 1-d\u0259 \u00f6lk\u0259d\u0259 x\u00fcsusi karantin rejiminin m\u00fcdd\u0259ti ba\u015fa \u00e7at\u0131r. \u0130nsanlar\u0131 maraqland\u0131ran m\u0259s\u0259l\u0259l\u0259rd\u0259n biri d\u0259 iyunun 1-d\u0259n sonra hans\u0131 m\u0259hdudiyy\u0259tl\u0259rin l\u0259\u011fv edilm\u0259sidir. M\u00f6vzu il\u0259 ba\u011fl\u0131 tibb elml\u0259ri doktoru, professor Adil Qeybulla Sonxeber.az-a a\u00e7\u0131qlama verib: &#8220;Epidemioloji v\u0259ziyy\u0259td\u0259n as\u0131l\u0131 olaraq&hellip;","_links":{"self":[{"href":"https:\/\/arantv.az\/index.php?rest_route=\/wp\/v2\/posts\/339999"}],"collection":[{"href":"https:\/\/arantv.az\/index.php?rest_route=\/wp\/v2\/posts"}],"about":[{"href":"https:\/\/arantv.az\/index.php?rest_route=\/wp\/v2\/types\/post"}],"author":[{"embeddable":true,"href":"https:\/\/arantv.az\/index.php?rest_route=\/wp\/v2\/users\/2"}],"replies":[{"embeddable":true,"href":"https:\/\/arantv.az\/index.php?rest_route=%2Fwp%2Fv2%2Fcomments&post=339999"}],"version-history":[{"count":0,"href":"https:\/\/arantv.az\/index.php?rest_route=\/wp\/v2\/posts\/339999\/revisions"}],"wp:featuredmedia":[{"embeddable":true,"href":"https:\/\/arantv.az\/index.php?rest_route=\/wp\/v2\/media\/340000"}],"wp:attachment":[{"href":"https:\/\/arantv.az\/index.php?rest_route=%2Fwp%2Fv2%2Fmedia&parent=339999"}],"wp:term":[{"taxonomy":"category","embeddable":true,"href":"https:\/\/arantv.az\/index.php?rest_route=%2Fwp%2Fv2%2Fcategories&post=339999"},{"taxonomy":"post_tag","embeddable":true,"href":"https:\/\/arantv.az\/index.php?rest_route=%2Fwp%2Fv2%2Ftags&post=339999"}],"curies":[{"name":"wp","href":"https:\/\/api.w.org\/{rel}","templated":true}]}}