{"id":340002,"date":"2021-05-24T13:11:00","date_gmt":"2021-05-24T10:11:00","guid":{"rendered":"http:\/\/arantv.az\/?p=340002"},"modified":"2021-05-24T13:11:00","modified_gmt":"2021-05-24T10:11:00","slug":"hulusi-akardan-s%c9%99rt-b%c9%99yanat-agillarini-baslarina-yigsinlar","status":"publish","type":"post","link":"https:\/\/arantv.az\/?p=340002","title":{"rendered":"Hulusi Akardan s\u0259rt b\u0259yanat: \u201cA\u011f\u0131llar\u0131n\u0131 ba\u015flar\u0131na y\u0131\u011fs\u0131nlar\u201d"},"content":{"rendered":"<p><strong>&#8220;Cari ilin yanvar ay\u0131ndan bu g\u00fcn\u0259 q\u0259d\u0259r 1107 terror\u00e7u z\u0259r\u0259rsizl\u0259\u015fdirilib&#8221;.<\/strong><\/p>\n<p><strong>ARANTV.AZ\u00a0<\/strong> ordu.az-a istinad\u0259n x\u0259b\u0259r verir ki, bunu T\u00fcrkiy\u0259nin M\u00fcdafi\u0259 naziri Hulusi Akar deyib. Nazir bildirib ki, aprelin 23-d\u0259n ba\u015flad\u0131lan &#8220;P\u0259nc\u0259 \u015eim\u015f\u0259k&#8221; v\u0259 &#8220;P\u0259nc\u0259 \u0130ld\u0131r\u0131m&#8221; \u0259m\u0259liyyatlar\u0131 \u00e7\u0259r\u00e7iv\u0259sind\u0259 124 teror\u00e7u m\u0259hv edilib.<\/p>\n<p>&#8220;Terror\u00e7ular\u0131n yuvalar\u0131 ba\u015flar\u0131na da\u011f\u0131d\u0131ld\u0131 v\u0259 proses davam edir. Oradak\u0131 b\u00fct\u00fcn ma\u011fara, d\u0259r\u0259 v\u0259 t\u0259p\u0259l\u0259r bir-bir mehmet\u00e7ikl\u0259r t\u0259r\u0259find\u0259n yoxlan\u0131ll\u0131r&#8221;.<\/p>\n<p>YPG il\u0259 PKK aras\u0131nda f\u0259rq olmad\u0131\u011f\u0131n\u0131 dil\u0259 g\u0259tir\u0259n Akar \u0259lav\u0259 ed\u0259r\u0259k bildirib:<\/p>\n<p>&#8220;YPG v\u0259 PKK-n\u0131n bir-birind\u0259n f\u0259rqi yoxdur. A\u011f\u0131llar\u0131n\u0131 ba\u015flar\u0131na y\u0131\u011fs\u0131nlar. Bu m\u00f6vzuda q\u0259rar\u0131m\u0131z ortadad\u0131r. Bunu da h\u0259r k\u0259sin g\u00f6rm\u0259si laz\u0131md\u0131r&#8221;.<\/p>\n","protected":false},"excerpt":{"rendered":"<p>&#8220;Cari ilin yanvar ay\u0131ndan bu g\u00fcn\u0259 q\u0259d\u0259r 1107 terror\u00e7u z\u0259r\u0259rsizl\u0259\u015fdirilib&#8221;. ARANTV.AZ\u00a0 ordu.az-a istinad\u0259n x\u0259b\u0259r verir ki, bunu T\u00fcrkiy\u0259nin M\u00fcdafi\u0259 naziri Hulusi Akar deyib. Nazir bildirib ki, aprelin 23-d\u0259n ba\u015flad\u0131lan &#8220;P\u0259nc\u0259 \u015eim\u015f\u0259k&#8221; v\u0259 &#8220;P\u0259nc\u0259 \u0130ld\u0131r\u0131m&#8221; \u0259m\u0259liyyatlar\u0131 \u00e7\u0259r\u00e7iv\u0259sind\u0259 124 teror\u00e7u m\u0259hv edilib. &#8220;Terror\u00e7ular\u0131n yuvalar\u0131 ba\u015flar\u0131na da\u011f\u0131d\u0131ld\u0131 v\u0259 proses davam edir. Oradak\u0131 b\u00fct\u00fcn ma\u011fara, d\u0259r\u0259 v\u0259 t\u0259p\u0259l\u0259r bir-bir mehmet\u00e7ikl\u0259r t\u0259r\u0259find\u0259n yoxlan\u0131ll\u0131r&#8221;. YPG il\u0259 PKK aras\u0131nda f\u0259rq olmad\u0131\u011f\u0131n\u0131 dil\u0259 g\u0259tir\u0259n Akar \u0259lav\u0259 ed\u0259r\u0259k bildirib: &#8220;YPG v\u0259 PKK-n\u0131n bir-birind\u0259n f\u0259rqi yoxdur. A\u011f\u0131llar\u0131n\u0131 ba\u015flar\u0131na y\u0131\u011fs\u0131nlar. Bu m\u00f6vzuda q\u0259rar\u0131m\u0131z ortadad\u0131r. Bunu da h\u0259r k\u0259sin g\u00f6rm\u0259si laz\u0131md\u0131r&#8221;.<\/p>\n","protected":false},"author":2,"featured_media":340003,"comment_status":"closed","ping_status":"closed","sticky":false,"template":"","format":"standard","meta":{"om_disable_all_campaigns":false,"_monsterinsights_skip_tracking":false,"_monsterinsights_sitenote_active":false,"_monsterinsights_sitenote_note":"","_monsterinsights_sitenote_category":0},"categories":[7],"tags":[],"aioseo_notices":[],"gutentor_comment":0,"rttpg_featured_image_url":{"full":["https:\/\/arantv.az\/wp-content\/uploads\/2021\/05\/950702.jpg",800,600,false],"landscape":["https:\/\/arantv.az\/wp-content\/uploads\/2021\/05\/950702.jpg",800,600,false],"portraits":["https:\/\/arantv.az\/wp-content\/uploads\/2021\/05\/950702.jpg",800,600,false],"thumbnail":["https:\/\/arantv.az\/wp-content\/uploads\/2021\/05\/950702-500x280.jpg",500,280,true],"medium":["https:\/\/arantv.az\/wp-content\/uploads\/2021\/05\/950702-487x365.jpg",487,365,true],"large":["https:\/\/arantv.az\/wp-content\/uploads\/2021\/05\/950702.jpg",640,480,false],"1536x1536":["https:\/\/arantv.az\/wp-content\/uploads\/2021\/05\/950702.jpg",800,600,false],"2048x2048":["https:\/\/arantv.az\/wp-content\/uploads\/2021\/05\/950702.jpg",800,600,false],"post-thumbnail":["https:\/\/arantv.az\/wp-content\/uploads\/2021\/05\/950702-240x172.jpg",240,172,true],"advps-thumb-one":["https:\/\/arantv.az\/wp-content\/uploads\/2021\/05\/950702.jpg",800,600,false]},"rttpg_author":{"display_name":"V\u00fcsal Rafiqo\u011flu","author_link":"https:\/\/arantv.az\/?author=2"},"rttpg_comment":0,"rttpg_category":"<a href=\"https:\/\/arantv.az\/?cat=7\" rel=\"category\">D\u00fcnya<\/a>","rttpg_excerpt":"&#8220;Cari ilin yanvar ay\u0131ndan bu g\u00fcn\u0259 q\u0259d\u0259r 1107 terror\u00e7u z\u0259r\u0259rsizl\u0259\u015fdirilib&#8221;. ARANTV.AZ\u00a0 ordu.az-a istinad\u0259n x\u0259b\u0259r verir ki, bunu T\u00fcrkiy\u0259nin M\u00fcdafi\u0259 naziri Hulusi Akar deyib. Nazir bildirib ki, aprelin 23-d\u0259n ba\u015flad\u0131lan &#8220;P\u0259nc\u0259 \u015eim\u015f\u0259k&#8221; v\u0259 &#8220;P\u0259nc\u0259 \u0130ld\u0131r\u0131m&#8221; \u0259m\u0259liyyatlar\u0131 \u00e7\u0259r\u00e7iv\u0259sind\u0259 124 teror\u00e7u m\u0259hv edilib. &#8220;Terror\u00e7ular\u0131n yuvalar\u0131 ba\u015flar\u0131na da\u011f\u0131d\u0131ld\u0131 v\u0259 proses davam edir. Oradak\u0131 b\u00fct\u00fcn ma\u011fara, d\u0259r\u0259 v\u0259 t\u0259p\u0259l\u0259r bir-bir&hellip;","_links":{"self":[{"href":"https:\/\/arantv.az\/index.php?rest_route=\/wp\/v2\/posts\/340002"}],"collection":[{"href":"https:\/\/arantv.az\/index.php?rest_route=\/wp\/v2\/posts"}],"about":[{"href":"https:\/\/arantv.az\/index.php?rest_route=\/wp\/v2\/types\/post"}],"author":[{"embeddable":true,"href":"https:\/\/arantv.az\/index.php?rest_route=\/wp\/v2\/users\/2"}],"replies":[{"embeddable":true,"href":"https:\/\/arantv.az\/index.php?rest_route=%2Fwp%2Fv2%2Fcomments&post=340002"}],"version-history":[{"count":0,"href":"https:\/\/arantv.az\/index.php?rest_route=\/wp\/v2\/posts\/340002\/revisions"}],"wp:featuredmedia":[{"embeddable":true,"href":"https:\/\/arantv.az\/index.php?rest_route=\/wp\/v2\/media\/340003"}],"wp:attachment":[{"href":"https:\/\/arantv.az\/index.php?rest_route=%2Fwp%2Fv2%2Fmedia&parent=340002"}],"wp:term":[{"taxonomy":"category","embeddable":true,"href":"https:\/\/arantv.az\/index.php?rest_route=%2Fwp%2Fv2%2Fcategories&post=340002"},{"taxonomy":"post_tag","embeddable":true,"href":"https:\/\/arantv.az\/index.php?rest_route=%2Fwp%2Fv2%2Ftags&post=340002"}],"curies":[{"name":"wp","href":"https:\/\/api.w.org\/{rel}","templated":true}]}}