{"id":340005,"date":"2021-05-24T13:12:03","date_gmt":"2021-05-24T10:12:03","guid":{"rendered":"http:\/\/arantv.az\/?p=340005"},"modified":"2021-05-24T13:12:03","modified_gmt":"2021-05-24T10:12:03","slug":"qarabagla-bagli-uct%c9%99r%c9%99fli-razilasmalar-ugurla-icra-olunur-sergey-lavrov","status":"publish","type":"post","link":"https:\/\/arantv.az\/?p=340005","title":{"rendered":"Qaraba\u011fla ba\u011fl\u0131 \u00fc\u00e7t\u0259r\u0259fli raz\u0131la\u015fmalar u\u011furla icra olunur &#8211; Sergey Lavrov"},"content":{"rendered":"<p>Rusiya, Az\u0259rbaycan, Erm\u0259nistan aras\u0131nda Qaraba\u011fla ba\u011fl\u0131 raz\u0131la\u015fmalar u\u011furla icra olunur.<\/p>\n<p><strong>ARANTV.AZ<\/strong>\u00a0 <a href=\"https:\/\/az.trend.az\/\" target=\"_blank\" rel=\"noopener\">Trend<\/a>-\u0259 istinad\u0259n bildirir ki,\u00a0bunu Rusiyan\u0131n xarici i\u015fl\u0259r naziri Sergey Lavrov &#8220;Arqument\u0131 i Fakt\u0131&#8221; q\u0259zetin\u0259 m\u00fcsahib\u0259sind\u0259 deyib.<\/p>\n<p>Nazir bildirib ki, Az\u0259rbaycan, Erm\u0259nistan v\u0259 Rusiya liderl\u0259rinin 10 noyabr 2020-ci il v\u0259 11 yanvar 2021-ci il tarixi b\u0259yanatlar\u0131n\u0131n icras\u0131 u\u011furla davam edir: &#8220;Bu, \u0259sas\u0259n m\u00fcnaqi\u015f\u0259nin humanitar v\u0259 sosial-iqtisadi f\u0259sadlar\u0131n\u0131n aradan qald\u0131r\u0131lmas\u0131, C\u0259nubi Qafqazda n\u0259qliyyat v\u0259 iqtisadi \u0259laq\u0259l\u0259rin b\u0259rpa olunmas\u0131na aiddir&#8221;.<\/p>\n<p>S.Lavrov vur\u011fulay\u0131b ki, yanvar\u0131n 30-dan etibar\u0259n b\u00f6lg\u0259d\u0259 t\u00fcrkiy\u0259li t\u0259r\u0259fda\u015flarla birg\u0259 at\u0259\u015fk\u0259s\u0259 v\u0259 b\u00fct\u00fcn h\u0259rbi \u0259m\u0259liyyatlara n\u0259zar\u0259t \u00fczr\u0259 birg\u0259 m\u0259rk\u0259z f\u0259aliyy\u0259t g\u00f6st\u0259rir.<\/p>\n","protected":false},"excerpt":{"rendered":"<p>Rusiya, Az\u0259rbaycan, Erm\u0259nistan aras\u0131nda Qaraba\u011fla ba\u011fl\u0131 raz\u0131la\u015fmalar u\u011furla icra olunur. ARANTV.AZ\u00a0 Trend-\u0259 istinad\u0259n bildirir ki,\u00a0bunu Rusiyan\u0131n xarici i\u015fl\u0259r naziri Sergey Lavrov &#8220;Arqument\u0131 i Fakt\u0131&#8221; q\u0259zetin\u0259 m\u00fcsahib\u0259sind\u0259 deyib. Nazir bildirib ki, Az\u0259rbaycan, Erm\u0259nistan v\u0259 Rusiya liderl\u0259rinin 10 noyabr 2020-ci il v\u0259 11 yanvar 2021-ci il tarixi b\u0259yanatlar\u0131n\u0131n icras\u0131 u\u011furla davam edir: &#8220;Bu, \u0259sas\u0259n m\u00fcnaqi\u015f\u0259nin humanitar v\u0259 sosial-iqtisadi f\u0259sadlar\u0131n\u0131n aradan qald\u0131r\u0131lmas\u0131, C\u0259nubi Qafqazda n\u0259qliyyat v\u0259 iqtisadi \u0259laq\u0259l\u0259rin b\u0259rpa olunmas\u0131na aiddir&#8221;. S.Lavrov vur\u011fulay\u0131b ki, yanvar\u0131n 30-dan etibar\u0259n b\u00f6lg\u0259d\u0259 t\u00fcrkiy\u0259li t\u0259r\u0259fda\u015flarla birg\u0259 at\u0259\u015fk\u0259s\u0259 v\u0259 b\u00fct\u00fcn h\u0259rbi \u0259m\u0259liyyatlara n\u0259zar\u0259t \u00fczr\u0259 birg\u0259 m\u0259rk\u0259z f\u0259aliyy\u0259t g\u00f6st\u0259rir.<\/p>\n","protected":false},"author":2,"featured_media":340006,"comment_status":"closed","ping_status":"closed","sticky":false,"template":"","format":"standard","meta":{"om_disable_all_campaigns":false,"_monsterinsights_skip_tracking":false,"_monsterinsights_sitenote_active":false,"_monsterinsights_sitenote_note":"","_monsterinsights_sitenote_category":0},"categories":[7],"tags":[],"aioseo_notices":[],"gutentor_comment":0,"rttpg_featured_image_url":{"full":["https:\/\/arantv.az\/wp-content\/uploads\/2021\/05\/950763.jpg",800,600,false],"landscape":["https:\/\/arantv.az\/wp-content\/uploads\/2021\/05\/950763.jpg",800,600,false],"portraits":["https:\/\/arantv.az\/wp-content\/uploads\/2021\/05\/950763.jpg",800,600,false],"thumbnail":["https:\/\/arantv.az\/wp-content\/uploads\/2021\/05\/950763-500x280.jpg",500,280,true],"medium":["https:\/\/arantv.az\/wp-content\/uploads\/2021\/05\/950763-487x365.jpg",487,365,true],"large":["https:\/\/arantv.az\/wp-content\/uploads\/2021\/05\/950763.jpg",640,480,false],"1536x1536":["https:\/\/arantv.az\/wp-content\/uploads\/2021\/05\/950763.jpg",800,600,false],"2048x2048":["https:\/\/arantv.az\/wp-content\/uploads\/2021\/05\/950763.jpg",800,600,false],"post-thumbnail":["https:\/\/arantv.az\/wp-content\/uploads\/2021\/05\/950763-240x172.jpg",240,172,true],"advps-thumb-one":["https:\/\/arantv.az\/wp-content\/uploads\/2021\/05\/950763.jpg",800,600,false]},"rttpg_author":{"display_name":"V\u00fcsal Rafiqo\u011flu","author_link":"https:\/\/arantv.az\/?author=2"},"rttpg_comment":0,"rttpg_category":"<a href=\"https:\/\/arantv.az\/?cat=7\" rel=\"category\">D\u00fcnya<\/a>","rttpg_excerpt":"Rusiya, Az\u0259rbaycan, Erm\u0259nistan aras\u0131nda Qaraba\u011fla ba\u011fl\u0131 raz\u0131la\u015fmalar u\u011furla icra olunur. ARANTV.AZ\u00a0 Trend-\u0259 istinad\u0259n bildirir ki,\u00a0bunu Rusiyan\u0131n xarici i\u015fl\u0259r naziri Sergey Lavrov &#8220;Arqument\u0131 i Fakt\u0131&#8221; q\u0259zetin\u0259 m\u00fcsahib\u0259sind\u0259 deyib. Nazir bildirib ki, Az\u0259rbaycan, Erm\u0259nistan v\u0259 Rusiya liderl\u0259rinin 10 noyabr 2020-ci il v\u0259 11 yanvar 2021-ci il tarixi b\u0259yanatlar\u0131n\u0131n icras\u0131 u\u011furla davam edir: &#8220;Bu, \u0259sas\u0259n m\u00fcnaqi\u015f\u0259nin humanitar v\u0259&hellip;","_links":{"self":[{"href":"https:\/\/arantv.az\/index.php?rest_route=\/wp\/v2\/posts\/340005"}],"collection":[{"href":"https:\/\/arantv.az\/index.php?rest_route=\/wp\/v2\/posts"}],"about":[{"href":"https:\/\/arantv.az\/index.php?rest_route=\/wp\/v2\/types\/post"}],"author":[{"embeddable":true,"href":"https:\/\/arantv.az\/index.php?rest_route=\/wp\/v2\/users\/2"}],"replies":[{"embeddable":true,"href":"https:\/\/arantv.az\/index.php?rest_route=%2Fwp%2Fv2%2Fcomments&post=340005"}],"version-history":[{"count":0,"href":"https:\/\/arantv.az\/index.php?rest_route=\/wp\/v2\/posts\/340005\/revisions"}],"wp:featuredmedia":[{"embeddable":true,"href":"https:\/\/arantv.az\/index.php?rest_route=\/wp\/v2\/media\/340006"}],"wp:attachment":[{"href":"https:\/\/arantv.az\/index.php?rest_route=%2Fwp%2Fv2%2Fmedia&parent=340005"}],"wp:term":[{"taxonomy":"category","embeddable":true,"href":"https:\/\/arantv.az\/index.php?rest_route=%2Fwp%2Fv2%2Fcategories&post=340005"},{"taxonomy":"post_tag","embeddable":true,"href":"https:\/\/arantv.az\/index.php?rest_route=%2Fwp%2Fv2%2Ftags&post=340005"}],"curies":[{"name":"wp","href":"https:\/\/api.w.org\/{rel}","templated":true}]}}