{"id":340008,"date":"2021-05-24T13:12:46","date_gmt":"2021-05-24T10:12:46","guid":{"rendered":"http:\/\/arantv.az\/?p=340008"},"modified":"2021-05-24T13:12:46","modified_gmt":"2021-05-24T10:12:46","slug":"iran-xin-r%c9%99hb%c9%99ri-az%c9%99rbaycanda-bu-m%c9%99s%c9%99l%c9%99l%c9%99ri-muzakir%c9%99-ed%c9%99c%c9%99k","status":"publish","type":"post","link":"https:\/\/arantv.az\/?p=340008","title":{"rendered":"\u0130ran X\u0130N r\u0259hb\u0259ri Az\u0259rbaycanda bu m\u0259s\u0259l\u0259l\u0259ri m\u00fczakir\u0259 ed\u0259c\u0259k"},"content":{"rendered":"<p>\u0130ran\u0131n xarici i\u015fl\u0259r naziri M\u0259h\u0259mm\u0259d Cavad Z\u0259rifin Az\u0259rbaycana s\u0259f\u0259ri iki \u00f6lk\u0259 r\u0259smil\u0259ri aras\u0131nda davaml\u0131 m\u0259sl\u0259h\u0259tl\u0259\u015fm\u0259l\u0259r \u00e7\u0259r\u00e7iv\u0259sind\u0259 ba\u015f tutur.<\/p>\n<p><strong>ARANTV.AZ<\/strong> x\u0259b\u0259r verir ki, bu bar\u0259d\u0259 <a href=\"https:\/\/az.trend.az\/\" target=\"_blank\" rel=\"noopener\">Trend<\/a>-\u0259\u00a0\u0130ran\u0131n Az\u0259rbaycandak\u0131 s\u0259firliyind\u0259n m\u0259lumat verilib.<\/p>\n<p>S\u0259firlikd\u0259n bildirilib ki, s\u0259f\u0259r \u00e7\u0259r\u00e7iv\u0259sind\u0259 ikit\u0259r\u0259fli m\u00fcnasib\u0259tl\u0259r, regional v\u0259 beyn\u0259lxalq m\u0259s\u0259l\u0259l\u0259r haqq\u0131nda fikir m\u00fcbadil\u0259si apar\u0131lacaq.<\/p>\n<p>Qeyd ed\u0259k ki, M.C.Z\u0259rif sabah Az\u0259rbaycan v\u0259 Erm\u0259nistana s\u0259f\u0259r ed\u0259c\u0259k.<\/p>\n","protected":false},"excerpt":{"rendered":"<p>\u0130ran\u0131n xarici i\u015fl\u0259r naziri M\u0259h\u0259mm\u0259d Cavad Z\u0259rifin Az\u0259rbaycana s\u0259f\u0259ri iki \u00f6lk\u0259 r\u0259smil\u0259ri aras\u0131nda davaml\u0131 m\u0259sl\u0259h\u0259tl\u0259\u015fm\u0259l\u0259r \u00e7\u0259r\u00e7iv\u0259sind\u0259 ba\u015f tutur. ARANTV.AZ x\u0259b\u0259r verir ki, bu bar\u0259d\u0259 Trend-\u0259\u00a0\u0130ran\u0131n Az\u0259rbaycandak\u0131 s\u0259firliyind\u0259n m\u0259lumat verilib. S\u0259firlikd\u0259n bildirilib ki, s\u0259f\u0259r \u00e7\u0259r\u00e7iv\u0259sind\u0259 ikit\u0259r\u0259fli m\u00fcnasib\u0259tl\u0259r, regional v\u0259 beyn\u0259lxalq m\u0259s\u0259l\u0259l\u0259r haqq\u0131nda fikir m\u00fcbadil\u0259si apar\u0131lacaq. Qeyd ed\u0259k ki, M.C.Z\u0259rif sabah Az\u0259rbaycan v\u0259 Erm\u0259nistana s\u0259f\u0259r ed\u0259c\u0259k.<\/p>\n","protected":false},"author":2,"featured_media":340009,"comment_status":"closed","ping_status":"closed","sticky":false,"template":"","format":"standard","meta":{"om_disable_all_campaigns":false,"_monsterinsights_skip_tracking":false,"_monsterinsights_sitenote_active":false,"_monsterinsights_sitenote_note":"","_monsterinsights_sitenote_category":0},"categories":[4],"tags":[],"aioseo_notices":[],"gutentor_comment":0,"rttpg_featured_image_url":{"full":["https:\/\/arantv.az\/wp-content\/uploads\/2021\/05\/mehemmed_cavad_zerif_0856.jpg",800,600,false],"landscape":["https:\/\/arantv.az\/wp-content\/uploads\/2021\/05\/mehemmed_cavad_zerif_0856.jpg",800,600,false],"portraits":["https:\/\/arantv.az\/wp-content\/uploads\/2021\/05\/mehemmed_cavad_zerif_0856.jpg",800,600,false],"thumbnail":["https:\/\/arantv.az\/wp-content\/uploads\/2021\/05\/mehemmed_cavad_zerif_0856-500x280.jpg",500,280,true],"medium":["https:\/\/arantv.az\/wp-content\/uploads\/2021\/05\/mehemmed_cavad_zerif_0856-487x365.jpg",487,365,true],"large":["https:\/\/arantv.az\/wp-content\/uploads\/2021\/05\/mehemmed_cavad_zerif_0856.jpg",640,480,false],"1536x1536":["https:\/\/arantv.az\/wp-content\/uploads\/2021\/05\/mehemmed_cavad_zerif_0856.jpg",800,600,false],"2048x2048":["https:\/\/arantv.az\/wp-content\/uploads\/2021\/05\/mehemmed_cavad_zerif_0856.jpg",800,600,false],"post-thumbnail":["https:\/\/arantv.az\/wp-content\/uploads\/2021\/05\/mehemmed_cavad_zerif_0856-240x172.jpg",240,172,true],"advps-thumb-one":["https:\/\/arantv.az\/wp-content\/uploads\/2021\/05\/mehemmed_cavad_zerif_0856.jpg",800,600,false]},"rttpg_author":{"display_name":"V\u00fcsal Rafiqo\u011flu","author_link":"https:\/\/arantv.az\/?author=2"},"rttpg_comment":0,"rttpg_category":"<a href=\"https:\/\/arantv.az\/?cat=4\" rel=\"category\">Siyas\u0259t<\/a>","rttpg_excerpt":"\u0130ran\u0131n xarici i\u015fl\u0259r naziri M\u0259h\u0259mm\u0259d Cavad Z\u0259rifin Az\u0259rbaycana s\u0259f\u0259ri iki \u00f6lk\u0259 r\u0259smil\u0259ri aras\u0131nda davaml\u0131 m\u0259sl\u0259h\u0259tl\u0259\u015fm\u0259l\u0259r \u00e7\u0259r\u00e7iv\u0259sind\u0259 ba\u015f tutur. ARANTV.AZ x\u0259b\u0259r verir ki, bu bar\u0259d\u0259 Trend-\u0259\u00a0\u0130ran\u0131n Az\u0259rbaycandak\u0131 s\u0259firliyind\u0259n m\u0259lumat verilib. S\u0259firlikd\u0259n bildirilib ki, s\u0259f\u0259r \u00e7\u0259r\u00e7iv\u0259sind\u0259 ikit\u0259r\u0259fli m\u00fcnasib\u0259tl\u0259r, regional v\u0259 beyn\u0259lxalq m\u0259s\u0259l\u0259l\u0259r haqq\u0131nda fikir m\u00fcbadil\u0259si apar\u0131lacaq. Qeyd ed\u0259k ki, M.C.Z\u0259rif sabah Az\u0259rbaycan v\u0259 Erm\u0259nistana s\u0259f\u0259r ed\u0259c\u0259k.","_links":{"self":[{"href":"https:\/\/arantv.az\/index.php?rest_route=\/wp\/v2\/posts\/340008"}],"collection":[{"href":"https:\/\/arantv.az\/index.php?rest_route=\/wp\/v2\/posts"}],"about":[{"href":"https:\/\/arantv.az\/index.php?rest_route=\/wp\/v2\/types\/post"}],"author":[{"embeddable":true,"href":"https:\/\/arantv.az\/index.php?rest_route=\/wp\/v2\/users\/2"}],"replies":[{"embeddable":true,"href":"https:\/\/arantv.az\/index.php?rest_route=%2Fwp%2Fv2%2Fcomments&post=340008"}],"version-history":[{"count":0,"href":"https:\/\/arantv.az\/index.php?rest_route=\/wp\/v2\/posts\/340008\/revisions"}],"wp:featuredmedia":[{"embeddable":true,"href":"https:\/\/arantv.az\/index.php?rest_route=\/wp\/v2\/media\/340009"}],"wp:attachment":[{"href":"https:\/\/arantv.az\/index.php?rest_route=%2Fwp%2Fv2%2Fmedia&parent=340008"}],"wp:term":[{"taxonomy":"category","embeddable":true,"href":"https:\/\/arantv.az\/index.php?rest_route=%2Fwp%2Fv2%2Fcategories&post=340008"},{"taxonomy":"post_tag","embeddable":true,"href":"https:\/\/arantv.az\/index.php?rest_route=%2Fwp%2Fv2%2Ftags&post=340008"}],"curies":[{"name":"wp","href":"https:\/\/api.w.org\/{rel}","templated":true}]}}