{"id":340017,"date":"2021-05-24T13:36:23","date_gmt":"2021-05-24T10:36:23","guid":{"rendered":"http:\/\/arantv.az\/?p=340017"},"modified":"2021-05-24T13:36:23","modified_gmt":"2021-05-24T10:36:23","slug":"6-gun-sonra-az%c9%99rbaycanda-karantin-bitir-nazirl%c9%99r-kabinetind%c9%99n-aciqlama","status":"publish","type":"post","link":"https:\/\/arantv.az\/?p=340017","title":{"rendered":"6 g\u00fcn sonra Az\u0259rbaycanda karantin bitir &#8211; Nazirl\u0259r Kabinetind\u0259n A\u00c7IQLAMA"},"content":{"rendered":"<p>\u00d6lk\u0259d\u0259 t\u0259tbiq olunan karantinin m\u00fcdd\u0259ti 1 iyun tarixind\u0259 bitir.<\/p>\n<p>Nazirl\u0259r Kabineti yan\u0131nda Operativ Q\u0259rargah\u0131n son q\u0259rar\u0131na g\u00f6r\u0259, \u00f6lk\u0259d\u0259 davam ed\u0259n karantin rejimi 1 iyuna q\u0259d\u0259r uzad\u0131lm\u0131\u015fd\u0131. N\u0259z\u0259r\u0259 alsaq ki, art\u0131q may ay\u0131n\u0131n 24-c\u00fc g\u00fcn\u00fcd\u00fcr, 3 g\u00fcnd\u0259n sonra yenid\u0259n qeyri-i\u015f g\u00fcnl\u0259ri ba\u015flayacaq.<\/p>\n<div id=\"AdviadNativeVideo0\" class=\"AdviadNativeVideo\"><\/div>\n<p>Bel\u0259 ki, 28 May Respublika g\u00fcn\u00fc, 29-30 may is\u0259 \u015f\u0259nb\u0259 v\u0259 bazar g\u00fcnl\u0259rin\u0259 d\u00fc\u015f\u00fcr. Bu bax\u0131mdan Nazirl\u0259r Kabineti yan\u0131nda Operativ Q\u0259rargah\u0131n 28 maya q\u0259d\u0259r brifinq ke\u00e7ir\u0259c\u0259yi g\u00f6zl\u0259nilir.<\/p>\n<p>Xat\u0131rladaq ki, \u00f6t\u0259n h\u0259ft\u0259 T\u018fB\u0130B-in x\u0259st\u0259likl\u0259rin profilaktikas\u0131 v\u0259 kontrolu \u015f\u00f6b\u0259sinin m\u00fcdiri Yaqut Qarayeva a\u00e7\u0131q havada maska taxmaq m\u0259cburiyy\u0259tinin l\u0259\u011fv olunmas\u0131 il\u0259 ba\u011fl\u0131 m\u00fczakir\u0259l\u0259rin apar\u0131ld\u0131\u011f\u0131n\u0131 a\u00e7\u0131qlam\u0131\u015fd\u0131.<\/p>\n<p>Nazirl\u0259r Kabineti yan\u0131nda Operativ Q\u0259rargah\u0131n bu h\u0259ft\u0259 brifinq ke\u00e7irib-ke\u00e7irm\u0259y\u0259c\u0259yi il\u0259 ba\u011fl\u0131 Cebhe.info-ya a\u00e7\u0131qlama ver\u0259n Nazirl\u0259r Kabinetinin m\u0259tbuat katibi \u0130brahim M\u0259mm\u0259dov onda bel\u0259 bir m\u0259lumat\u0131m olmad\u0131\u011f\u0131n\u0131 deyib.<\/p>\n<p>T\u018fB\u0130B-in \u0130ctimaiyy\u0259tl\u0259 \u0259laq\u0259l\u0259r \u015f\u00f6b\u0259sinin \u0259m\u0259kda\u015f\u0131 Elnar\u0259 Bax\u0131\u015f da birinfiqin olub-olmayaca\u011f\u0131 il\u0259 ba\u011fl\u0131 m\u0259lumats\u0131z olduqlar\u0131n\u0131 bildirib.<\/p>\n","protected":false},"excerpt":{"rendered":"<p>\u00d6lk\u0259d\u0259 t\u0259tbiq olunan karantinin m\u00fcdd\u0259ti 1 iyun tarixind\u0259 bitir. Nazirl\u0259r Kabineti yan\u0131nda Operativ Q\u0259rargah\u0131n son q\u0259rar\u0131na g\u00f6r\u0259, \u00f6lk\u0259d\u0259 davam ed\u0259n karantin rejimi 1 iyuna q\u0259d\u0259r uzad\u0131lm\u0131\u015fd\u0131. N\u0259z\u0259r\u0259 alsaq ki, art\u0131q may ay\u0131n\u0131n 24-c\u00fc g\u00fcn\u00fcd\u00fcr, 3 g\u00fcnd\u0259n sonra yenid\u0259n qeyri-i\u015f g\u00fcnl\u0259ri ba\u015flayacaq. Bel\u0259 ki, 28 May Respublika g\u00fcn\u00fc, 29-30 may is\u0259 \u015f\u0259nb\u0259 v\u0259 bazar g\u00fcnl\u0259rin\u0259 d\u00fc\u015f\u00fcr. Bu bax\u0131mdan Nazirl\u0259r Kabineti yan\u0131nda Operativ Q\u0259rargah\u0131n 28 maya q\u0259d\u0259r brifinq ke\u00e7ir\u0259c\u0259yi g\u00f6zl\u0259nilir. Xat\u0131rladaq ki, \u00f6t\u0259n h\u0259ft\u0259 T\u018fB\u0130B-in x\u0259st\u0259likl\u0259rin profilaktikas\u0131 v\u0259 kontrolu \u015f\u00f6b\u0259sinin m\u00fcdiri Yaqut Qarayeva a\u00e7\u0131q havada maska taxmaq m\u0259cburiyy\u0259tinin l\u0259\u011fv olunmas\u0131 il\u0259 ba\u011fl\u0131&hellip;<\/p>\n","protected":false},"author":2,"featured_media":340018,"comment_status":"closed","ping_status":"closed","sticky":false,"template":"","format":"standard","meta":{"om_disable_all_campaigns":false,"_monsterinsights_skip_tracking":false,"_monsterinsights_sitenote_active":false,"_monsterinsights_sitenote_note":"","_monsterinsights_sitenote_category":0},"categories":[26],"tags":[],"aioseo_notices":[],"gutentor_comment":0,"rttpg_featured_image_url":{"full":["https:\/\/arantv.az\/wp-content\/uploads\/2021\/05\/kkkkkkkkkkkkkkkkkkkkkkkkkkkkkkkkkk.jpg",649,444,false],"landscape":["https:\/\/arantv.az\/wp-content\/uploads\/2021\/05\/kkkkkkkkkkkkkkkkkkkkkkkkkkkkkkkkkk.jpg",649,444,false],"portraits":["https:\/\/arantv.az\/wp-content\/uploads\/2021\/05\/kkkkkkkkkkkkkkkkkkkkkkkkkkkkkkkkkk.jpg",649,444,false],"thumbnail":["https:\/\/arantv.az\/wp-content\/uploads\/2021\/05\/kkkkkkkkkkkkkkkkkkkkkkkkkkkkkkkkkk-500x280.jpg",500,280,true],"medium":["https:\/\/arantv.az\/wp-content\/uploads\/2021\/05\/kkkkkkkkkkkkkkkkkkkkkkkkkkkkkkkkkk-534x365.jpg",534,365,true],"large":["https:\/\/arantv.az\/wp-content\/uploads\/2021\/05\/kkkkkkkkkkkkkkkkkkkkkkkkkkkkkkkkkk.jpg",640,438,false],"1536x1536":["https:\/\/arantv.az\/wp-content\/uploads\/2021\/05\/kkkkkkkkkkkkkkkkkkkkkkkkkkkkkkkkkk.jpg",649,444,false],"2048x2048":["https:\/\/arantv.az\/wp-content\/uploads\/2021\/05\/kkkkkkkkkkkkkkkkkkkkkkkkkkkkkkkkkk.jpg",649,444,false],"post-thumbnail":["https:\/\/arantv.az\/wp-content\/uploads\/2021\/05\/kkkkkkkkkkkkkkkkkkkkkkkkkkkkkkkkkk-240x172.jpg",240,172,true],"advps-thumb-one":["https:\/\/arantv.az\/wp-content\/uploads\/2021\/05\/kkkkkkkkkkkkkkkkkkkkkkkkkkkkkkkkkk.jpg",649,444,false]},"rttpg_author":{"display_name":"V\u00fcsal Rafiqo\u011flu","author_link":"https:\/\/arantv.az\/?author=2"},"rttpg_comment":0,"rttpg_category":"<a href=\"https:\/\/arantv.az\/?cat=26\" rel=\"category\">Sosial<\/a>","rttpg_excerpt":"\u00d6lk\u0259d\u0259 t\u0259tbiq olunan karantinin m\u00fcdd\u0259ti 1 iyun tarixind\u0259 bitir. Nazirl\u0259r Kabineti yan\u0131nda Operativ Q\u0259rargah\u0131n son q\u0259rar\u0131na g\u00f6r\u0259, \u00f6lk\u0259d\u0259 davam ed\u0259n karantin rejimi 1 iyuna q\u0259d\u0259r uzad\u0131lm\u0131\u015fd\u0131. N\u0259z\u0259r\u0259 alsaq ki, art\u0131q may ay\u0131n\u0131n 24-c\u00fc g\u00fcn\u00fcd\u00fcr, 3 g\u00fcnd\u0259n sonra yenid\u0259n qeyri-i\u015f g\u00fcnl\u0259ri ba\u015flayacaq. Bel\u0259 ki, 28 May Respublika g\u00fcn\u00fc, 29-30 may is\u0259 \u015f\u0259nb\u0259 v\u0259 bazar g\u00fcnl\u0259rin\u0259 d\u00fc\u015f\u00fcr.&hellip;","_links":{"self":[{"href":"https:\/\/arantv.az\/index.php?rest_route=\/wp\/v2\/posts\/340017"}],"collection":[{"href":"https:\/\/arantv.az\/index.php?rest_route=\/wp\/v2\/posts"}],"about":[{"href":"https:\/\/arantv.az\/index.php?rest_route=\/wp\/v2\/types\/post"}],"author":[{"embeddable":true,"href":"https:\/\/arantv.az\/index.php?rest_route=\/wp\/v2\/users\/2"}],"replies":[{"embeddable":true,"href":"https:\/\/arantv.az\/index.php?rest_route=%2Fwp%2Fv2%2Fcomments&post=340017"}],"version-history":[{"count":0,"href":"https:\/\/arantv.az\/index.php?rest_route=\/wp\/v2\/posts\/340017\/revisions"}],"wp:featuredmedia":[{"embeddable":true,"href":"https:\/\/arantv.az\/index.php?rest_route=\/wp\/v2\/media\/340018"}],"wp:attachment":[{"href":"https:\/\/arantv.az\/index.php?rest_route=%2Fwp%2Fv2%2Fmedia&parent=340017"}],"wp:term":[{"taxonomy":"category","embeddable":true,"href":"https:\/\/arantv.az\/index.php?rest_route=%2Fwp%2Fv2%2Fcategories&post=340017"},{"taxonomy":"post_tag","embeddable":true,"href":"https:\/\/arantv.az\/index.php?rest_route=%2Fwp%2Fv2%2Ftags&post=340017"}],"curies":[{"name":"wp","href":"https:\/\/api.w.org\/{rel}","templated":true}]}}