{"id":340020,"date":"2021-05-24T13:37:12","date_gmt":"2021-05-24T10:37:12","guid":{"rendered":"http:\/\/arantv.az\/?p=340020"},"modified":"2021-05-24T13:37:12","modified_gmt":"2021-05-24T10:37:12","slug":"isvec-krali-prezident-ilham-%c9%99liyevi-t%c9%99brik-edib","status":"publish","type":"post","link":"https:\/\/arantv.az\/?p=340020","title":{"rendered":"\u0130sve\u00e7 Kral\u0131 Prezident \u0130lham \u018fliyevi t\u0259brik edib"},"content":{"rendered":"<p><strong>\u0130sve\u00e7in Kral\u0131 XVI Karl Qustav Az\u0259rbaycan Prezidenti \u0130lham \u018fliyev\u0259 t\u0259brik m\u0259ktubu g\u00f6nd\u0259rib.<\/strong><\/p>\n<p><strong>ARANTV.AZ<\/strong> <a href=\"http:\/\/azertag.az\/\" target=\"_blank\" rel=\"noopener\">AZ\u018fRTAC<\/a>-a istinad\u0259n bildirir ki, t\u0259brikd\u0259 deyilir:<\/p>\n<p>&#8220;H\u00f6rm\u0259tli c\u0259nab Prezident. Az\u0259rbaycan\u0131n milli bayram\u0131 &#8211; Respublika G\u00fcn\u00fc m\u00fcnasib\u0259til\u0259 Zati-aliniz\u0259 \u0259n xo\u015f t\u0259brikl\u0259rimi \u00e7atd\u0131r\u0131r, Siz\u0259 m\u00f6hk\u0259m cansa\u011fl\u0131\u011f\u0131, xo\u015fb\u0259xtlik, Az\u0259rbaycan xalq\u0131na is\u0259 firavanl\u0131q arzu edir\u0259m&#8221;.<\/p>\n","protected":false},"excerpt":{"rendered":"<p>\u0130sve\u00e7in Kral\u0131 XVI Karl Qustav Az\u0259rbaycan Prezidenti \u0130lham \u018fliyev\u0259 t\u0259brik m\u0259ktubu g\u00f6nd\u0259rib. ARANTV.AZ AZ\u018fRTAC-a istinad\u0259n bildirir ki, t\u0259brikd\u0259 deyilir: &#8220;H\u00f6rm\u0259tli c\u0259nab Prezident. Az\u0259rbaycan\u0131n milli bayram\u0131 &#8211; Respublika G\u00fcn\u00fc m\u00fcnasib\u0259til\u0259 Zati-aliniz\u0259 \u0259n xo\u015f t\u0259brikl\u0259rimi \u00e7atd\u0131r\u0131r, Siz\u0259 m\u00f6hk\u0259m cansa\u011fl\u0131\u011f\u0131, xo\u015fb\u0259xtlik, Az\u0259rbaycan xalq\u0131na is\u0259 firavanl\u0131q arzu edir\u0259m&#8221;.<\/p>\n","protected":false},"author":2,"featured_media":340021,"comment_status":"closed","ping_status":"closed","sticky":false,"template":"","format":"standard","meta":{"om_disable_all_campaigns":false,"_monsterinsights_skip_tracking":false,"_monsterinsights_sitenote_active":false,"_monsterinsights_sitenote_note":"","_monsterinsights_sitenote_category":0},"categories":[4],"tags":[],"aioseo_notices":[],"gutentor_comment":0,"rttpg_featured_image_url":{"full":["https:\/\/arantv.az\/wp-content\/uploads\/2021\/05\/ilham_aliyev_2020_56.jpg",800,600,false],"landscape":["https:\/\/arantv.az\/wp-content\/uploads\/2021\/05\/ilham_aliyev_2020_56.jpg",800,600,false],"portraits":["https:\/\/arantv.az\/wp-content\/uploads\/2021\/05\/ilham_aliyev_2020_56.jpg",800,600,false],"thumbnail":["https:\/\/arantv.az\/wp-content\/uploads\/2021\/05\/ilham_aliyev_2020_56-500x280.jpg",500,280,true],"medium":["https:\/\/arantv.az\/wp-content\/uploads\/2021\/05\/ilham_aliyev_2020_56-487x365.jpg",487,365,true],"large":["https:\/\/arantv.az\/wp-content\/uploads\/2021\/05\/ilham_aliyev_2020_56.jpg",640,480,false],"1536x1536":["https:\/\/arantv.az\/wp-content\/uploads\/2021\/05\/ilham_aliyev_2020_56.jpg",800,600,false],"2048x2048":["https:\/\/arantv.az\/wp-content\/uploads\/2021\/05\/ilham_aliyev_2020_56.jpg",800,600,false],"post-thumbnail":["https:\/\/arantv.az\/wp-content\/uploads\/2021\/05\/ilham_aliyev_2020_56-240x172.jpg",240,172,true],"advps-thumb-one":["https:\/\/arantv.az\/wp-content\/uploads\/2021\/05\/ilham_aliyev_2020_56.jpg",800,600,false]},"rttpg_author":{"display_name":"V\u00fcsal Rafiqo\u011flu","author_link":"https:\/\/arantv.az\/?author=2"},"rttpg_comment":0,"rttpg_category":"<a href=\"https:\/\/arantv.az\/?cat=4\" rel=\"category\">Siyas\u0259t<\/a>","rttpg_excerpt":"\u0130sve\u00e7in Kral\u0131 XVI Karl Qustav Az\u0259rbaycan Prezidenti \u0130lham \u018fliyev\u0259 t\u0259brik m\u0259ktubu g\u00f6nd\u0259rib. ARANTV.AZ AZ\u018fRTAC-a istinad\u0259n bildirir ki, t\u0259brikd\u0259 deyilir: &#8220;H\u00f6rm\u0259tli c\u0259nab Prezident. Az\u0259rbaycan\u0131n milli bayram\u0131 &#8211; Respublika G\u00fcn\u00fc m\u00fcnasib\u0259til\u0259 Zati-aliniz\u0259 \u0259n xo\u015f t\u0259brikl\u0259rimi \u00e7atd\u0131r\u0131r, Siz\u0259 m\u00f6hk\u0259m cansa\u011fl\u0131\u011f\u0131, xo\u015fb\u0259xtlik, Az\u0259rbaycan xalq\u0131na is\u0259 firavanl\u0131q arzu edir\u0259m&#8221;.","_links":{"self":[{"href":"https:\/\/arantv.az\/index.php?rest_route=\/wp\/v2\/posts\/340020"}],"collection":[{"href":"https:\/\/arantv.az\/index.php?rest_route=\/wp\/v2\/posts"}],"about":[{"href":"https:\/\/arantv.az\/index.php?rest_route=\/wp\/v2\/types\/post"}],"author":[{"embeddable":true,"href":"https:\/\/arantv.az\/index.php?rest_route=\/wp\/v2\/users\/2"}],"replies":[{"embeddable":true,"href":"https:\/\/arantv.az\/index.php?rest_route=%2Fwp%2Fv2%2Fcomments&post=340020"}],"version-history":[{"count":0,"href":"https:\/\/arantv.az\/index.php?rest_route=\/wp\/v2\/posts\/340020\/revisions"}],"wp:featuredmedia":[{"embeddable":true,"href":"https:\/\/arantv.az\/index.php?rest_route=\/wp\/v2\/media\/340021"}],"wp:attachment":[{"href":"https:\/\/arantv.az\/index.php?rest_route=%2Fwp%2Fv2%2Fmedia&parent=340020"}],"wp:term":[{"taxonomy":"category","embeddable":true,"href":"https:\/\/arantv.az\/index.php?rest_route=%2Fwp%2Fv2%2Fcategories&post=340020"},{"taxonomy":"post_tag","embeddable":true,"href":"https:\/\/arantv.az\/index.php?rest_route=%2Fwp%2Fv2%2Ftags&post=340020"}],"curies":[{"name":"wp","href":"https:\/\/api.w.org\/{rel}","templated":true}]}}