{"id":340026,"date":"2021-05-24T13:38:44","date_gmt":"2021-05-24T10:38:44","guid":{"rendered":"http:\/\/arantv.az\/?p=340026"},"modified":"2021-05-24T13:38:44","modified_gmt":"2021-05-24T10:38:44","slug":"dunyada-indiy%c9%99d%c9%99k-koronavirusdan-v%c9%99fat-etmis-s%c9%99hiyy%c9%99-iscil%c9%99rinin-sayi-aciqlanib","status":"publish","type":"post","link":"https:\/\/arantv.az\/?p=340026","title":{"rendered":"D\u00fcnyada indiy\u0259d\u0259k koronavirusdan v\u0259fat etmi\u015f s\u0259hiyy\u0259 i\u015f\u00e7il\u0259rinin say\u0131 a\u00e7\u0131qlan\u0131b"},"content":{"rendered":"<p>Koronavirus pandemiyas\u0131 s\u0259b\u0259bind\u0259n d\u00fcnyada s\u0259hiyy\u0259 sah\u0259sind\u0259 \u00e7al\u0131\u015fan 115 min\u0259d\u0259k i\u015f\u00e7i v\u0259fat edib.<\/p>\n<p><strong>ARANTV.AZ<\/strong> APA-ya istinad\u0259n bildirir ki, bu bar\u0259d\u0259 \u00dcmumd\u00fcnya S\u0259hiyy\u0259 T\u0259\u015fkilat\u0131n\u0131n Ba\u015f direktoru Tedros Adanom Qebreyesus Cenevr\u0259d\u0259 ke\u00e7iril\u0259n 74-c\u00fc \u00dcmumd\u00fcnya S\u0259hiyy\u0259 Assambleyas\u0131nda bildirib.<\/p>\n<p>O qeyd edib ki, hesabat h\u0259l\u0259lik tam d\u0259qiql\u0259\u015fm\u0259s\u0259 d\u0259, \u0259n az\u0131 115 min s\u0259hiyy\u0259 i\u015f\u00e7isinin insanlar\u0131n sa\u011flaml\u0131\u011f\u0131n\u0131n ke\u015fiyind\u0259 durark\u0259n koronavirusdan v\u0259fat etdiyi g\u00fcman olunur.<\/p>\n","protected":false},"excerpt":{"rendered":"<p>Koronavirus pandemiyas\u0131 s\u0259b\u0259bind\u0259n d\u00fcnyada s\u0259hiyy\u0259 sah\u0259sind\u0259 \u00e7al\u0131\u015fan 115 min\u0259d\u0259k i\u015f\u00e7i v\u0259fat edib. ARANTV.AZ APA-ya istinad\u0259n bildirir ki, bu bar\u0259d\u0259 \u00dcmumd\u00fcnya S\u0259hiyy\u0259 T\u0259\u015fkilat\u0131n\u0131n Ba\u015f direktoru Tedros Adanom Qebreyesus Cenevr\u0259d\u0259 ke\u00e7iril\u0259n 74-c\u00fc \u00dcmumd\u00fcnya S\u0259hiyy\u0259 Assambleyas\u0131nda bildirib. O qeyd edib ki, hesabat h\u0259l\u0259lik tam d\u0259qiql\u0259\u015fm\u0259s\u0259 d\u0259, \u0259n az\u0131 115 min s\u0259hiyy\u0259 i\u015f\u00e7isinin insanlar\u0131n sa\u011flaml\u0131\u011f\u0131n\u0131n ke\u015fiyind\u0259 durark\u0259n koronavirusdan v\u0259fat etdiyi g\u00fcman olunur.<\/p>\n","protected":false},"author":2,"featured_media":340027,"comment_status":"closed","ping_status":"closed","sticky":false,"template":"","format":"standard","meta":{"om_disable_all_campaigns":false,"_monsterinsights_skip_tracking":false,"_monsterinsights_sitenote_active":false,"_monsterinsights_sitenote_note":"","_monsterinsights_sitenote_category":0},"categories":[7],"tags":[],"aioseo_notices":[],"gutentor_comment":0,"rttpg_featured_image_url":{"full":["https:\/\/arantv.az\/wp-content\/uploads\/2021\/05\/950770.jpg",800,600,false],"landscape":["https:\/\/arantv.az\/wp-content\/uploads\/2021\/05\/950770.jpg",800,600,false],"portraits":["https:\/\/arantv.az\/wp-content\/uploads\/2021\/05\/950770.jpg",800,600,false],"thumbnail":["https:\/\/arantv.az\/wp-content\/uploads\/2021\/05\/950770-500x280.jpg",500,280,true],"medium":["https:\/\/arantv.az\/wp-content\/uploads\/2021\/05\/950770-487x365.jpg",487,365,true],"large":["https:\/\/arantv.az\/wp-content\/uploads\/2021\/05\/950770.jpg",640,480,false],"1536x1536":["https:\/\/arantv.az\/wp-content\/uploads\/2021\/05\/950770.jpg",800,600,false],"2048x2048":["https:\/\/arantv.az\/wp-content\/uploads\/2021\/05\/950770.jpg",800,600,false],"post-thumbnail":["https:\/\/arantv.az\/wp-content\/uploads\/2021\/05\/950770-240x172.jpg",240,172,true],"advps-thumb-one":["https:\/\/arantv.az\/wp-content\/uploads\/2021\/05\/950770.jpg",800,600,false]},"rttpg_author":{"display_name":"V\u00fcsal Rafiqo\u011flu","author_link":"https:\/\/arantv.az\/?author=2"},"rttpg_comment":0,"rttpg_category":"<a href=\"https:\/\/arantv.az\/?cat=7\" rel=\"category\">D\u00fcnya<\/a>","rttpg_excerpt":"Koronavirus pandemiyas\u0131 s\u0259b\u0259bind\u0259n d\u00fcnyada s\u0259hiyy\u0259 sah\u0259sind\u0259 \u00e7al\u0131\u015fan 115 min\u0259d\u0259k i\u015f\u00e7i v\u0259fat edib. ARANTV.AZ APA-ya istinad\u0259n bildirir ki, bu bar\u0259d\u0259 \u00dcmumd\u00fcnya S\u0259hiyy\u0259 T\u0259\u015fkilat\u0131n\u0131n Ba\u015f direktoru Tedros Adanom Qebreyesus Cenevr\u0259d\u0259 ke\u00e7iril\u0259n 74-c\u00fc \u00dcmumd\u00fcnya S\u0259hiyy\u0259 Assambleyas\u0131nda bildirib. O qeyd edib ki, hesabat h\u0259l\u0259lik tam d\u0259qiql\u0259\u015fm\u0259s\u0259 d\u0259, \u0259n az\u0131 115 min s\u0259hiyy\u0259 i\u015f\u00e7isinin insanlar\u0131n sa\u011flaml\u0131\u011f\u0131n\u0131n ke\u015fiyind\u0259 durark\u0259n koronavirusdan v\u0259fat&hellip;","_links":{"self":[{"href":"https:\/\/arantv.az\/index.php?rest_route=\/wp\/v2\/posts\/340026"}],"collection":[{"href":"https:\/\/arantv.az\/index.php?rest_route=\/wp\/v2\/posts"}],"about":[{"href":"https:\/\/arantv.az\/index.php?rest_route=\/wp\/v2\/types\/post"}],"author":[{"embeddable":true,"href":"https:\/\/arantv.az\/index.php?rest_route=\/wp\/v2\/users\/2"}],"replies":[{"embeddable":true,"href":"https:\/\/arantv.az\/index.php?rest_route=%2Fwp%2Fv2%2Fcomments&post=340026"}],"version-history":[{"count":0,"href":"https:\/\/arantv.az\/index.php?rest_route=\/wp\/v2\/posts\/340026\/revisions"}],"wp:featuredmedia":[{"embeddable":true,"href":"https:\/\/arantv.az\/index.php?rest_route=\/wp\/v2\/media\/340027"}],"wp:attachment":[{"href":"https:\/\/arantv.az\/index.php?rest_route=%2Fwp%2Fv2%2Fmedia&parent=340026"}],"wp:term":[{"taxonomy":"category","embeddable":true,"href":"https:\/\/arantv.az\/index.php?rest_route=%2Fwp%2Fv2%2Fcategories&post=340026"},{"taxonomy":"post_tag","embeddable":true,"href":"https:\/\/arantv.az\/index.php?rest_route=%2Fwp%2Fv2%2Ftags&post=340026"}],"curies":[{"name":"wp","href":"https:\/\/api.w.org\/{rel}","templated":true}]}}